{"id":2301,"date":"2026-09-03T11:02:51","date_gmt":"2026-09-03T11:02:51","guid":{"rendered":"https:\/\/www.encontravitoria.com.br\/sobre\/mais-de-300-veiculos-foram-abordados-em-blitze-pela-guarda-de-vitoria-neste-fim-de-semana\/"},"modified":"2026-09-03T11:02:51","modified_gmt":"2026-09-03T11:02:51","slug":"mais-de-300-veiculos-foram-abordados-em-blitze-pela-guarda-de-vitoria-neste-fim-de-semana","status":"publish","type":"post","link":"https:\/\/www.encontravitoria.com.br\/sobre\/mais-de-300-veiculos-foram-abordados-em-blitze-pela-guarda-de-vitoria-neste-fim-de-semana\/","title":{"rendered":"Mais de 300 ve\u00edculos foram abordados em blitze pela Guarda de Vit\u00f3ria neste fim de semana"},"content":{"rendered":"<div class=\"23ed37709e053b55400ee1990aeffe41\" data-index=\"1\" style=\"float: none; margin:0px;\">\n<!-- Anuncio display - global -->\r\n<ins class=\"adsbygoogle\"\r\n     style=\"display:block\"\r\n     data-ad-client=\"ca-pub-8585364105181520\"\r\n     data-ad-slot=\"8789329856\"\r\n     data-ad-format=\"auto\"\r\n     data-full-width-responsive=\"true\"><\/ins>\r\n<script>\r\n     (adsbygoogle = window.adsbygoogle || []).push({});\r\n<\/script>\n<\/div>\n<h2>O que s\u00e3o as blitze e como funcionam?<\/h2>\n<p>As blitze realizadas pela Guarda Civil Municipal de Vit\u00f3ria (GCMV) t\u00eam como objetivo principal garantir a seguran\u00e7a no tr\u00e2nsito e coibir irregularidades. Esses bloqueios s\u00e3o programados e executados em pontos estrat\u00e9gicos da cidade, permitindo uma abordagem intensa sobre ve\u00edculos e condutores, sendo uma ferramenta essencial na fiscaliza\u00e7\u00e3o de leis de tr\u00e2nsito. Durante essas opera\u00e7\u00f5es, os agentes verificam as condi\u00e7\u00f5es dos ve\u00edculos, a documenta\u00e7\u00e3o dos condutores e realizam testes de alcoolemia, utilizando abordagens sistem\u00e1ticas para deter pr\u00e1ticas ilegais e perigosas.<\/p>\n<h2>Resultados das blitze: n\u00fameros que impressionam!<\/h2>\n<p>No \u00faltimo fim de semana, por exemplo, as blitze resultaram na abordagem de 334 ve\u00edculos, o que demonstra a efic\u00e1cia e o alcance das a\u00e7\u00f5es da Guarda. Dessas abordagens, foram registradas 66 infra\u00e7\u00f5es, o que indica que h\u00e1 um n\u00famero significativo de condutores que desrespeitam as leis de tr\u00e2nsito. Al\u00e9m disso, 10 ve\u00edculos foram removidos por irregularidades, enquanto 15 pessoas se recusaram a fazer o teste do baf\u00f4metro, evidenciando a necessidade de um trabalho cont\u00ednuo nesse sentido. Esses n\u00fameros n\u00e3o apenas revelam a incid\u00eancia de infra\u00e7\u00f5es, mas tamb\u00e9m enfatizam a import\u00e2ncia das blitze no fortalecimento da seguran\u00e7a vi\u00e1ria.<\/p>\n<h2>Motivos para a intensifica\u00e7\u00e3o das opera\u00e7\u00f5es de blitz<\/h2>\n<p>A intensifica\u00e7\u00e3o das blitze \u00e9 fundamentada em v\u00e1rios fatores cr\u00edticos. Primeiramente, a necessidade de manter a ordem nas ruas e garantir que todos respeitem as leis de tr\u00e2nsito \u00e9 vital para a seguran\u00e7a de todos os cidad\u00e3os. Al\u00e9m disso, essas opera\u00e7\u00f5es visam reduzir o n\u00famero de acidentes, muitos dos quais s\u00e3o causados por motoristas dirigindo sob efeito de \u00e1lcool ou em ve\u00edculos irregulares. As blitze tamb\u00e9m funcionam como um desest\u00edmulo para comportamentos imprudentes, pois a presen\u00e7a vis\u00edvel da Guarda desencoraja a pr\u00e1tica de infra\u00e7\u00f5es.<\/p>\n<p><img decoding=\"async\" src=\"https:\/\/www.encontravitoria.com.br\/sobre\/wp-content\/uploads\/2026\/09\/mais-de-300-veiculos-foram-abordados-em-blitze-pela-guarda-de-vitoria-neste-fim-de-semana.webp\" alt=\"blitze da Guarda de Vit\u00f3ria\" loading=\"lazy\" \/><\/p>\n<h2>Estrat\u00e9gias da Guarda de Vit\u00f3ria no combate ao tr\u00e1fico<\/h2>\n<p>O combate ao tr\u00e1fico de drogas tamb\u00e9m est\u00e1 inserido nas estrat\u00e9gias das blitze. As abordagens realizadas n\u00e3o se limitam apenas ao cumprimento das leis de tr\u00e2nsito; elas integram a\u00e7\u00f5es de seguran\u00e7a p\u00fablica mais amplas, facilitando a identifica\u00e7\u00e3o de atividades il\u00edcitas nas vias da cidade. A atua\u00e7\u00e3o da Guarda \u00e9 exemplo de uma abordagem abrangente, buscando uma cidade mais segura para todos os cidad\u00e3os. Durante as opera\u00e7\u00f5es recentes, foi registrada a deten\u00e7\u00e3o de um indiv\u00edduo por tr\u00e1fico de drogas, sublinhando a efetividade da Guarda em identificar e abordar diversas quest\u00f5es da seguran\u00e7a p\u00fablica.<\/p>\n<h2>Infra\u00e7\u00f5es comuns detectadas nas blitze<\/h2>\n<p>As blitze t\u00eam revelado um leque de infra\u00e7\u00f5es comuns cometidas pelos motoristas. As mais frequentes incluem: <\/p>\n<ul>\n<li><strong>Falta de Licenciamento:<\/strong> Ve\u00edculos que n\u00e3o possuem a regulariza\u00e7\u00e3o necess\u00e1ria s\u00e3o frequentemente parados.<\/li>\n<li><strong>Condu\u00e7\u00e3o Sob Efeito de \u00c1lcool:<\/strong> Condutores que se negam a realizar o teste do baf\u00f4metro ou que apresentam sinais de embriaguez.<\/li>\n<li><strong>Uso de Documentos Irregulares:<\/strong> Isso inclui a condu\u00e7\u00e3o sem CNH v\u00e1lida ou com documentos falsificados.<\/li>\n<li><strong>Ve\u00edculos com IPVA em Atraso:<\/strong> A regulariza\u00e7\u00e3o das taxas \u00e9 monitorada durante as abordagens.<\/li>\n<\/ul>\n<p>Essas infra\u00e7\u00f5es n\u00e3o apenas colocam em risco a seguran\u00e7a dos motoristas e pedestres, mas tamb\u00e9m aumentam a vulnerabilidade das vias. A const\u00e2ncia e a intensidade das blitze permitem uma opera\u00e7\u00e3o mais eficiente na detec\u00e7\u00e3o e controle desses comportamentos.<\/p>\n<h2>A import\u00e2ncia do teste do baf\u00f4metro<\/h2>\n<p>O teste do baf\u00f4metro se tornou um componente crucial nas blitze. Ele \u00e9 uma medida que ajuda a identificar motoristas que est\u00e3o dirigindo sob influ\u00eancia de \u00e1lcool, uma pr\u00e1tica que resulta em in\u00fameros acidentes de tr\u00e2nsito. A recusa em fazer o teste \u00e9 um indicativo de que o condutor pode estar consciente da infra\u00e7\u00e3o. As consequ\u00eancias n\u00e3o se limitam apenas a multas; a recusa pode levar \u00e0 apreens\u00e3o da carteira de habilita\u00e7\u00e3o e ao encaminhamento para outras actiones legais.<\/p>\n<h2>Resultados das blitze: impactando a seguran\u00e7a da cidade<\/h2>\n<p>Os impactos das blitze na seguran\u00e7a da cidade s\u00e3o significativos. Com uma redu\u00e7\u00e3o de 30% nas mortes no tr\u00e2nsito em 2025, os resultados demonstram que as a\u00e7\u00f5es est\u00e3o come\u00e7ando a refletir a seguran\u00e7a vi\u00e1ria. Os dados mostram que a presen\u00e7a frequente da Guarda Civil nos principais pontos da cidade atua como um forte dissuasor para comportamentos de risco.<\/p>\n<h2>O papel da popula\u00e7\u00e3o nas opera\u00e7\u00f5es de blitz<\/h2>\n<p>A participa\u00e7\u00e3o da popula\u00e7\u00e3o \u00e9 elemento-chave no sucesso das opera\u00e7\u00f5es de blitz. A conscientiza\u00e7\u00e3o sobre a import\u00e2ncia do cumprimento das leis de tr\u00e2nsito e a colabora\u00e7\u00e3o com as autoridades s\u00e3o essenciais para construir um ambiente mais seguro. A popula\u00e7\u00e3o pode auxiliar denunciando comportamentos suspeitos e apoiando as a\u00e7\u00f5es de fiscaliza\u00e7\u00e3o. Essa intera\u00e7\u00e3o entre cidad\u00e3os e autoridades cria um c\u00edrculo virtuoso de seguran\u00e7a e respeito \u00e0s normas.<\/p>\n<h2>Futuro das blitze na cidade de Vit\u00f3ria<\/h2>\n<p>O futuro das blitze em Vit\u00f3ria parece promissor, com a inten\u00e7\u00e3o de intensificar as a\u00e7\u00f5es e expandir a educa\u00e7\u00e3o no tr\u00e2nsito. A Guarda est\u00e1 comprometida em n\u00e3o apenas multar condutores irregulares, mas tamb\u00e9m educar sobre a import\u00e2ncia do cumprimento das leis para a seguran\u00e7a de todos. Novas estrat\u00e9gias e abordagens para se adaptar \u00e0s necessidades da comunidade s\u00e3o constantemente avaliadas, garantindo que as blitze permane\u00e7am como ferramenta fundamental na promo\u00e7\u00e3o da seguran\u00e7a p\u00fablica.<\/p>\n<h2>Como a popula\u00e7\u00e3o pode colaborar com a seguran\u00e7a no tr\u00e2nsito<\/h2>\n<p>Para colaborar com a seguran\u00e7a no tr\u00e2nsito, a popula\u00e7\u00e3o pode seguir algumas orienta\u00e7\u00f5es simples: <\/p>\n<ul>\n<li><strong>Educa\u00e7\u00e3o e Conscientiza\u00e7\u00e3o:<\/strong> Participar de palestras e eventos educativos sobre seguran\u00e7a no tr\u00e2nsito.<\/li>\n<li><strong>Denunciar Irregularidades:<\/strong> Informar \u00e0s autoridades sobre condutores ou ve\u00edculos suspeitos.<\/li>\n<li><strong>Respeito \u00e0s Leis:<\/strong> Cumprir as normas de tr\u00e2nsito, como limites de velocidade e uso do cinto de seguran\u00e7a.<\/li>\n<li><strong>Participa\u00e7\u00e3o Ativa:<\/strong> Envolver-se em iniciativas comunit\u00e1rias que promovam a seguran\u00e7a nas vias p\u00fablicas.<\/li>\n<\/ul>\n<p>As a\u00e7\u00f5es da Guarda Civil Municipal de Vit\u00f3ria, em conjunto com a colabora\u00e7\u00e3o da popula\u00e7\u00e3o, s\u00e3o essenciais para alcan\u00e7ar um tr\u00e2nsito mais seguro e respons\u00e1vel.<\/p>\n\n<div style=\"font-size: 0px; height: 0px; line-height: 0px; margin: 0; padding: 0; clear: both;\"><\/div>","protected":false},"excerpt":{"rendered":"<p>Blitze da Guarda de Vit\u00f3ria abordam mais de 300 ve\u00edculos em um \u00fanico fim de semana.<\/p>\n","protected":false},"author":1,"featured_media":2300,"comment_status":"open","ping_status":"closed","sticky":false,"template":"","format":"standard","meta":{"footnotes":""},"categories":[23],"tags":[],"class_list":["post-2301","post","type-post","status-publish","format-standard","has-post-thumbnail","hentry","category-veiculos-em-vitoria","has_thumb"],"yoast_head":"<!-- This site is optimized with the Yoast SEO plugin v28.2 - https:\/\/yoast.com\/product\/yoast-seo-wordpress\/ -->\n<title>Mais de 300 ve\u00edculos foram abordados em blitze pela Guarda de Vit\u00f3ria neste fim de semana - Encontra Vit\u00f3ria<\/title>\n<meta name=\"robots\" content=\"index, follow, max-snippet:-1, max-image-preview:large, max-video-preview:-1\" \/>\n<link rel=\"canonical\" href=\"https:\/\/www.encontravitoria.com.br\/sobre\/mais-de-300-veiculos-foram-abordados-em-blitze-pela-guarda-de-vitoria-neste-fim-de-semana\/\" \/>\n<meta property=\"og:locale\" content=\"pt_BR\" \/>\n<meta property=\"og:type\" content=\"article\" \/>\n<meta property=\"og:title\" content=\"Mais de 300 ve\u00edculos foram abordados em blitze pela Guarda de Vit\u00f3ria neste fim de semana - Encontra Vit\u00f3ria\" \/>\n<meta property=\"og:description\" content=\"Blitze da Guarda de Vit\u00f3ria abordam mais de 300 ve\u00edculos em um \u00fanico fim de semana.\" \/>\n<meta property=\"og:url\" content=\"https:\/\/www.encontravitoria.com.br\/sobre\/mais-de-300-veiculos-foram-abordados-em-blitze-pela-guarda-de-vitoria-neste-fim-de-semana\/\" \/>\n<meta property=\"og:site_name\" content=\"Encontra Vit\u00f3ria\" \/>\n<meta property=\"article:published_time\" content=\"2026-09-03T11:02:51+00:00\" \/>\n<meta property=\"og:image\" content=\"https:\/\/www.encontravitoria.com.br\/sobre\/wp-content\/uploads\/2026\/09\/mais-de-300-veiculos-foram-abordados-em-blitze-pela-guarda-de-vitoria-neste-fim-de-semana.webp\" \/>\n<meta name=\"author\" content=\"Encontra Vit\u00f3ria\" \/>\n<meta name=\"twitter:card\" content=\"summary_large_image\" \/>\n<meta name=\"twitter:label1\" content=\"Escrito por\" \/>\n\t<meta name=\"twitter:data1\" content=\"Encontra Vit\u00f3ria\" \/>\n\t<meta name=\"twitter:label2\" content=\"Est. tempo de leitura\" \/>\n\t<meta name=\"twitter:data2\" content=\"5 minutos\" \/>\n<script type=\"application\/ld+json\" class=\"yoast-schema-graph\">{\"@context\":\"https:\\\/\\\/schema.org\",\"@graph\":[{\"@type\":\"Article\",\"@id\":\"https:\\\/\\\/www.encontravitoria.com.br\\\/sobre\\\/mais-de-300-veiculos-foram-abordados-em-blitze-pela-guarda-de-vitoria-neste-fim-de-semana\\\/#article\",\"isPartOf\":{\"@id\":\"https:\\\/\\\/www.encontravitoria.com.br\\\/sobre\\\/mais-de-300-veiculos-foram-abordados-em-blitze-pela-guarda-de-vitoria-neste-fim-de-semana\\\/\"},\"author\":{\"name\":\"Encontra Vit\u00f3ria\",\"@id\":\"https:\\\/\\\/www.encontravitoria.com.br\\\/sobre\\\/#\\\/schema\\\/person\\\/0f8e5bcc88fbadf1bad57afd504f48a2\"},\"headline\":\"Mais de 300 ve\u00edculos foram abordados em blitze pela Guarda de Vit\u00f3ria neste fim de semana\",\"datePublished\":\"2026-09-03T11:02:51+00:00\",\"mainEntityOfPage\":{\"@id\":\"https:\\\/\\\/www.encontravitoria.com.br\\\/sobre\\\/mais-de-300-veiculos-foram-abordados-em-blitze-pela-guarda-de-vitoria-neste-fim-de-semana\\\/\"},\"wordCount\":1097,\"commentCount\":0,\"image\":{\"@id\":\"https:\\\/\\\/www.encontravitoria.com.br\\\/sobre\\\/mais-de-300-veiculos-foram-abordados-em-blitze-pela-guarda-de-vitoria-neste-fim-de-semana\\\/#primaryimage\"},\"thumbnailUrl\":\"https:\\\/\\\/www.encontravitoria.com.br\\\/sobre\\\/wp-content\\\/uploads\\\/2026\\\/09\\\/mais-de-300-veiculos-foram-abordados-em-blitze-pela-guarda-de-vitoria-neste-fim-de-semana.webp\",\"articleSection\":[\"Ve\u00edculos Vit\u00f3ria\"],\"inLanguage\":\"pt-BR\",\"potentialAction\":[{\"@type\":\"CommentAction\",\"name\":\"Comment\",\"target\":[\"https:\\\/\\\/www.encontravitoria.com.br\\\/sobre\\\/mais-de-300-veiculos-foram-abordados-em-blitze-pela-guarda-de-vitoria-neste-fim-de-semana\\\/#respond\"]}]},{\"@type\":\"WebPage\",\"@id\":\"https:\\\/\\\/www.encontravitoria.com.br\\\/sobre\\\/mais-de-300-veiculos-foram-abordados-em-blitze-pela-guarda-de-vitoria-neste-fim-de-semana\\\/\",\"url\":\"https:\\\/\\\/www.encontravitoria.com.br\\\/sobre\\\/mais-de-300-veiculos-foram-abordados-em-blitze-pela-guarda-de-vitoria-neste-fim-de-semana\\\/\",\"name\":\"Mais de 300 ve\u00edculos foram abordados em blitze pela Guarda de Vit\u00f3ria neste fim de semana - Encontra Vit\u00f3ria\",\"isPartOf\":{\"@id\":\"https:\\\/\\\/www.encontravitoria.com.br\\\/sobre\\\/#website\"},\"primaryImageOfPage\":{\"@id\":\"https:\\\/\\\/www.encontravitoria.com.br\\\/sobre\\\/mais-de-300-veiculos-foram-abordados-em-blitze-pela-guarda-de-vitoria-neste-fim-de-semana\\\/#primaryimage\"},\"image\":{\"@id\":\"https:\\\/\\\/www.encontravitoria.com.br\\\/sobre\\\/mais-de-300-veiculos-foram-abordados-em-blitze-pela-guarda-de-vitoria-neste-fim-de-semana\\\/#primaryimage\"},\"thumbnailUrl\":\"https:\\\/\\\/www.encontravitoria.com.br\\\/sobre\\\/wp-content\\\/uploads\\\/2026\\\/09\\\/mais-de-300-veiculos-foram-abordados-em-blitze-pela-guarda-de-vitoria-neste-fim-de-semana.webp\",\"datePublished\":\"2026-09-03T11:02:51+00:00\",\"author\":{\"@id\":\"https:\\\/\\\/www.encontravitoria.com.br\\\/sobre\\\/#\\\/schema\\\/person\\\/0f8e5bcc88fbadf1bad57afd504f48a2\"},\"breadcrumb\":{\"@id\":\"https:\\\/\\\/www.encontravitoria.com.br\\\/sobre\\\/mais-de-300-veiculos-foram-abordados-em-blitze-pela-guarda-de-vitoria-neste-fim-de-semana\\\/#breadcrumb\"},\"inLanguage\":\"pt-BR\",\"potentialAction\":[{\"@type\":\"ReadAction\",\"target\":[\"https:\\\/\\\/www.encontravitoria.com.br\\\/sobre\\\/mais-de-300-veiculos-foram-abordados-em-blitze-pela-guarda-de-vitoria-neste-fim-de-semana\\\/\"]}]},{\"@type\":\"ImageObject\",\"inLanguage\":\"pt-BR\",\"@id\":\"https:\\\/\\\/www.encontravitoria.com.br\\\/sobre\\\/mais-de-300-veiculos-foram-abordados-em-blitze-pela-guarda-de-vitoria-neste-fim-de-semana\\\/#primaryimage\",\"url\":\"https:\\\/\\\/www.encontravitoria.com.br\\\/sobre\\\/wp-content\\\/uploads\\\/2026\\\/09\\\/mais-de-300-veiculos-foram-abordados-em-blitze-pela-guarda-de-vitoria-neste-fim-de-semana.webp\",\"contentUrl\":\"https:\\\/\\\/www.encontravitoria.com.br\\\/sobre\\\/wp-content\\\/uploads\\\/2026\\\/09\\\/mais-de-300-veiculos-foram-abordados-em-blitze-pela-guarda-de-vitoria-neste-fim-de-semana.webp\",\"width\":280,\"height\":280,\"caption\":\"blitze da Guarda de Vit\u00f3ria\"},{\"@type\":\"BreadcrumbList\",\"@id\":\"https:\\\/\\\/www.encontravitoria.com.br\\\/sobre\\\/mais-de-300-veiculos-foram-abordados-em-blitze-pela-guarda-de-vitoria-neste-fim-de-semana\\\/#breadcrumb\",\"itemListElement\":[{\"@type\":\"ListItem\",\"position\":1,\"name\":\"In\u00edcio\",\"item\":\"https:\\\/\\\/www.encontravitoria.com.br\\\/sobre\\\/\"},{\"@type\":\"ListItem\",\"position\":2,\"name\":\"Mais de 300 ve\u00edculos foram abordados em blitze pela Guarda de Vit\u00f3ria neste fim de semana\"}]},{\"@type\":\"WebSite\",\"@id\":\"https:\\\/\\\/www.encontravitoria.com.br\\\/sobre\\\/#website\",\"url\":\"https:\\\/\\\/www.encontravitoria.com.br\\\/sobre\\\/\",\"name\":\"Encontra Vit\u00f3ria\",\"description\":\"Not\u00edcias, eventos, informa\u00e7\u00f5es e dicas na cidade Vit\u00f3ria e regi\u00e3o.\",\"potentialAction\":[{\"@type\":\"SearchAction\",\"target\":{\"@type\":\"EntryPoint\",\"urlTemplate\":\"https:\\\/\\\/www.encontravitoria.com.br\\\/sobre\\\/?s={search_term_string}\"},\"query-input\":{\"@type\":\"PropertyValueSpecification\",\"valueRequired\":true,\"valueName\":\"search_term_string\"}}],\"inLanguage\":\"pt-BR\"},{\"@type\":\"Person\",\"@id\":\"https:\\\/\\\/www.encontravitoria.com.br\\\/sobre\\\/#\\\/schema\\\/person\\\/0f8e5bcc88fbadf1bad57afd504f48a2\",\"name\":\"Encontra Vit\u00f3ria\",\"image\":{\"@type\":\"ImageObject\",\"inLanguage\":\"pt-BR\",\"@id\":\"https:\\\/\\\/secure.gravatar.com\\\/avatar\\\/507340682b8270222e1f208e23198b6ae7e2c6a1033ae84e99bc6bce4f82a387?s=96&d=mm&r=g\",\"url\":\"https:\\\/\\\/secure.gravatar.com\\\/avatar\\\/507340682b8270222e1f208e23198b6ae7e2c6a1033ae84e99bc6bce4f82a387?s=96&d=mm&r=g\",\"contentUrl\":\"https:\\\/\\\/secure.gravatar.com\\\/avatar\\\/507340682b8270222e1f208e23198b6ae7e2c6a1033ae84e99bc6bce4f82a387?s=96&d=mm&r=g\",\"caption\":\"Encontra Vit\u00f3ria\"},\"sameAs\":[\"http:\\\/\\\/www.encontravitoria.com.br\"],\"url\":\"https:\\\/\\\/www.encontravitoria.com.br\\\/sobre\\\/author\\\/evitoria\\\/\"}]}<\/script>\n<!-- \/ Yoast SEO plugin. -->","yoast_head_json":{"title":"Mais de 300 ve\u00edculos foram abordados em blitze pela Guarda de Vit\u00f3ria neste fim de semana - Encontra Vit\u00f3ria","robots":{"index":"index","follow":"follow","max-snippet":"max-snippet:-1","max-image-preview":"max-image-preview:large","max-video-preview":"max-video-preview:-1"},"canonical":"https:\/\/www.encontravitoria.com.br\/sobre\/mais-de-300-veiculos-foram-abordados-em-blitze-pela-guarda-de-vitoria-neste-fim-de-semana\/","og_locale":"pt_BR","og_type":"article","og_title":"Mais de 300 ve\u00edculos foram abordados em blitze pela Guarda de Vit\u00f3ria neste fim de semana - Encontra Vit\u00f3ria","og_description":"Blitze da Guarda de Vit\u00f3ria abordam mais de 300 ve\u00edculos em um \u00fanico fim de semana.","og_url":"https:\/\/www.encontravitoria.com.br\/sobre\/mais-de-300-veiculos-foram-abordados-em-blitze-pela-guarda-de-vitoria-neste-fim-de-semana\/","og_site_name":"Encontra Vit\u00f3ria","article_published_time":"2026-09-03T11:02:51+00:00","og_image":[{"url":"https:\/\/www.encontravitoria.com.br\/sobre\/wp-content\/uploads\/2026\/09\/mais-de-300-veiculos-foram-abordados-em-blitze-pela-guarda-de-vitoria-neste-fim-de-semana.webp","type":"","width":"","height":""}],"author":"Encontra Vit\u00f3ria","twitter_card":"summary_large_image","twitter_misc":{"Escrito por":"Encontra Vit\u00f3ria","Est. tempo de leitura":"5 minutos"},"schema":{"@context":"https:\/\/schema.org","@graph":[{"@type":"Article","@id":"https:\/\/www.encontravitoria.com.br\/sobre\/mais-de-300-veiculos-foram-abordados-em-blitze-pela-guarda-de-vitoria-neste-fim-de-semana\/#article","isPartOf":{"@id":"https:\/\/www.encontravitoria.com.br\/sobre\/mais-de-300-veiculos-foram-abordados-em-blitze-pela-guarda-de-vitoria-neste-fim-de-semana\/"},"author":{"name":"Encontra Vit\u00f3ria","@id":"https:\/\/www.encontravitoria.com.br\/sobre\/#\/schema\/person\/0f8e5bcc88fbadf1bad57afd504f48a2"},"headline":"Mais de 300 ve\u00edculos foram abordados em blitze pela Guarda de Vit\u00f3ria neste fim de semana","datePublished":"2026-09-03T11:02:51+00:00","mainEntityOfPage":{"@id":"https:\/\/www.encontravitoria.com.br\/sobre\/mais-de-300-veiculos-foram-abordados-em-blitze-pela-guarda-de-vitoria-neste-fim-de-semana\/"},"wordCount":1097,"commentCount":0,"image":{"@id":"https:\/\/www.encontravitoria.com.br\/sobre\/mais-de-300-veiculos-foram-abordados-em-blitze-pela-guarda-de-vitoria-neste-fim-de-semana\/#primaryimage"},"thumbnailUrl":"https:\/\/www.encontravitoria.com.br\/sobre\/wp-content\/uploads\/2026\/09\/mais-de-300-veiculos-foram-abordados-em-blitze-pela-guarda-de-vitoria-neste-fim-de-semana.webp","articleSection":["Ve\u00edculos Vit\u00f3ria"],"inLanguage":"pt-BR","potentialAction":[{"@type":"CommentAction","name":"Comment","target":["https:\/\/www.encontravitoria.com.br\/sobre\/mais-de-300-veiculos-foram-abordados-em-blitze-pela-guarda-de-vitoria-neste-fim-de-semana\/#respond"]}]},{"@type":"WebPage","@id":"https:\/\/www.encontravitoria.com.br\/sobre\/mais-de-300-veiculos-foram-abordados-em-blitze-pela-guarda-de-vitoria-neste-fim-de-semana\/","url":"https:\/\/www.encontravitoria.com.br\/sobre\/mais-de-300-veiculos-foram-abordados-em-blitze-pela-guarda-de-vitoria-neste-fim-de-semana\/","name":"Mais de 300 ve\u00edculos foram abordados em blitze pela Guarda de Vit\u00f3ria neste fim de semana - Encontra Vit\u00f3ria","isPartOf":{"@id":"https:\/\/www.encontravitoria.com.br\/sobre\/#website"},"primaryImageOfPage":{"@id":"https:\/\/www.encontravitoria.com.br\/sobre\/mais-de-300-veiculos-foram-abordados-em-blitze-pela-guarda-de-vitoria-neste-fim-de-semana\/#primaryimage"},"image":{"@id":"https:\/\/www.encontravitoria.com.br\/sobre\/mais-de-300-veiculos-foram-abordados-em-blitze-pela-guarda-de-vitoria-neste-fim-de-semana\/#primaryimage"},"thumbnailUrl":"https:\/\/www.encontravitoria.com.br\/sobre\/wp-content\/uploads\/2026\/09\/mais-de-300-veiculos-foram-abordados-em-blitze-pela-guarda-de-vitoria-neste-fim-de-semana.webp","datePublished":"2026-09-03T11:02:51+00:00","author":{"@id":"https:\/\/www.encontravitoria.com.br\/sobre\/#\/schema\/person\/0f8e5bcc88fbadf1bad57afd504f48a2"},"breadcrumb":{"@id":"https:\/\/www.encontravitoria.com.br\/sobre\/mais-de-300-veiculos-foram-abordados-em-blitze-pela-guarda-de-vitoria-neste-fim-de-semana\/#breadcrumb"},"inLanguage":"pt-BR","potentialAction":[{"@type":"ReadAction","target":["https:\/\/www.encontravitoria.com.br\/sobre\/mais-de-300-veiculos-foram-abordados-em-blitze-pela-guarda-de-vitoria-neste-fim-de-semana\/"]}]},{"@type":"ImageObject","inLanguage":"pt-BR","@id":"https:\/\/www.encontravitoria.com.br\/sobre\/mais-de-300-veiculos-foram-abordados-em-blitze-pela-guarda-de-vitoria-neste-fim-de-semana\/#primaryimage","url":"https:\/\/www.encontravitoria.com.br\/sobre\/wp-content\/uploads\/2026\/09\/mais-de-300-veiculos-foram-abordados-em-blitze-pela-guarda-de-vitoria-neste-fim-de-semana.webp","contentUrl":"https:\/\/www.encontravitoria.com.br\/sobre\/wp-content\/uploads\/2026\/09\/mais-de-300-veiculos-foram-abordados-em-blitze-pela-guarda-de-vitoria-neste-fim-de-semana.webp","width":280,"height":280,"caption":"blitze da Guarda de Vit\u00f3ria"},{"@type":"BreadcrumbList","@id":"https:\/\/www.encontravitoria.com.br\/sobre\/mais-de-300-veiculos-foram-abordados-em-blitze-pela-guarda-de-vitoria-neste-fim-de-semana\/#breadcrumb","itemListElement":[{"@type":"ListItem","position":1,"name":"In\u00edcio","item":"https:\/\/www.encontravitoria.com.br\/sobre\/"},{"@type":"ListItem","position":2,"name":"Mais de 300 ve\u00edculos foram abordados em blitze pela Guarda de Vit\u00f3ria neste fim de semana"}]},{"@type":"WebSite","@id":"https:\/\/www.encontravitoria.com.br\/sobre\/#website","url":"https:\/\/www.encontravitoria.com.br\/sobre\/","name":"Encontra Vit\u00f3ria","description":"Not\u00edcias, eventos, informa\u00e7\u00f5es e dicas na cidade Vit\u00f3ria e regi\u00e3o.","potentialAction":[{"@type":"SearchAction","target":{"@type":"EntryPoint","urlTemplate":"https:\/\/www.encontravitoria.com.br\/sobre\/?s={search_term_string}"},"query-input":{"@type":"PropertyValueSpecification","valueRequired":true,"valueName":"search_term_string"}}],"inLanguage":"pt-BR"},{"@type":"Person","@id":"https:\/\/www.encontravitoria.com.br\/sobre\/#\/schema\/person\/0f8e5bcc88fbadf1bad57afd504f48a2","name":"Encontra Vit\u00f3ria","image":{"@type":"ImageObject","inLanguage":"pt-BR","@id":"https:\/\/secure.gravatar.com\/avatar\/507340682b8270222e1f208e23198b6ae7e2c6a1033ae84e99bc6bce4f82a387?s=96&d=mm&r=g","url":"https:\/\/secure.gravatar.com\/avatar\/507340682b8270222e1f208e23198b6ae7e2c6a1033ae84e99bc6bce4f82a387?s=96&d=mm&r=g","contentUrl":"https:\/\/secure.gravatar.com\/avatar\/507340682b8270222e1f208e23198b6ae7e2c6a1033ae84e99bc6bce4f82a387?s=96&d=mm&r=g","caption":"Encontra Vit\u00f3ria"},"sameAs":["http:\/\/www.encontravitoria.com.br"],"url":"https:\/\/www.encontravitoria.com.br\/sobre\/author\/evitoria\/"}]}},"_links":{"self":[{"href":"https:\/\/www.encontravitoria.com.br\/sobre\/wp-json\/wp\/v2\/posts\/2301","targetHints":{"allow":["GET"]}}],"collection":[{"href":"https:\/\/www.encontravitoria.com.br\/sobre\/wp-json\/wp\/v2\/posts"}],"about":[{"href":"https:\/\/www.encontravitoria.com.br\/sobre\/wp-json\/wp\/v2\/types\/post"}],"author":[{"embeddable":true,"href":"https:\/\/www.encontravitoria.com.br\/sobre\/wp-json\/wp\/v2\/users\/1"}],"replies":[{"embeddable":true,"href":"https:\/\/www.encontravitoria.com.br\/sobre\/wp-json\/wp\/v2\/comments?post=2301"}],"version-history":[{"count":0,"href":"https:\/\/www.encontravitoria.com.br\/sobre\/wp-json\/wp\/v2\/posts\/2301\/revisions"}],"wp:featuredmedia":[{"embeddable":true,"href":"https:\/\/www.encontravitoria.com.br\/sobre\/wp-json\/wp\/v2\/media\/2300"}],"wp:attachment":[{"href":"https:\/\/www.encontravitoria.com.br\/sobre\/wp-json\/wp\/v2\/media?parent=2301"}],"wp:term":[{"taxonomy":"category","embeddable":true,"href":"https:\/\/www.encontravitoria.com.br\/sobre\/wp-json\/wp\/v2\/categories?post=2301"},{"taxonomy":"post_tag","embeddable":true,"href":"https:\/\/www.encontravitoria.com.br\/sobre\/wp-json\/wp\/v2\/tags?post=2301"}],"curies":[{"name":"wp","href":"https:\/\/api.w.org\/{rel}","templated":true}]}}