{"id":2303,"date":"2026-09-03T11:03:48","date_gmt":"2026-09-03T11:03:48","guid":{"rendered":"https:\/\/www.encontravitoria.com.br\/sobre\/vitoria-e-tre\/"},"modified":"2026-09-03T11:03:48","modified_gmt":"2026-09-03T11:03:48","slug":"vitoria-e-tre","status":"publish","type":"post","link":"https:\/\/www.encontravitoria.com.br\/sobre\/vitoria-e-tre\/","title":{"rendered":"Vit\u00f3ria e TRE"},"content":{"rendered":"<div class=\"23ed37709e053b55400ee1990aeffe41\" data-index=\"1\" style=\"float: none; margin:0px;\">\n<!-- Anuncio display - global -->\r\n<ins class=\"adsbygoogle\"\r\n     style=\"display:block\"\r\n     data-ad-client=\"ca-pub-8585364105181520\"\r\n     data-ad-slot=\"8789329856\"\r\n     data-ad-format=\"auto\"\r\n     data-full-width-responsive=\"true\"><\/ins>\r\n<script>\r\n     (adsbygoogle = window.adsbygoogle || []).push({});\r\n<\/script>\n<\/div>\n<h2>A import\u00e2ncia do transporte inclusivo nas elei\u00e7\u00f5es<\/h2>\n<p>Proporcionar acesso adequado aos locais de vota\u00e7\u00e3o \u00e9 um passo crucial para garantir que todos os cidad\u00e3os exer\u00e7am seu direito de voto, especialmente aqueles com defici\u00eancia ou mobilidade reduzida. O transporte inclusivo, ao mobilizar esses eleitores, n\u00e3o apenas assegura a participa\u00e7\u00e3o deles no processo democr\u00e1tico, mas tamb\u00e9m refor\u00e7a a ideia de cidadania plena, onde cada voz conta.<\/p>\n<h2>O que \u00e9 o programa Seu Voto Importa<\/h2>\n<p>O programa &#8220;Seu Voto Importa&#8221; foi estabelecido pelo Tribunal Superior Eleitoral (TSE) por meio da Resolu\u00e7\u00e3o n\u00ba 23.753, de 2026. Este programa visa criar condi\u00e7\u00f5es que augmentem o acesso ao voto para aqueles que, devido a limita\u00e7\u00f5es de mobilidade, podem encontrar dificuldades para chegar aos seus locais de vota\u00e7\u00e3o. Atrav\u00e9s dele, pretende-se garantir que nenhuma barreira f\u00edsica impe\u00e7a o exerc\u00edcio do direito ao voto.<\/p>\n<h2>Crit\u00e9rios para o transporte especial<\/h2>\n<p>Para que os eleitores possam usufruir do servi\u00e7o de transporte especial durante as elei\u00e7\u00f5es, alguns crit\u00e9rios precisam ser atendidos. Entre eles, est\u00e3o condi\u00e7\u00f5es de defici\u00eancia que comprovadamente limitam a mobilidade, como cadeirantes, al\u00e9m de pessoas com dificuldades que n\u00e3o conseguem usar o transporte p\u00fablico convencional. A documenta\u00e7\u00e3o necess\u00e1ria para comprovar a necessidade de transporte adaptado deve ser organizada de forma clara e acess\u00edvel, permitindo que todos os interessados possam facilmente se inscrever.<\/p>\n<p><img decoding=\"async\" src=\"https:\/\/www.encontravitoria.com.br\/sobre\/wp-content\/uploads\/2026\/09\/vitoria-e-tre.webp\" alt=\"transporte para eleitores com defici\u00eancia\" loading=\"lazy\" \/><\/p>\n<h2>Como agendar o servi\u00e7o Porta a Porta<\/h2>\n<p>O servi\u00e7o Porta a Porta \u00e9 uma op\u00e7\u00e3o valiosa e gratuita oferecida pela Prefeitura de Vit\u00f3ria, que oferece transporte adaptado para pessoas com defici\u00eancia ou mobilidade reduzida. Para agendar o transporte, os usu\u00e1rios devem entrar em contato por meio de canais espec\u00edficos estabelecidos pela prefeitura, onde poder\u00e3o informar suas necessidades e agendar o deslocamento com anteced\u00eancia. \u00c9 fundamental que a solicita\u00e7\u00e3o seja feita com um bom tempo de anteced\u00eancia em rela\u00e7\u00e3o ao dia da experi\u00eancia.<\/p>\n<h2>Benef\u00edcios do transporte adaptado para eleitores<\/h2>\n<p>A possibilidade de contar com transporte adaptado e gratuito garante autonomia para aqueles que t\u00eam limita\u00e7\u00f5es f\u00edsicas, permitindo que participem de atividades essenciais, como a vota\u00e7\u00e3o. O transporte inclusivo minimiza as barreiras que essas pessoas enfrentam no cotidiano e, ao mesmo tempo, promove uma maior integra\u00e7\u00e3o social. Al\u00e9m disso, permite que os eleitores se sintam acolhidos e valorizados dentro do processo democr\u00e1tico.<\/p>\n<h2>O papel da Justi\u00e7a Eleitoral na acessibilidade<\/h2>\n<p>A Justi\u00e7a Eleitoral exerce um papel crucial na promo\u00e7\u00e3o da acessibilidade e na inclus\u00e3o de todos os eleitores. Ao apoiar iniciativas como o &#8220;Seu Voto Importa&#8221;, o Tribunal Regional Eleitoral (TRE-ES) reafirma seu compromisso com a igualdade de condi\u00e7\u00f5es para o exerc\u00edcio da cidadania. Isso se traduz em a\u00e7\u00f5es pr\u00e1ticas que garantem que todos os cidad\u00e3os, independentemente de suas dificuldades, possam participar ativamente nas elei\u00e7\u00f5es.<\/p>\n<h2>Opini\u00f5es de usu\u00e1rios do servi\u00e7o Porta a Porta<\/h2>\n<p>Os usu\u00e1rios do servi\u00e7o Porta a Porta frequentemente expressam sua satisfa\u00e7\u00e3o com a disponibilidade e a qualidade do transporte oferecido. Para muitos, o servi\u00e7o representa mais do que uma simples desloca\u00e7\u00e3o, mas sim uma oportunidade de participar das atividades cidad\u00e3s. Por exemplo, Pedro Oswaldo Tozzi, um usu\u00e1rio que depende do servi\u00e7o, destaca que a initiative traz autonomia e liberdade, permitindo-lhe acessar lugares que, de outra forma, seriam dif\u00edceis de alcan\u00e7ar.<\/p>\n<h2>Desafios da inclus\u00e3o no processo eleitoral<\/h2>\n<p>Apesar dos avan\u00e7os, ainda existem desafios a serem superados para a plena inclus\u00e3o de eleitores com defici\u00eancia no processo eleitoral. Barreiras f\u00edsicas, falta de conscientiza\u00e7\u00e3o em algumas areas sobre a import\u00e2ncia da acessibilidade e a necessidade de treinamento adequado para a equipe de atendimento s\u00e3o apenas alguns dos obst\u00e1culos que precisam ser enfrentados. A sensibiliza\u00e7\u00e3o de toda a sociedade \u00e9 necess\u00e1ria para construir um ambiente mais inclusivo e justo.<\/p>\n<h2>Resultados esperados da parceria entre PMV e TRE-ES<\/h2>\n<p>A parceria entre a Prefeitura de Vit\u00f3ria (PMV) e o Tribunal Regional Eleitoral do Esp\u00edrito Santo (TRE-ES) visa criar um sistema eficaz e cont\u00ednuo de transporte para eleitores com defici\u00eancia. Espera-se que isso n\u00e3o apenas facilite o deslocamento desses cidad\u00e3os para as urnas, mas que tamb\u00e9m promova uma maior conscientiza\u00e7\u00e3o sobre a import\u00e2ncia de tornar o processo eleitoral acess\u00edvel a todos. O ideal \u00e9 que esse esfor\u00e7o conjunto sirva como modelo a ser seguido por outras cidades e estados.<\/p>\n<h2>Pr\u00f3ximos passos para melhorar a acessibilidade<\/h2>\n<p>Para que a acessibilidade se torne uma realidade plena nas elei\u00e7\u00f5es, \u00e9 crucial que as institui\u00e7\u00f5es continuem a trabalhar em conjunto, promovendo a\u00e7\u00f5es concretas que visem superar as barreiras existentes. Isso pode incluir campanhas de informa\u00e7\u00e3o sobre os servi\u00e7os dispon\u00edveis, melhorias na infraestrutura de transportes, bem como treinamento para os profissionais envolvidos no atendimento a esses eleitores. O comprometimento cont\u00ednuo das autoridades e a participa\u00e7\u00e3o da sociedade civil s\u00e3o fundamentais para garantir que todos, de fato, tenham seus direitos respeitados.<\/p>\n\n<div style=\"font-size: 0px; height: 0px; line-height: 0px; margin: 0; padding: 0; clear: both;\"><\/div>","protected":false},"excerpt":{"rendered":"<p>Vit\u00f3ria assegura transporte a eleitores com defici\u00eancia nas elei\u00e7\u00f5es.<\/p>\n","protected":false},"author":1,"featured_media":2302,"comment_status":"open","ping_status":"closed","sticky":false,"template":"","format":"standard","meta":{"footnotes":""},"categories":[13],"tags":[],"class_list":["post-2303","post","type-post","status-publish","format-standard","has-post-thumbnail","hentry","category-concursos-em-vitoria","has_thumb"],"yoast_head":"<!-- This site is optimized with the Yoast SEO plugin v28.2 - https:\/\/yoast.com\/product\/yoast-seo-wordpress\/ -->\n<title>Vit\u00f3ria e TRE - Encontra Vit\u00f3ria<\/title>\n<meta name=\"robots\" content=\"index, follow, max-snippet:-1, max-image-preview:large, max-video-preview:-1\" \/>\n<link rel=\"canonical\" href=\"https:\/\/www.encontravitoria.com.br\/sobre\/vitoria-e-tre\/\" \/>\n<meta property=\"og:locale\" content=\"pt_BR\" \/>\n<meta property=\"og:type\" content=\"article\" \/>\n<meta property=\"og:title\" content=\"Vit\u00f3ria e TRE - Encontra Vit\u00f3ria\" \/>\n<meta property=\"og:description\" content=\"Vit\u00f3ria assegura transporte a eleitores com defici\u00eancia nas elei\u00e7\u00f5es.\" \/>\n<meta property=\"og:url\" content=\"https:\/\/www.encontravitoria.com.br\/sobre\/vitoria-e-tre\/\" \/>\n<meta property=\"og:site_name\" content=\"Encontra Vit\u00f3ria\" \/>\n<meta property=\"article:published_time\" content=\"2026-09-03T11:03:48+00:00\" \/>\n<meta property=\"og:image\" content=\"https:\/\/www.encontravitoria.com.br\/sobre\/wp-content\/uploads\/2026\/09\/vitoria-e-tre.webp\" \/>\n<meta name=\"author\" content=\"Encontra Vit\u00f3ria\" \/>\n<meta name=\"twitter:card\" content=\"summary_large_image\" \/>\n<meta name=\"twitter:label1\" content=\"Escrito por\" \/>\n\t<meta name=\"twitter:data1\" content=\"Encontra Vit\u00f3ria\" \/>\n\t<meta name=\"twitter:label2\" content=\"Est. tempo de leitura\" \/>\n\t<meta name=\"twitter:data2\" content=\"4 minutos\" \/>\n<script type=\"application\/ld+json\" class=\"yoast-schema-graph\">{\"@context\":\"https:\\\/\\\/schema.org\",\"@graph\":[{\"@type\":\"Article\",\"@id\":\"https:\\\/\\\/www.encontravitoria.com.br\\\/sobre\\\/vitoria-e-tre\\\/#article\",\"isPartOf\":{\"@id\":\"https:\\\/\\\/www.encontravitoria.com.br\\\/sobre\\\/vitoria-e-tre\\\/\"},\"author\":{\"name\":\"Encontra Vit\u00f3ria\",\"@id\":\"https:\\\/\\\/www.encontravitoria.com.br\\\/sobre\\\/#\\\/schema\\\/person\\\/0f8e5bcc88fbadf1bad57afd504f48a2\"},\"headline\":\"Vit\u00f3ria e TRE\",\"datePublished\":\"2026-09-03T11:03:48+00:00\",\"mainEntityOfPage\":{\"@id\":\"https:\\\/\\\/www.encontravitoria.com.br\\\/sobre\\\/vitoria-e-tre\\\/\"},\"wordCount\":864,\"commentCount\":0,\"image\":{\"@id\":\"https:\\\/\\\/www.encontravitoria.com.br\\\/sobre\\\/vitoria-e-tre\\\/#primaryimage\"},\"thumbnailUrl\":\"https:\\\/\\\/www.encontravitoria.com.br\\\/sobre\\\/wp-content\\\/uploads\\\/2026\\\/09\\\/vitoria-e-tre.webp\",\"articleSection\":[\"Concursos Vit\u00f3ria\"],\"inLanguage\":\"pt-BR\",\"potentialAction\":[{\"@type\":\"CommentAction\",\"name\":\"Comment\",\"target\":[\"https:\\\/\\\/www.encontravitoria.com.br\\\/sobre\\\/vitoria-e-tre\\\/#respond\"]}]},{\"@type\":\"WebPage\",\"@id\":\"https:\\\/\\\/www.encontravitoria.com.br\\\/sobre\\\/vitoria-e-tre\\\/\",\"url\":\"https:\\\/\\\/www.encontravitoria.com.br\\\/sobre\\\/vitoria-e-tre\\\/\",\"name\":\"Vit\u00f3ria e TRE - Encontra Vit\u00f3ria\",\"isPartOf\":{\"@id\":\"https:\\\/\\\/www.encontravitoria.com.br\\\/sobre\\\/#website\"},\"primaryImageOfPage\":{\"@id\":\"https:\\\/\\\/www.encontravitoria.com.br\\\/sobre\\\/vitoria-e-tre\\\/#primaryimage\"},\"image\":{\"@id\":\"https:\\\/\\\/www.encontravitoria.com.br\\\/sobre\\\/vitoria-e-tre\\\/#primaryimage\"},\"thumbnailUrl\":\"https:\\\/\\\/www.encontravitoria.com.br\\\/sobre\\\/wp-content\\\/uploads\\\/2026\\\/09\\\/vitoria-e-tre.webp\",\"datePublished\":\"2026-09-03T11:03:48+00:00\",\"author\":{\"@id\":\"https:\\\/\\\/www.encontravitoria.com.br\\\/sobre\\\/#\\\/schema\\\/person\\\/0f8e5bcc88fbadf1bad57afd504f48a2\"},\"breadcrumb\":{\"@id\":\"https:\\\/\\\/www.encontravitoria.com.br\\\/sobre\\\/vitoria-e-tre\\\/#breadcrumb\"},\"inLanguage\":\"pt-BR\",\"potentialAction\":[{\"@type\":\"ReadAction\",\"target\":[\"https:\\\/\\\/www.encontravitoria.com.br\\\/sobre\\\/vitoria-e-tre\\\/\"]}]},{\"@type\":\"ImageObject\",\"inLanguage\":\"pt-BR\",\"@id\":\"https:\\\/\\\/www.encontravitoria.com.br\\\/sobre\\\/vitoria-e-tre\\\/#primaryimage\",\"url\":\"https:\\\/\\\/www.encontravitoria.com.br\\\/sobre\\\/wp-content\\\/uploads\\\/2026\\\/09\\\/vitoria-e-tre.webp\",\"contentUrl\":\"https:\\\/\\\/www.encontravitoria.com.br\\\/sobre\\\/wp-content\\\/uploads\\\/2026\\\/09\\\/vitoria-e-tre.webp\",\"width\":280,\"height\":280,\"caption\":\"transporte para eleitores com defici\u00eancia\"},{\"@type\":\"BreadcrumbList\",\"@id\":\"https:\\\/\\\/www.encontravitoria.com.br\\\/sobre\\\/vitoria-e-tre\\\/#breadcrumb\",\"itemListElement\":[{\"@type\":\"ListItem\",\"position\":1,\"name\":\"In\u00edcio\",\"item\":\"https:\\\/\\\/www.encontravitoria.com.br\\\/sobre\\\/\"},{\"@type\":\"ListItem\",\"position\":2,\"name\":\"Vit\u00f3ria e TRE\"}]},{\"@type\":\"WebSite\",\"@id\":\"https:\\\/\\\/www.encontravitoria.com.br\\\/sobre\\\/#website\",\"url\":\"https:\\\/\\\/www.encontravitoria.com.br\\\/sobre\\\/\",\"name\":\"Encontra Vit\u00f3ria\",\"description\":\"Not\u00edcias, eventos, informa\u00e7\u00f5es e dicas na cidade Vit\u00f3ria e regi\u00e3o.\",\"potentialAction\":[{\"@type\":\"SearchAction\",\"target\":{\"@type\":\"EntryPoint\",\"urlTemplate\":\"https:\\\/\\\/www.encontravitoria.com.br\\\/sobre\\\/?s={search_term_string}\"},\"query-input\":{\"@type\":\"PropertyValueSpecification\",\"valueRequired\":true,\"valueName\":\"search_term_string\"}}],\"inLanguage\":\"pt-BR\"},{\"@type\":\"Person\",\"@id\":\"https:\\\/\\\/www.encontravitoria.com.br\\\/sobre\\\/#\\\/schema\\\/person\\\/0f8e5bcc88fbadf1bad57afd504f48a2\",\"name\":\"Encontra Vit\u00f3ria\",\"image\":{\"@type\":\"ImageObject\",\"inLanguage\":\"pt-BR\",\"@id\":\"https:\\\/\\\/secure.gravatar.com\\\/avatar\\\/507340682b8270222e1f208e23198b6ae7e2c6a1033ae84e99bc6bce4f82a387?s=96&d=mm&r=g\",\"url\":\"https:\\\/\\\/secure.gravatar.com\\\/avatar\\\/507340682b8270222e1f208e23198b6ae7e2c6a1033ae84e99bc6bce4f82a387?s=96&d=mm&r=g\",\"contentUrl\":\"https:\\\/\\\/secure.gravatar.com\\\/avatar\\\/507340682b8270222e1f208e23198b6ae7e2c6a1033ae84e99bc6bce4f82a387?s=96&d=mm&r=g\",\"caption\":\"Encontra Vit\u00f3ria\"},\"sameAs\":[\"http:\\\/\\\/www.encontravitoria.com.br\"],\"url\":\"https:\\\/\\\/www.encontravitoria.com.br\\\/sobre\\\/author\\\/evitoria\\\/\"}]}<\/script>\n<!-- \/ Yoast SEO plugin. -->","yoast_head_json":{"title":"Vit\u00f3ria e TRE - Encontra Vit\u00f3ria","robots":{"index":"index","follow":"follow","max-snippet":"max-snippet:-1","max-image-preview":"max-image-preview:large","max-video-preview":"max-video-preview:-1"},"canonical":"https:\/\/www.encontravitoria.com.br\/sobre\/vitoria-e-tre\/","og_locale":"pt_BR","og_type":"article","og_title":"Vit\u00f3ria e TRE - Encontra Vit\u00f3ria","og_description":"Vit\u00f3ria assegura transporte a eleitores com defici\u00eancia nas elei\u00e7\u00f5es.","og_url":"https:\/\/www.encontravitoria.com.br\/sobre\/vitoria-e-tre\/","og_site_name":"Encontra Vit\u00f3ria","article_published_time":"2026-09-03T11:03:48+00:00","og_image":[{"url":"https:\/\/www.encontravitoria.com.br\/sobre\/wp-content\/uploads\/2026\/09\/vitoria-e-tre.webp","type":"","width":"","height":""}],"author":"Encontra Vit\u00f3ria","twitter_card":"summary_large_image","twitter_misc":{"Escrito por":"Encontra Vit\u00f3ria","Est. tempo de leitura":"4 minutos"},"schema":{"@context":"https:\/\/schema.org","@graph":[{"@type":"Article","@id":"https:\/\/www.encontravitoria.com.br\/sobre\/vitoria-e-tre\/#article","isPartOf":{"@id":"https:\/\/www.encontravitoria.com.br\/sobre\/vitoria-e-tre\/"},"author":{"name":"Encontra Vit\u00f3ria","@id":"https:\/\/www.encontravitoria.com.br\/sobre\/#\/schema\/person\/0f8e5bcc88fbadf1bad57afd504f48a2"},"headline":"Vit\u00f3ria e TRE","datePublished":"2026-09-03T11:03:48+00:00","mainEntityOfPage":{"@id":"https:\/\/www.encontravitoria.com.br\/sobre\/vitoria-e-tre\/"},"wordCount":864,"commentCount":0,"image":{"@id":"https:\/\/www.encontravitoria.com.br\/sobre\/vitoria-e-tre\/#primaryimage"},"thumbnailUrl":"https:\/\/www.encontravitoria.com.br\/sobre\/wp-content\/uploads\/2026\/09\/vitoria-e-tre.webp","articleSection":["Concursos Vit\u00f3ria"],"inLanguage":"pt-BR","potentialAction":[{"@type":"CommentAction","name":"Comment","target":["https:\/\/www.encontravitoria.com.br\/sobre\/vitoria-e-tre\/#respond"]}]},{"@type":"WebPage","@id":"https:\/\/www.encontravitoria.com.br\/sobre\/vitoria-e-tre\/","url":"https:\/\/www.encontravitoria.com.br\/sobre\/vitoria-e-tre\/","name":"Vit\u00f3ria e TRE - Encontra Vit\u00f3ria","isPartOf":{"@id":"https:\/\/www.encontravitoria.com.br\/sobre\/#website"},"primaryImageOfPage":{"@id":"https:\/\/www.encontravitoria.com.br\/sobre\/vitoria-e-tre\/#primaryimage"},"image":{"@id":"https:\/\/www.encontravitoria.com.br\/sobre\/vitoria-e-tre\/#primaryimage"},"thumbnailUrl":"https:\/\/www.encontravitoria.com.br\/sobre\/wp-content\/uploads\/2026\/09\/vitoria-e-tre.webp","datePublished":"2026-09-03T11:03:48+00:00","author":{"@id":"https:\/\/www.encontravitoria.com.br\/sobre\/#\/schema\/person\/0f8e5bcc88fbadf1bad57afd504f48a2"},"breadcrumb":{"@id":"https:\/\/www.encontravitoria.com.br\/sobre\/vitoria-e-tre\/#breadcrumb"},"inLanguage":"pt-BR","potentialAction":[{"@type":"ReadAction","target":["https:\/\/www.encontravitoria.com.br\/sobre\/vitoria-e-tre\/"]}]},{"@type":"ImageObject","inLanguage":"pt-BR","@id":"https:\/\/www.encontravitoria.com.br\/sobre\/vitoria-e-tre\/#primaryimage","url":"https:\/\/www.encontravitoria.com.br\/sobre\/wp-content\/uploads\/2026\/09\/vitoria-e-tre.webp","contentUrl":"https:\/\/www.encontravitoria.com.br\/sobre\/wp-content\/uploads\/2026\/09\/vitoria-e-tre.webp","width":280,"height":280,"caption":"transporte para eleitores com defici\u00eancia"},{"@type":"BreadcrumbList","@id":"https:\/\/www.encontravitoria.com.br\/sobre\/vitoria-e-tre\/#breadcrumb","itemListElement":[{"@type":"ListItem","position":1,"name":"In\u00edcio","item":"https:\/\/www.encontravitoria.com.br\/sobre\/"},{"@type":"ListItem","position":2,"name":"Vit\u00f3ria e TRE"}]},{"@type":"WebSite","@id":"https:\/\/www.encontravitoria.com.br\/sobre\/#website","url":"https:\/\/www.encontravitoria.com.br\/sobre\/","name":"Encontra Vit\u00f3ria","description":"Not\u00edcias, eventos, informa\u00e7\u00f5es e dicas na cidade Vit\u00f3ria e regi\u00e3o.","potentialAction":[{"@type":"SearchAction","target":{"@type":"EntryPoint","urlTemplate":"https:\/\/www.encontravitoria.com.br\/sobre\/?s={search_term_string}"},"query-input":{"@type":"PropertyValueSpecification","valueRequired":true,"valueName":"search_term_string"}}],"inLanguage":"pt-BR"},{"@type":"Person","@id":"https:\/\/www.encontravitoria.com.br\/sobre\/#\/schema\/person\/0f8e5bcc88fbadf1bad57afd504f48a2","name":"Encontra Vit\u00f3ria","image":{"@type":"ImageObject","inLanguage":"pt-BR","@id":"https:\/\/secure.gravatar.com\/avatar\/507340682b8270222e1f208e23198b6ae7e2c6a1033ae84e99bc6bce4f82a387?s=96&d=mm&r=g","url":"https:\/\/secure.gravatar.com\/avatar\/507340682b8270222e1f208e23198b6ae7e2c6a1033ae84e99bc6bce4f82a387?s=96&d=mm&r=g","contentUrl":"https:\/\/secure.gravatar.com\/avatar\/507340682b8270222e1f208e23198b6ae7e2c6a1033ae84e99bc6bce4f82a387?s=96&d=mm&r=g","caption":"Encontra Vit\u00f3ria"},"sameAs":["http:\/\/www.encontravitoria.com.br"],"url":"https:\/\/www.encontravitoria.com.br\/sobre\/author\/evitoria\/"}]}},"_links":{"self":[{"href":"https:\/\/www.encontravitoria.com.br\/sobre\/wp-json\/wp\/v2\/posts\/2303","targetHints":{"allow":["GET"]}}],"collection":[{"href":"https:\/\/www.encontravitoria.com.br\/sobre\/wp-json\/wp\/v2\/posts"}],"about":[{"href":"https:\/\/www.encontravitoria.com.br\/sobre\/wp-json\/wp\/v2\/types\/post"}],"author":[{"embeddable":true,"href":"https:\/\/www.encontravitoria.com.br\/sobre\/wp-json\/wp\/v2\/users\/1"}],"replies":[{"embeddable":true,"href":"https:\/\/www.encontravitoria.com.br\/sobre\/wp-json\/wp\/v2\/comments?post=2303"}],"version-history":[{"count":0,"href":"https:\/\/www.encontravitoria.com.br\/sobre\/wp-json\/wp\/v2\/posts\/2303\/revisions"}],"wp:featuredmedia":[{"embeddable":true,"href":"https:\/\/www.encontravitoria.com.br\/sobre\/wp-json\/wp\/v2\/media\/2302"}],"wp:attachment":[{"href":"https:\/\/www.encontravitoria.com.br\/sobre\/wp-json\/wp\/v2\/media?parent=2303"}],"wp:term":[{"taxonomy":"category","embeddable":true,"href":"https:\/\/www.encontravitoria.com.br\/sobre\/wp-json\/wp\/v2\/categories?post=2303"},{"taxonomy":"post_tag","embeddable":true,"href":"https:\/\/www.encontravitoria.com.br\/sobre\/wp-json\/wp\/v2\/tags?post=2303"}],"curies":[{"name":"wp","href":"https:\/\/api.w.org\/{rel}","templated":true}]}}