{"id":2305,"date":"2026-09-04T11:01:37","date_gmt":"2026-09-04T11:01:37","guid":{"rendered":"https:\/\/www.encontravitoria.com.br\/sobre\/agosto-lilas-caminhada-reune-servidores-e-municipes-de-vitoria-no-parque-da-fonte-grande\/"},"modified":"2026-09-04T11:01:37","modified_gmt":"2026-09-04T11:01:37","slug":"agosto-lilas-caminhada-reune-servidores-e-municipes-de-vitoria-no-parque-da-fonte-grande","status":"publish","type":"post","link":"https:\/\/www.encontravitoria.com.br\/sobre\/agosto-lilas-caminhada-reune-servidores-e-municipes-de-vitoria-no-parque-da-fonte-grande\/","title":{"rendered":"Agosto Lil\u00e1s: caminhada re\u00fane servidores e mun\u00edcipes de Vit\u00f3ria no Parque da Fonte Grande"},"content":{"rendered":"<div class=\"23ed37709e053b55400ee1990aeffe41\" data-index=\"1\" style=\"float: none; margin:0px;\">\n<!-- Anuncio display - global -->\r\n<ins class=\"adsbygoogle\"\r\n     style=\"display:block\"\r\n     data-ad-client=\"ca-pub-8585364105181520\"\r\n     data-ad-slot=\"8789329856\"\r\n     data-ad-format=\"auto\"\r\n     data-full-width-responsive=\"true\"><\/ins>\r\n<script>\r\n     (adsbygoogle = window.adsbygoogle || []).push({});\r\n<\/script>\n<\/div>\n<h2>O Significado do Agosto Lil\u00e1s<\/h2>\n<p>Agosto Lil\u00e1s \u00e9 um m\u00eas que carrega um significado especial, dedicado a uma important\u00edssima campanha de conscientiza\u00e7\u00e3o e combate \u00e0 viol\u00eancia dom\u00e9stica e familiar contra as mulheres. A escolha deste m\u00eas est\u00e1 ligada \u00e0 promulga\u00e7\u00e3o da Lei Maria da Penha, uma legisla\u00e7\u00e3o crucial, sancionada em 7 de agosto de 2006, que representa um marco no Brasil no enfrentamento desse tipo de viol\u00eancia. O Agosto Lil\u00e1s n\u00e3o apenas celebra essa lei, mas tamb\u00e9m visa aumentar a conscientiza\u00e7\u00e3o da sociedade sobre a import\u00e2ncia de combater e prevenir a viol\u00eancia contra as mulheres.<\/p>\n<h2>Uni\u00e3o de For\u00e7as: Servidores e Comunidade<\/h2>\n<p>Uma das iniciativas mais emblem\u00e1ticas deste m\u00eas foi a caminhada realizada pela equipe da Unidade de Sa\u00fade (US) de Fonte Grande, que ocorreu no Parque da Fonte Grande. Este evento, que aconteceu na \u00faltima sexta-feira (28), reuniu em torno de 70 pessoas, entre servidores p\u00fablicos e cidad\u00e3os da comunidade. O objetivo foi claro: fortalecer os la\u00e7os entre as autoridades de sa\u00fade e a popula\u00e7\u00e3o, destacando a todos que o enfrentamento da viol\u00eancia \u00e9 uma responsabilidade compartilhada. Esta uni\u00e3o n\u00e3o apenas promove a sensibiliza\u00e7\u00e3o, mas tamb\u00e9m empodera a comunidade a participar ativamente na luta contra a viol\u00eancia.<\/p>\n<h2>A Caminhada: Um Passo em Dire\u00e7\u00e3o \u00e0 Mudan\u00e7a<\/h2>\n<p>A caminhada foi uma demonstra\u00e7\u00e3o poderosa de solidariedade e compromisso. Marcela Cavalcante, diretora da unidade de sa\u00fade, expressou sua emo\u00e7\u00e3o ao ver a mobiliza\u00e7\u00e3o da comunidade. Ela destacou como a caminhada se transformou em um s\u00edmbolo de for\u00e7a coletiva, um passo significativo na dire\u00e7\u00e3o da prote\u00e7\u00e3o das mulheres. Cada participante trouxe consigo a import\u00e2ncia de um esfor\u00e7o cont\u00ednuo para garantir uma vida livre de viol\u00eancia para todos.<\/p>\n<p><img decoding=\"async\" src=\"https:\/\/www.encontravitoria.com.br\/sobre\/wp-content\/uploads\/2026\/09\/agosto-lilas-caminhada-reune-servidores-e-municipes-de-vitoria-no-parque-da-fonte-grande.webp\" alt=\"Agosto Lil\u00e1s\" loading=\"lazy\" \/><\/p>\n<h2>Depoimentos de Participantes<\/h2>\n<p>Os participantes da caminhada compartilharam suas experi\u00eancias pessoais e opini\u00f5es sobre a import\u00e2ncia do evento. Para muitos, a experi\u00eancia foi reveladora, transcendeu a simples caminhada e tornou-se uma oportunidade para discutir e refletir sobre a realidade da viol\u00eancia contra a mulher. Esses depoimentos ressaltaram o sentimento de que a mudan\u00e7a come\u00e7a no reconhecimento da gravidade do problema e na disposi\u00e7\u00e3o de lutar por um futuro melhor.<\/p>\n<h2>A Import\u00e2ncia da Conscientiza\u00e7\u00e3o Coletiva<\/h2>\n<p>A conscientiza\u00e7\u00e3o \u00e9 a chave para a preven\u00e7\u00e3o de viol\u00eancias. Campanhas como o Agosto Lil\u00e1s atuam como ferramentas educacionais, trazendo \u00e0 tona a discuss\u00e3o sobre os direitos das mulheres e as a\u00e7\u00f5es necess\u00e1rias para defend\u00ea-los. Ao promover a conscientiza\u00e7\u00e3o, a sociedade come\u00e7a a desfazer mitos e estigmas associados \u00e0 viol\u00eancia, criando um ambiente mais seguro e acolhedor para todos.<\/p>\n<h2>O Papel da Sa\u00fade na Preven\u00e7\u00e3o da Viol\u00eancia<\/h2>\n<p>A sa\u00fade p\u00fablica desempenha um papel essencial na preven\u00e7\u00e3o da viol\u00eancia. Profissionais como m\u00e9dicos, enfermeiros e psic\u00f3logos t\u00eam a capacidade de identificar sinais de viol\u00eancia e direcionar as v\u00edtimas para os servi\u00e7os adequados. A educa\u00e7\u00e3o em sa\u00fade e as pr\u00e1ticas de cuidados integrados s\u00e3o fundamentais para oferecer suporte a mulheres que enfrentam qualquer forma de agress\u00e3o.<\/p>\n<h2>Casa Rosa: Apoio \u00e0s V\u00edtimas de Viol\u00eancia<\/h2>\n<p>Vit\u00f3ria possui um servi\u00e7o especializado, a Casa Rosa, que oferece atendimento a mulheres e fam\u00edlias em situa\u00e7\u00e3o de viol\u00eancia. Com uma equipe multidisciplinar, a Casa Rosa realiza apoio psicol\u00f3gico, avalia\u00e7\u00f5es de risco e assist\u00eancia em sa\u00fade. Este centro not\u00e1vel \u00e9 um espa\u00e7o de acolhimento, onde v\u00edtimas podem encontrar seguran\u00e7a e apoio, al\u00e9m de servi\u00e7os como a inser\u00e7\u00e3o de m\u00e9todos contraceptivos e testes r\u00e1pidos para infec\u00e7\u00f5es sexualmente transmiss\u00edveis.<\/p>\n<h2>Desafios Enfrentados por Mulheres na Sociedade<\/h2>\n<p>As mulheres ainda enfrentam uma s\u00e9rie de desafios na sociedade atual, que v\u00e3o al\u00e9m da viol\u00eancia f\u00edsica. Situa\u00e7\u00f5es de viol\u00eancia psicol\u00f3gica, econ\u00f4mica e sexual s\u00e3o frequentemente minimizadas e ocultadas. Por isso, \u00e9 fundamental que eventos como a caminhada do Agosto Lil\u00e1s ajudem a iluminar esses problemas e incentivem a transforma\u00e7\u00e3o social. O fortalecimento da rede de apoio e visibilidade dessas quest\u00f5es s\u00e3o passos cruciais para a mudan\u00e7a.<\/p>\n<h2>Como Participar de Iniciativas Semelhantes<\/h2>\n<p>Participar de movimentos e eventos de conscientiza\u00e7\u00e3o \u00e9 uma maneira eficaz de contribuir para a luta contra a viol\u00eancia de g\u00eanero. \u00c9 poss\u00edvel se envolver atrav\u00e9s de:<\/p>\n<ul>\n<li><strong>Caminhadas e Marchas:<\/strong> Engaje-se em eventos p\u00fablicos que promovam a conscientiza\u00e7\u00e3o.<\/li>\n<li><strong>Voluntariado:<\/strong> Ofere\u00e7a seu tempo e habilidades para organiza\u00e7\u00f5es que apoiam mulheres em situa\u00e7\u00e3o de vulnerabilidade.<\/li>\n<li><strong>Educa\u00e7\u00e3o:<\/strong> Informe-se e eduque outras pessoas sobre os direitos das mulheres e maneiras de prevenir a viol\u00eancia.<\/li>\n<li><strong>Apoio em Redes Sociais:<\/strong> Use suas redes sociais para amplificar a mensagem e mobilizar outras pessoas.<\/li>\n<\/ul>\n<h2>A Import\u00e2ncia de Cada Voz na Luta<\/h2>\n<p>Todos t\u00eam uma voz importante na luta contra a viol\u00eancia. A mudan\u00e7a real come\u00e7a quando cada pessoa decide se tornar parte da solu\u00e7\u00e3o. As vozes que se levantam em defesa dos direitos das mulheres ajudam a construir um ambiente onde todos se sintam seguros e respeitados. Este Agosto Lil\u00e1s, e em todos os outros meses do ano, \u00e9 essencial que continuemos a falar e agir contra a viol\u00eancia, garantindo que as hist\u00f3rias de abuso sejam ouvidas e que as v\u00edtimas recebam a ajuda necess\u00e1ria.<\/p>\n\n<div style=\"font-size: 0px; height: 0px; line-height: 0px; margin: 0; padding: 0; clear: both;\"><\/div>","protected":false},"excerpt":{"rendered":"<p>Agosto Lil\u00e1s traz uma caminhada inspiradora em Vit\u00f3ria contra a viol\u00eancia \u00e0 mulher.<\/p>\n","protected":false},"author":1,"featured_media":2304,"comment_status":"open","ping_status":"closed","sticky":false,"template":"","format":"standard","meta":{"footnotes":""},"categories":[15],"tags":[],"class_list":["post-2305","post","type-post","status-publish","format-standard","has-post-thumbnail","hentry","category-cultura-em-vitoria","has_thumb"],"yoast_head":"<!-- This site is optimized with the Yoast SEO plugin v28.2 - https:\/\/yoast.com\/product\/yoast-seo-wordpress\/ -->\n<title>Agosto Lil\u00e1s: caminhada re\u00fane servidores e mun\u00edcipes de Vit\u00f3ria no Parque da Fonte Grande - Encontra Vit\u00f3ria<\/title>\n<meta name=\"robots\" content=\"index, follow, max-snippet:-1, max-image-preview:large, max-video-preview:-1\" \/>\n<link rel=\"canonical\" href=\"https:\/\/www.encontravitoria.com.br\/sobre\/agosto-lilas-caminhada-reune-servidores-e-municipes-de-vitoria-no-parque-da-fonte-grande\/\" \/>\n<meta property=\"og:locale\" content=\"pt_BR\" \/>\n<meta property=\"og:type\" content=\"article\" \/>\n<meta property=\"og:title\" content=\"Agosto Lil\u00e1s: caminhada re\u00fane servidores e mun\u00edcipes de Vit\u00f3ria no Parque da Fonte Grande - Encontra Vit\u00f3ria\" \/>\n<meta property=\"og:description\" content=\"Agosto Lil\u00e1s traz uma caminhada inspiradora em Vit\u00f3ria contra a viol\u00eancia \u00e0 mulher.\" \/>\n<meta property=\"og:url\" content=\"https:\/\/www.encontravitoria.com.br\/sobre\/agosto-lilas-caminhada-reune-servidores-e-municipes-de-vitoria-no-parque-da-fonte-grande\/\" \/>\n<meta property=\"og:site_name\" content=\"Encontra Vit\u00f3ria\" \/>\n<meta property=\"article:published_time\" content=\"2026-09-04T11:01:37+00:00\" \/>\n<meta property=\"og:image\" content=\"https:\/\/www.encontravitoria.com.br\/sobre\/wp-content\/uploads\/2026\/09\/agosto-lilas-caminhada-reune-servidores-e-municipes-de-vitoria-no-parque-da-fonte-grande.webp\" \/>\n<meta name=\"author\" content=\"Encontra Vit\u00f3ria\" \/>\n<meta name=\"twitter:card\" content=\"summary_large_image\" \/>\n<meta name=\"twitter:label1\" content=\"Escrito por\" \/>\n\t<meta name=\"twitter:data1\" content=\"Encontra Vit\u00f3ria\" \/>\n\t<meta name=\"twitter:label2\" content=\"Est. tempo de leitura\" \/>\n\t<meta name=\"twitter:data2\" content=\"5 minutos\" \/>\n<script type=\"application\/ld+json\" class=\"yoast-schema-graph\">{\"@context\":\"https:\\\/\\\/schema.org\",\"@graph\":[{\"@type\":\"Article\",\"@id\":\"https:\\\/\\\/www.encontravitoria.com.br\\\/sobre\\\/agosto-lilas-caminhada-reune-servidores-e-municipes-de-vitoria-no-parque-da-fonte-grande\\\/#article\",\"isPartOf\":{\"@id\":\"https:\\\/\\\/www.encontravitoria.com.br\\\/sobre\\\/agosto-lilas-caminhada-reune-servidores-e-municipes-de-vitoria-no-parque-da-fonte-grande\\\/\"},\"author\":{\"name\":\"Encontra Vit\u00f3ria\",\"@id\":\"https:\\\/\\\/www.encontravitoria.com.br\\\/sobre\\\/#\\\/schema\\\/person\\\/0f8e5bcc88fbadf1bad57afd504f48a2\"},\"headline\":\"Agosto Lil\u00e1s: caminhada re\u00fane servidores e mun\u00edcipes de Vit\u00f3ria no Parque da Fonte Grande\",\"datePublished\":\"2026-09-04T11:01:37+00:00\",\"mainEntityOfPage\":{\"@id\":\"https:\\\/\\\/www.encontravitoria.com.br\\\/sobre\\\/agosto-lilas-caminhada-reune-servidores-e-municipes-de-vitoria-no-parque-da-fonte-grande\\\/\"},\"wordCount\":945,\"commentCount\":0,\"image\":{\"@id\":\"https:\\\/\\\/www.encontravitoria.com.br\\\/sobre\\\/agosto-lilas-caminhada-reune-servidores-e-municipes-de-vitoria-no-parque-da-fonte-grande\\\/#primaryimage\"},\"thumbnailUrl\":\"https:\\\/\\\/www.encontravitoria.com.br\\\/sobre\\\/wp-content\\\/uploads\\\/2026\\\/09\\\/agosto-lilas-caminhada-reune-servidores-e-municipes-de-vitoria-no-parque-da-fonte-grande.webp\",\"articleSection\":[\"Cultura Vit\u00f3ria\"],\"inLanguage\":\"pt-BR\",\"potentialAction\":[{\"@type\":\"CommentAction\",\"name\":\"Comment\",\"target\":[\"https:\\\/\\\/www.encontravitoria.com.br\\\/sobre\\\/agosto-lilas-caminhada-reune-servidores-e-municipes-de-vitoria-no-parque-da-fonte-grande\\\/#respond\"]}]},{\"@type\":\"WebPage\",\"@id\":\"https:\\\/\\\/www.encontravitoria.com.br\\\/sobre\\\/agosto-lilas-caminhada-reune-servidores-e-municipes-de-vitoria-no-parque-da-fonte-grande\\\/\",\"url\":\"https:\\\/\\\/www.encontravitoria.com.br\\\/sobre\\\/agosto-lilas-caminhada-reune-servidores-e-municipes-de-vitoria-no-parque-da-fonte-grande\\\/\",\"name\":\"Agosto Lil\u00e1s: caminhada re\u00fane servidores e mun\u00edcipes de Vit\u00f3ria no Parque da Fonte Grande - Encontra Vit\u00f3ria\",\"isPartOf\":{\"@id\":\"https:\\\/\\\/www.encontravitoria.com.br\\\/sobre\\\/#website\"},\"primaryImageOfPage\":{\"@id\":\"https:\\\/\\\/www.encontravitoria.com.br\\\/sobre\\\/agosto-lilas-caminhada-reune-servidores-e-municipes-de-vitoria-no-parque-da-fonte-grande\\\/#primaryimage\"},\"image\":{\"@id\":\"https:\\\/\\\/www.encontravitoria.com.br\\\/sobre\\\/agosto-lilas-caminhada-reune-servidores-e-municipes-de-vitoria-no-parque-da-fonte-grande\\\/#primaryimage\"},\"thumbnailUrl\":\"https:\\\/\\\/www.encontravitoria.com.br\\\/sobre\\\/wp-content\\\/uploads\\\/2026\\\/09\\\/agosto-lilas-caminhada-reune-servidores-e-municipes-de-vitoria-no-parque-da-fonte-grande.webp\",\"datePublished\":\"2026-09-04T11:01:37+00:00\",\"author\":{\"@id\":\"https:\\\/\\\/www.encontravitoria.com.br\\\/sobre\\\/#\\\/schema\\\/person\\\/0f8e5bcc88fbadf1bad57afd504f48a2\"},\"breadcrumb\":{\"@id\":\"https:\\\/\\\/www.encontravitoria.com.br\\\/sobre\\\/agosto-lilas-caminhada-reune-servidores-e-municipes-de-vitoria-no-parque-da-fonte-grande\\\/#breadcrumb\"},\"inLanguage\":\"pt-BR\",\"potentialAction\":[{\"@type\":\"ReadAction\",\"target\":[\"https:\\\/\\\/www.encontravitoria.com.br\\\/sobre\\\/agosto-lilas-caminhada-reune-servidores-e-municipes-de-vitoria-no-parque-da-fonte-grande\\\/\"]}]},{\"@type\":\"ImageObject\",\"inLanguage\":\"pt-BR\",\"@id\":\"https:\\\/\\\/www.encontravitoria.com.br\\\/sobre\\\/agosto-lilas-caminhada-reune-servidores-e-municipes-de-vitoria-no-parque-da-fonte-grande\\\/#primaryimage\",\"url\":\"https:\\\/\\\/www.encontravitoria.com.br\\\/sobre\\\/wp-content\\\/uploads\\\/2026\\\/09\\\/agosto-lilas-caminhada-reune-servidores-e-municipes-de-vitoria-no-parque-da-fonte-grande.webp\",\"contentUrl\":\"https:\\\/\\\/www.encontravitoria.com.br\\\/sobre\\\/wp-content\\\/uploads\\\/2026\\\/09\\\/agosto-lilas-caminhada-reune-servidores-e-municipes-de-vitoria-no-parque-da-fonte-grande.webp\",\"width\":280,\"height\":280,\"caption\":\"Agosto Lil\u00e1s\"},{\"@type\":\"BreadcrumbList\",\"@id\":\"https:\\\/\\\/www.encontravitoria.com.br\\\/sobre\\\/agosto-lilas-caminhada-reune-servidores-e-municipes-de-vitoria-no-parque-da-fonte-grande\\\/#breadcrumb\",\"itemListElement\":[{\"@type\":\"ListItem\",\"position\":1,\"name\":\"In\u00edcio\",\"item\":\"https:\\\/\\\/www.encontravitoria.com.br\\\/sobre\\\/\"},{\"@type\":\"ListItem\",\"position\":2,\"name\":\"Agosto Lil\u00e1s: caminhada re\u00fane servidores e mun\u00edcipes de Vit\u00f3ria no Parque da Fonte Grande\"}]},{\"@type\":\"WebSite\",\"@id\":\"https:\\\/\\\/www.encontravitoria.com.br\\\/sobre\\\/#website\",\"url\":\"https:\\\/\\\/www.encontravitoria.com.br\\\/sobre\\\/\",\"name\":\"Encontra Vit\u00f3ria\",\"description\":\"Not\u00edcias, eventos, informa\u00e7\u00f5es e dicas na cidade Vit\u00f3ria e regi\u00e3o.\",\"potentialAction\":[{\"@type\":\"SearchAction\",\"target\":{\"@type\":\"EntryPoint\",\"urlTemplate\":\"https:\\\/\\\/www.encontravitoria.com.br\\\/sobre\\\/?s={search_term_string}\"},\"query-input\":{\"@type\":\"PropertyValueSpecification\",\"valueRequired\":true,\"valueName\":\"search_term_string\"}}],\"inLanguage\":\"pt-BR\"},{\"@type\":\"Person\",\"@id\":\"https:\\\/\\\/www.encontravitoria.com.br\\\/sobre\\\/#\\\/schema\\\/person\\\/0f8e5bcc88fbadf1bad57afd504f48a2\",\"name\":\"Encontra Vit\u00f3ria\",\"image\":{\"@type\":\"ImageObject\",\"inLanguage\":\"pt-BR\",\"@id\":\"https:\\\/\\\/secure.gravatar.com\\\/avatar\\\/507340682b8270222e1f208e23198b6ae7e2c6a1033ae84e99bc6bce4f82a387?s=96&d=mm&r=g\",\"url\":\"https:\\\/\\\/secure.gravatar.com\\\/avatar\\\/507340682b8270222e1f208e23198b6ae7e2c6a1033ae84e99bc6bce4f82a387?s=96&d=mm&r=g\",\"contentUrl\":\"https:\\\/\\\/secure.gravatar.com\\\/avatar\\\/507340682b8270222e1f208e23198b6ae7e2c6a1033ae84e99bc6bce4f82a387?s=96&d=mm&r=g\",\"caption\":\"Encontra Vit\u00f3ria\"},\"sameAs\":[\"http:\\\/\\\/www.encontravitoria.com.br\"],\"url\":\"https:\\\/\\\/www.encontravitoria.com.br\\\/sobre\\\/author\\\/evitoria\\\/\"}]}<\/script>\n<!-- \/ Yoast SEO plugin. -->","yoast_head_json":{"title":"Agosto Lil\u00e1s: caminhada re\u00fane servidores e mun\u00edcipes de Vit\u00f3ria no Parque da Fonte Grande - Encontra Vit\u00f3ria","robots":{"index":"index","follow":"follow","max-snippet":"max-snippet:-1","max-image-preview":"max-image-preview:large","max-video-preview":"max-video-preview:-1"},"canonical":"https:\/\/www.encontravitoria.com.br\/sobre\/agosto-lilas-caminhada-reune-servidores-e-municipes-de-vitoria-no-parque-da-fonte-grande\/","og_locale":"pt_BR","og_type":"article","og_title":"Agosto Lil\u00e1s: caminhada re\u00fane servidores e mun\u00edcipes de Vit\u00f3ria no Parque da Fonte Grande - Encontra Vit\u00f3ria","og_description":"Agosto Lil\u00e1s traz uma caminhada inspiradora em Vit\u00f3ria contra a viol\u00eancia \u00e0 mulher.","og_url":"https:\/\/www.encontravitoria.com.br\/sobre\/agosto-lilas-caminhada-reune-servidores-e-municipes-de-vitoria-no-parque-da-fonte-grande\/","og_site_name":"Encontra Vit\u00f3ria","article_published_time":"2026-09-04T11:01:37+00:00","og_image":[{"url":"https:\/\/www.encontravitoria.com.br\/sobre\/wp-content\/uploads\/2026\/09\/agosto-lilas-caminhada-reune-servidores-e-municipes-de-vitoria-no-parque-da-fonte-grande.webp","type":"","width":"","height":""}],"author":"Encontra Vit\u00f3ria","twitter_card":"summary_large_image","twitter_misc":{"Escrito por":"Encontra Vit\u00f3ria","Est. tempo de leitura":"5 minutos"},"schema":{"@context":"https:\/\/schema.org","@graph":[{"@type":"Article","@id":"https:\/\/www.encontravitoria.com.br\/sobre\/agosto-lilas-caminhada-reune-servidores-e-municipes-de-vitoria-no-parque-da-fonte-grande\/#article","isPartOf":{"@id":"https:\/\/www.encontravitoria.com.br\/sobre\/agosto-lilas-caminhada-reune-servidores-e-municipes-de-vitoria-no-parque-da-fonte-grande\/"},"author":{"name":"Encontra Vit\u00f3ria","@id":"https:\/\/www.encontravitoria.com.br\/sobre\/#\/schema\/person\/0f8e5bcc88fbadf1bad57afd504f48a2"},"headline":"Agosto Lil\u00e1s: caminhada re\u00fane servidores e mun\u00edcipes de Vit\u00f3ria no Parque da Fonte Grande","datePublished":"2026-09-04T11:01:37+00:00","mainEntityOfPage":{"@id":"https:\/\/www.encontravitoria.com.br\/sobre\/agosto-lilas-caminhada-reune-servidores-e-municipes-de-vitoria-no-parque-da-fonte-grande\/"},"wordCount":945,"commentCount":0,"image":{"@id":"https:\/\/www.encontravitoria.com.br\/sobre\/agosto-lilas-caminhada-reune-servidores-e-municipes-de-vitoria-no-parque-da-fonte-grande\/#primaryimage"},"thumbnailUrl":"https:\/\/www.encontravitoria.com.br\/sobre\/wp-content\/uploads\/2026\/09\/agosto-lilas-caminhada-reune-servidores-e-municipes-de-vitoria-no-parque-da-fonte-grande.webp","articleSection":["Cultura Vit\u00f3ria"],"inLanguage":"pt-BR","potentialAction":[{"@type":"CommentAction","name":"Comment","target":["https:\/\/www.encontravitoria.com.br\/sobre\/agosto-lilas-caminhada-reune-servidores-e-municipes-de-vitoria-no-parque-da-fonte-grande\/#respond"]}]},{"@type":"WebPage","@id":"https:\/\/www.encontravitoria.com.br\/sobre\/agosto-lilas-caminhada-reune-servidores-e-municipes-de-vitoria-no-parque-da-fonte-grande\/","url":"https:\/\/www.encontravitoria.com.br\/sobre\/agosto-lilas-caminhada-reune-servidores-e-municipes-de-vitoria-no-parque-da-fonte-grande\/","name":"Agosto Lil\u00e1s: caminhada re\u00fane servidores e mun\u00edcipes de Vit\u00f3ria no Parque da Fonte Grande - Encontra Vit\u00f3ria","isPartOf":{"@id":"https:\/\/www.encontravitoria.com.br\/sobre\/#website"},"primaryImageOfPage":{"@id":"https:\/\/www.encontravitoria.com.br\/sobre\/agosto-lilas-caminhada-reune-servidores-e-municipes-de-vitoria-no-parque-da-fonte-grande\/#primaryimage"},"image":{"@id":"https:\/\/www.encontravitoria.com.br\/sobre\/agosto-lilas-caminhada-reune-servidores-e-municipes-de-vitoria-no-parque-da-fonte-grande\/#primaryimage"},"thumbnailUrl":"https:\/\/www.encontravitoria.com.br\/sobre\/wp-content\/uploads\/2026\/09\/agosto-lilas-caminhada-reune-servidores-e-municipes-de-vitoria-no-parque-da-fonte-grande.webp","datePublished":"2026-09-04T11:01:37+00:00","author":{"@id":"https:\/\/www.encontravitoria.com.br\/sobre\/#\/schema\/person\/0f8e5bcc88fbadf1bad57afd504f48a2"},"breadcrumb":{"@id":"https:\/\/www.encontravitoria.com.br\/sobre\/agosto-lilas-caminhada-reune-servidores-e-municipes-de-vitoria-no-parque-da-fonte-grande\/#breadcrumb"},"inLanguage":"pt-BR","potentialAction":[{"@type":"ReadAction","target":["https:\/\/www.encontravitoria.com.br\/sobre\/agosto-lilas-caminhada-reune-servidores-e-municipes-de-vitoria-no-parque-da-fonte-grande\/"]}]},{"@type":"ImageObject","inLanguage":"pt-BR","@id":"https:\/\/www.encontravitoria.com.br\/sobre\/agosto-lilas-caminhada-reune-servidores-e-municipes-de-vitoria-no-parque-da-fonte-grande\/#primaryimage","url":"https:\/\/www.encontravitoria.com.br\/sobre\/wp-content\/uploads\/2026\/09\/agosto-lilas-caminhada-reune-servidores-e-municipes-de-vitoria-no-parque-da-fonte-grande.webp","contentUrl":"https:\/\/www.encontravitoria.com.br\/sobre\/wp-content\/uploads\/2026\/09\/agosto-lilas-caminhada-reune-servidores-e-municipes-de-vitoria-no-parque-da-fonte-grande.webp","width":280,"height":280,"caption":"Agosto Lil\u00e1s"},{"@type":"BreadcrumbList","@id":"https:\/\/www.encontravitoria.com.br\/sobre\/agosto-lilas-caminhada-reune-servidores-e-municipes-de-vitoria-no-parque-da-fonte-grande\/#breadcrumb","itemListElement":[{"@type":"ListItem","position":1,"name":"In\u00edcio","item":"https:\/\/www.encontravitoria.com.br\/sobre\/"},{"@type":"ListItem","position":2,"name":"Agosto Lil\u00e1s: caminhada re\u00fane servidores e mun\u00edcipes de Vit\u00f3ria no Parque da Fonte Grande"}]},{"@type":"WebSite","@id":"https:\/\/www.encontravitoria.com.br\/sobre\/#website","url":"https:\/\/www.encontravitoria.com.br\/sobre\/","name":"Encontra Vit\u00f3ria","description":"Not\u00edcias, eventos, informa\u00e7\u00f5es e dicas na cidade Vit\u00f3ria e regi\u00e3o.","potentialAction":[{"@type":"SearchAction","target":{"@type":"EntryPoint","urlTemplate":"https:\/\/www.encontravitoria.com.br\/sobre\/?s={search_term_string}"},"query-input":{"@type":"PropertyValueSpecification","valueRequired":true,"valueName":"search_term_string"}}],"inLanguage":"pt-BR"},{"@type":"Person","@id":"https:\/\/www.encontravitoria.com.br\/sobre\/#\/schema\/person\/0f8e5bcc88fbadf1bad57afd504f48a2","name":"Encontra Vit\u00f3ria","image":{"@type":"ImageObject","inLanguage":"pt-BR","@id":"https:\/\/secure.gravatar.com\/avatar\/507340682b8270222e1f208e23198b6ae7e2c6a1033ae84e99bc6bce4f82a387?s=96&d=mm&r=g","url":"https:\/\/secure.gravatar.com\/avatar\/507340682b8270222e1f208e23198b6ae7e2c6a1033ae84e99bc6bce4f82a387?s=96&d=mm&r=g","contentUrl":"https:\/\/secure.gravatar.com\/avatar\/507340682b8270222e1f208e23198b6ae7e2c6a1033ae84e99bc6bce4f82a387?s=96&d=mm&r=g","caption":"Encontra Vit\u00f3ria"},"sameAs":["http:\/\/www.encontravitoria.com.br"],"url":"https:\/\/www.encontravitoria.com.br\/sobre\/author\/evitoria\/"}]}},"_links":{"self":[{"href":"https:\/\/www.encontravitoria.com.br\/sobre\/wp-json\/wp\/v2\/posts\/2305","targetHints":{"allow":["GET"]}}],"collection":[{"href":"https:\/\/www.encontravitoria.com.br\/sobre\/wp-json\/wp\/v2\/posts"}],"about":[{"href":"https:\/\/www.encontravitoria.com.br\/sobre\/wp-json\/wp\/v2\/types\/post"}],"author":[{"embeddable":true,"href":"https:\/\/www.encontravitoria.com.br\/sobre\/wp-json\/wp\/v2\/users\/1"}],"replies":[{"embeddable":true,"href":"https:\/\/www.encontravitoria.com.br\/sobre\/wp-json\/wp\/v2\/comments?post=2305"}],"version-history":[{"count":0,"href":"https:\/\/www.encontravitoria.com.br\/sobre\/wp-json\/wp\/v2\/posts\/2305\/revisions"}],"wp:featuredmedia":[{"embeddable":true,"href":"https:\/\/www.encontravitoria.com.br\/sobre\/wp-json\/wp\/v2\/media\/2304"}],"wp:attachment":[{"href":"https:\/\/www.encontravitoria.com.br\/sobre\/wp-json\/wp\/v2\/media?parent=2305"}],"wp:term":[{"taxonomy":"category","embeddable":true,"href":"https:\/\/www.encontravitoria.com.br\/sobre\/wp-json\/wp\/v2\/categories?post=2305"},{"taxonomy":"post_tag","embeddable":true,"href":"https:\/\/www.encontravitoria.com.br\/sobre\/wp-json\/wp\/v2\/tags?post=2305"}],"curies":[{"name":"wp","href":"https:\/\/api.w.org\/{rel}","templated":true}]}}