{"id":2307,"date":"2026-09-04T11:02:49","date_gmt":"2026-09-04T11:02:49","guid":{"rendered":"https:\/\/www.encontravitoria.com.br\/sobre\/vitoria-475-anos-bicicletas-compartilhadas-com-uso-gratuito-para-celebrar-o-aniversario-da-capital\/"},"modified":"2026-09-04T11:02:49","modified_gmt":"2026-09-04T11:02:49","slug":"vitoria-475-anos-bicicletas-compartilhadas-com-uso-gratuito-para-celebrar-o-aniversario-da-capital","status":"publish","type":"post","link":"https:\/\/www.encontravitoria.com.br\/sobre\/vitoria-475-anos-bicicletas-compartilhadas-com-uso-gratuito-para-celebrar-o-aniversario-da-capital\/","title":{"rendered":"Vit\u00f3ria 475 anos: bicicletas compartilhadas com uso gratuito para celebrar o anivers\u00e1rio da capital"},"content":{"rendered":"<div class=\"23ed37709e053b55400ee1990aeffe41\" data-index=\"1\" style=\"float: none; margin:0px;\">\n<!-- Anuncio display - global -->\r\n<ins class=\"adsbygoogle\"\r\n     style=\"display:block\"\r\n     data-ad-client=\"ca-pub-8585364105181520\"\r\n     data-ad-slot=\"8789329856\"\r\n     data-ad-format=\"auto\"\r\n     data-full-width-responsive=\"true\"><\/ins>\r\n<script>\r\n     (adsbygoogle = window.adsbygoogle || []).push({});\r\n<\/script>\n<\/div>\n<h2>Celebra\u00e7\u00e3o dos 475 Anos de Vit\u00f3ria<\/h2>\n<p>No pr\u00f3ximo dia 8 de setembro, a cidade de Vit\u00f3ria, capital do Esp\u00edrito Santo, celebrar\u00e1 seus 475 anos de hist\u00f3ria com uma proposta inovadora: o uso gratuito das bicicletas compartilhadas do sistema <strong>Bike Vit\u00f3ria<\/strong>. Esta iniciativa visa n\u00e3o apenas comemorar a data, mas tamb\u00e9m incentivar o uso de modalidades de transporte sustent\u00e1veis entre moradores e visitantes, proporcionando uma nova maneira de explorar a cidade.<\/p>\n<h2>Como Funciona o Bike Vit\u00f3ria<\/h2>\n<p>O sistema <strong>Bike Vit\u00f3ria<\/strong> conta com 35 esta\u00e7\u00f5es espalhadas pela capital, disponibilizando 220 bicicletas, sendo 32 delas adaptadas para adultos e tr\u00eas para crian\u00e7as. Durante a celebra\u00e7\u00e3o de anivers\u00e1rio, os cidad\u00e3os ter\u00e3o a oportunidade de utilizar as bicicletas de forma gratuita, permitindo um acesso mais democr\u00e1tico ao sistema e estimulando a intera\u00e7\u00e3o com o espa\u00e7o urbano.<\/p>\n<h2>Vantagens do Uso de Bicicletas na Cidade<\/h2>\n<ul>\n<li><strong>Sustentabilidade:<\/strong> As bicicletas n\u00e3o produzem polui\u00e7\u00e3o, sendo uma alternativa ecol\u00f3gica ao transporte motorizado.<\/li>\n<li><strong>Sa\u00fade:<\/strong> Pedalar \u00e9 uma forma eficaz de exerc\u00edcio, contribuindo para o bem-estar f\u00edsico e mental.<\/li>\n<li><strong>Descongestionamento:<\/strong> O uso de bikes ajuda a diminuir o tr\u00e2nsito nas vias urbanas, otimizando o fluxo de ve\u00edculos.<\/li>\n<li><strong>Custo-benef\u00edcio:<\/strong> O uso de bicicletas \u00e9 uma alternativa econ\u00f4mica, j\u00e1 que elimina custos com combust\u00edveis e estacionamento.<\/li>\n<\/ul>\n<h2>Infraestrutura Para Bicicletas em Vit\u00f3ria<\/h2>\n<p>A cidade tem investido em infraestrutura para ciclistas, incluindo a cria\u00e7\u00e3o de ciclovias e ciclofaixas, integrando o sistema de transporte p\u00fablico. Essas iniciativas visam oferecer maior seguran\u00e7a e praticidade aos usu\u00e1rios, promovendo um tr\u00e2nsito mais harmonioso entre diferentes meios de transporte.<\/p>\n<p><img decoding=\"async\" src=\"https:\/\/www.encontravitoria.com.br\/sobre\/wp-content\/uploads\/2026\/09\/vitoria-475-anos-bicicletas-compartilhadas-com-uso-gratuito-para-celebrar-o-aniversario-da-capital.webp\" alt=\"bicicletas compartilhadas\" loading=\"lazy\" \/><\/p>\n<h2>O Papel das Bicicletas na Mobilidade Urbana<\/h2>\n<p>A mobilidade urbana tem se tornado um dos principais desafios nas grandes cidades, e Vit\u00f3ria n\u00e3o \u00e9 exce\u00e7\u00e3o. Com a crescente necessidade de sistemas de transporte eficientes e sustent\u00e1veis, as bicicletas se destacam como uma solu\u00e7\u00e3o vi\u00e1vel, propondo uma redu\u00e7\u00e3o nas emiss\u00f5es de carbono e contribuindo para a melhoria da qualidade do ar.<\/p>\n<h2>Benef\u00edcios da Atividade F\u00edsica ao Ar Livre<\/h2>\n<p>Caminhar e pedalar ao ar livre oferecem n\u00e3o apenas benef\u00edcios f\u00edsicos, mas tamb\u00e9m oportunidades para fortalecer a sa\u00fade mental. A pr\u00e1tica regular de exerc\u00edcios ao ar livre promove a libera\u00e7\u00e3o de endorfinas, melhorando o humor e a qualidade de vida dos indiv\u00edduos. Neste contexto, a utiliza\u00e7\u00e3o das bicicletas torna-se uma atividade acess\u00edvel, al\u00e9m de ser agrad\u00e1vel e revitalizante.<\/p>\n<h2>Parcerias e Apoios do Bike Vit\u00f3ria<\/h2>\n<p>O projeto <strong>Bike Vit\u00f3ria<\/strong> \u00e9 resultado de parcerias entre a Prefeitura de Vit\u00f3ria e institui\u00e7\u00f5es locais como Sicoob ES e Unimed Vit\u00f3ria. Essas colabora\u00e7\u00f5es s\u00e3o fundamentais para garantir a opera\u00e7\u00e3o eficiente do sistema e a realiza\u00e7\u00e3o de eventos que promovam a bicicleta como um meio de transporte vi\u00e1vel e atrativo na capital.<\/p>\n<h2>Dicas para Aproveitar o Uso das Bicicletas<\/h2>\n<ul>\n<li><strong>Fa\u00e7a um Cadastro:<\/strong> Baixe o aplicativo <strong>Bike Vit\u00f3ria<\/strong> e complete seu cadastro para facilitar o acesso \u00e0s bicicletas.<\/li>\n<li><strong>Explore a Cidade:<\/strong> Utilize o dia da gratuidade para conhecer novos trajetos e pontos tur\u00edsticos de Vit\u00f3ria, aproveitando a liberdade que a bicicleta oferece.<\/li>\n<li><strong>Respeite as Regras:<\/strong> Siga as normas de tr\u00e2nsito e utilize sempre as ciclovias e ciclofaixas dispon\u00edveis.<\/li>\n<li><strong>Compartilhe a Experi\u00eancia:<\/strong> Incentive amigos e familiares a tamb\u00e9m utilizarem as bicicletas, tornando o passeio uma atividade comunit\u00e1ria.<\/li>\n<\/ul>\n<h2>Eventos em Vit\u00f3ria Durante o Anivers\u00e1rio<\/h2>\n<p>A celebra\u00e7\u00e3o dos 475 anos de Vit\u00f3ria n\u00e3o se resume \u00e0 gratuidade no uso das bicicletas. A cidade organizar\u00e1 uma s\u00e9rie de eventos durante a data, incluindo atividades culturais, performances art\u00edsticas e feiras gastron\u00f4micas, proporcionando uma grande festa que une a cultura local \u00e0 comemora\u00e7\u00e3o do anivers\u00e1rio da cidade.<\/p>\n<h2>A Sustentabilidade e o Futuro das Cidades<\/h2>\n<p>Iniciativas que promovem a mobilidade sustent\u00e1vel, como o programa <strong>Bike Vit\u00f3ria<\/strong>, s\u00e3o fundamentais para o futuro das cidades. Em um contexto de mudan\u00e7as clim\u00e1ticas e necessidades urgentes de adapta\u00e7\u00e3o, oferecer alternativas que diminuam a depend\u00eancia de ve\u00edculos motorizados se torna essencial. O uso de bicicletas deve ser incentivado n\u00e3o apenas em datas especiais, mas incorporar-se ao cotidiano dos cidad\u00e3os.<\/p>\n\n<div style=\"font-size: 0px; height: 0px; line-height: 0px; margin: 0; padding: 0; clear: both;\"><\/div>","protected":false},"excerpt":{"rendered":"<p>Bicicletas compartilhadas em Vit\u00f3ria estar\u00e3o dispon\u00edveis gratuitamente para celebrar 475 anos da cidade.<\/p>\n","protected":false},"author":1,"featured_media":2306,"comment_status":"open","ping_status":"closed","sticky":false,"template":"","format":"standard","meta":{"footnotes":""},"categories":[36],"tags":[],"class_list":["post-2307","post","type-post","status-publish","format-standard","has-post-thumbnail","hentry","category-bairros-vitoria","has_thumb"],"yoast_head":"<!-- This site is optimized with the Yoast SEO plugin v28.2 - https:\/\/yoast.com\/product\/yoast-seo-wordpress\/ -->\n<title>Vit\u00f3ria 475 anos: bicicletas compartilhadas com uso gratuito para celebrar o anivers\u00e1rio da capital - Encontra Vit\u00f3ria<\/title>\n<meta name=\"robots\" content=\"index, follow, max-snippet:-1, max-image-preview:large, max-video-preview:-1\" \/>\n<link rel=\"canonical\" href=\"https:\/\/www.encontravitoria.com.br\/sobre\/vitoria-475-anos-bicicletas-compartilhadas-com-uso-gratuito-para-celebrar-o-aniversario-da-capital\/\" \/>\n<meta property=\"og:locale\" content=\"pt_BR\" \/>\n<meta property=\"og:type\" content=\"article\" \/>\n<meta property=\"og:title\" content=\"Vit\u00f3ria 475 anos: bicicletas compartilhadas com uso gratuito para celebrar o anivers\u00e1rio da capital - Encontra Vit\u00f3ria\" \/>\n<meta property=\"og:description\" content=\"Bicicletas compartilhadas em Vit\u00f3ria estar\u00e3o dispon\u00edveis gratuitamente para celebrar 475 anos da cidade.\" \/>\n<meta property=\"og:url\" content=\"https:\/\/www.encontravitoria.com.br\/sobre\/vitoria-475-anos-bicicletas-compartilhadas-com-uso-gratuito-para-celebrar-o-aniversario-da-capital\/\" \/>\n<meta property=\"og:site_name\" content=\"Encontra Vit\u00f3ria\" \/>\n<meta property=\"article:published_time\" content=\"2026-09-04T11:02:49+00:00\" \/>\n<meta property=\"og:image\" content=\"https:\/\/www.encontravitoria.com.br\/sobre\/wp-content\/uploads\/2026\/09\/vitoria-475-anos-bicicletas-compartilhadas-com-uso-gratuito-para-celebrar-o-aniversario-da-capital.webp\" \/>\n<meta name=\"author\" content=\"Encontra Vit\u00f3ria\" \/>\n<meta name=\"twitter:card\" content=\"summary_large_image\" \/>\n<meta name=\"twitter:label1\" content=\"Escrito por\" \/>\n\t<meta name=\"twitter:data1\" content=\"Encontra Vit\u00f3ria\" \/>\n\t<meta name=\"twitter:label2\" content=\"Est. tempo de leitura\" \/>\n\t<meta name=\"twitter:data2\" content=\"4 minutos\" \/>\n<script type=\"application\/ld+json\" class=\"yoast-schema-graph\">{\"@context\":\"https:\\\/\\\/schema.org\",\"@graph\":[{\"@type\":\"Article\",\"@id\":\"https:\\\/\\\/www.encontravitoria.com.br\\\/sobre\\\/vitoria-475-anos-bicicletas-compartilhadas-com-uso-gratuito-para-celebrar-o-aniversario-da-capital\\\/#article\",\"isPartOf\":{\"@id\":\"https:\\\/\\\/www.encontravitoria.com.br\\\/sobre\\\/vitoria-475-anos-bicicletas-compartilhadas-com-uso-gratuito-para-celebrar-o-aniversario-da-capital\\\/\"},\"author\":{\"name\":\"Encontra Vit\u00f3ria\",\"@id\":\"https:\\\/\\\/www.encontravitoria.com.br\\\/sobre\\\/#\\\/schema\\\/person\\\/0f8e5bcc88fbadf1bad57afd504f48a2\"},\"headline\":\"Vit\u00f3ria 475 anos: bicicletas compartilhadas com uso gratuito para celebrar o anivers\u00e1rio da capital\",\"datePublished\":\"2026-09-04T11:02:49+00:00\",\"mainEntityOfPage\":{\"@id\":\"https:\\\/\\\/www.encontravitoria.com.br\\\/sobre\\\/vitoria-475-anos-bicicletas-compartilhadas-com-uso-gratuito-para-celebrar-o-aniversario-da-capital\\\/\"},\"wordCount\":737,\"commentCount\":0,\"image\":{\"@id\":\"https:\\\/\\\/www.encontravitoria.com.br\\\/sobre\\\/vitoria-475-anos-bicicletas-compartilhadas-com-uso-gratuito-para-celebrar-o-aniversario-da-capital\\\/#primaryimage\"},\"thumbnailUrl\":\"https:\\\/\\\/www.encontravitoria.com.br\\\/sobre\\\/wp-content\\\/uploads\\\/2026\\\/09\\\/vitoria-475-anos-bicicletas-compartilhadas-com-uso-gratuito-para-celebrar-o-aniversario-da-capital.webp\",\"articleSection\":[\"Bairros Vit\u00f3ria\"],\"inLanguage\":\"pt-BR\",\"potentialAction\":[{\"@type\":\"CommentAction\",\"name\":\"Comment\",\"target\":[\"https:\\\/\\\/www.encontravitoria.com.br\\\/sobre\\\/vitoria-475-anos-bicicletas-compartilhadas-com-uso-gratuito-para-celebrar-o-aniversario-da-capital\\\/#respond\"]}]},{\"@type\":\"WebPage\",\"@id\":\"https:\\\/\\\/www.encontravitoria.com.br\\\/sobre\\\/vitoria-475-anos-bicicletas-compartilhadas-com-uso-gratuito-para-celebrar-o-aniversario-da-capital\\\/\",\"url\":\"https:\\\/\\\/www.encontravitoria.com.br\\\/sobre\\\/vitoria-475-anos-bicicletas-compartilhadas-com-uso-gratuito-para-celebrar-o-aniversario-da-capital\\\/\",\"name\":\"Vit\u00f3ria 475 anos: bicicletas compartilhadas com uso gratuito para celebrar o anivers\u00e1rio da capital - Encontra Vit\u00f3ria\",\"isPartOf\":{\"@id\":\"https:\\\/\\\/www.encontravitoria.com.br\\\/sobre\\\/#website\"},\"primaryImageOfPage\":{\"@id\":\"https:\\\/\\\/www.encontravitoria.com.br\\\/sobre\\\/vitoria-475-anos-bicicletas-compartilhadas-com-uso-gratuito-para-celebrar-o-aniversario-da-capital\\\/#primaryimage\"},\"image\":{\"@id\":\"https:\\\/\\\/www.encontravitoria.com.br\\\/sobre\\\/vitoria-475-anos-bicicletas-compartilhadas-com-uso-gratuito-para-celebrar-o-aniversario-da-capital\\\/#primaryimage\"},\"thumbnailUrl\":\"https:\\\/\\\/www.encontravitoria.com.br\\\/sobre\\\/wp-content\\\/uploads\\\/2026\\\/09\\\/vitoria-475-anos-bicicletas-compartilhadas-com-uso-gratuito-para-celebrar-o-aniversario-da-capital.webp\",\"datePublished\":\"2026-09-04T11:02:49+00:00\",\"author\":{\"@id\":\"https:\\\/\\\/www.encontravitoria.com.br\\\/sobre\\\/#\\\/schema\\\/person\\\/0f8e5bcc88fbadf1bad57afd504f48a2\"},\"breadcrumb\":{\"@id\":\"https:\\\/\\\/www.encontravitoria.com.br\\\/sobre\\\/vitoria-475-anos-bicicletas-compartilhadas-com-uso-gratuito-para-celebrar-o-aniversario-da-capital\\\/#breadcrumb\"},\"inLanguage\":\"pt-BR\",\"potentialAction\":[{\"@type\":\"ReadAction\",\"target\":[\"https:\\\/\\\/www.encontravitoria.com.br\\\/sobre\\\/vitoria-475-anos-bicicletas-compartilhadas-com-uso-gratuito-para-celebrar-o-aniversario-da-capital\\\/\"]}]},{\"@type\":\"ImageObject\",\"inLanguage\":\"pt-BR\",\"@id\":\"https:\\\/\\\/www.encontravitoria.com.br\\\/sobre\\\/vitoria-475-anos-bicicletas-compartilhadas-com-uso-gratuito-para-celebrar-o-aniversario-da-capital\\\/#primaryimage\",\"url\":\"https:\\\/\\\/www.encontravitoria.com.br\\\/sobre\\\/wp-content\\\/uploads\\\/2026\\\/09\\\/vitoria-475-anos-bicicletas-compartilhadas-com-uso-gratuito-para-celebrar-o-aniversario-da-capital.webp\",\"contentUrl\":\"https:\\\/\\\/www.encontravitoria.com.br\\\/sobre\\\/wp-content\\\/uploads\\\/2026\\\/09\\\/vitoria-475-anos-bicicletas-compartilhadas-com-uso-gratuito-para-celebrar-o-aniversario-da-capital.webp\",\"width\":280,\"height\":280,\"caption\":\"bicicletas compartilhadas\"},{\"@type\":\"BreadcrumbList\",\"@id\":\"https:\\\/\\\/www.encontravitoria.com.br\\\/sobre\\\/vitoria-475-anos-bicicletas-compartilhadas-com-uso-gratuito-para-celebrar-o-aniversario-da-capital\\\/#breadcrumb\",\"itemListElement\":[{\"@type\":\"ListItem\",\"position\":1,\"name\":\"In\u00edcio\",\"item\":\"https:\\\/\\\/www.encontravitoria.com.br\\\/sobre\\\/\"},{\"@type\":\"ListItem\",\"position\":2,\"name\":\"Vit\u00f3ria 475 anos: bicicletas compartilhadas com uso gratuito para celebrar o anivers\u00e1rio da capital\"}]},{\"@type\":\"WebSite\",\"@id\":\"https:\\\/\\\/www.encontravitoria.com.br\\\/sobre\\\/#website\",\"url\":\"https:\\\/\\\/www.encontravitoria.com.br\\\/sobre\\\/\",\"name\":\"Encontra Vit\u00f3ria\",\"description\":\"Not\u00edcias, eventos, informa\u00e7\u00f5es e dicas na cidade Vit\u00f3ria e regi\u00e3o.\",\"potentialAction\":[{\"@type\":\"SearchAction\",\"target\":{\"@type\":\"EntryPoint\",\"urlTemplate\":\"https:\\\/\\\/www.encontravitoria.com.br\\\/sobre\\\/?s={search_term_string}\"},\"query-input\":{\"@type\":\"PropertyValueSpecification\",\"valueRequired\":true,\"valueName\":\"search_term_string\"}}],\"inLanguage\":\"pt-BR\"},{\"@type\":\"Person\",\"@id\":\"https:\\\/\\\/www.encontravitoria.com.br\\\/sobre\\\/#\\\/schema\\\/person\\\/0f8e5bcc88fbadf1bad57afd504f48a2\",\"name\":\"Encontra Vit\u00f3ria\",\"image\":{\"@type\":\"ImageObject\",\"inLanguage\":\"pt-BR\",\"@id\":\"https:\\\/\\\/secure.gravatar.com\\\/avatar\\\/507340682b8270222e1f208e23198b6ae7e2c6a1033ae84e99bc6bce4f82a387?s=96&d=mm&r=g\",\"url\":\"https:\\\/\\\/secure.gravatar.com\\\/avatar\\\/507340682b8270222e1f208e23198b6ae7e2c6a1033ae84e99bc6bce4f82a387?s=96&d=mm&r=g\",\"contentUrl\":\"https:\\\/\\\/secure.gravatar.com\\\/avatar\\\/507340682b8270222e1f208e23198b6ae7e2c6a1033ae84e99bc6bce4f82a387?s=96&d=mm&r=g\",\"caption\":\"Encontra Vit\u00f3ria\"},\"sameAs\":[\"http:\\\/\\\/www.encontravitoria.com.br\"],\"url\":\"https:\\\/\\\/www.encontravitoria.com.br\\\/sobre\\\/author\\\/evitoria\\\/\"}]}<\/script>\n<!-- \/ Yoast SEO plugin. -->","yoast_head_json":{"title":"Vit\u00f3ria 475 anos: bicicletas compartilhadas com uso gratuito para celebrar o anivers\u00e1rio da capital - Encontra Vit\u00f3ria","robots":{"index":"index","follow":"follow","max-snippet":"max-snippet:-1","max-image-preview":"max-image-preview:large","max-video-preview":"max-video-preview:-1"},"canonical":"https:\/\/www.encontravitoria.com.br\/sobre\/vitoria-475-anos-bicicletas-compartilhadas-com-uso-gratuito-para-celebrar-o-aniversario-da-capital\/","og_locale":"pt_BR","og_type":"article","og_title":"Vit\u00f3ria 475 anos: bicicletas compartilhadas com uso gratuito para celebrar o anivers\u00e1rio da capital - Encontra Vit\u00f3ria","og_description":"Bicicletas compartilhadas em Vit\u00f3ria estar\u00e3o dispon\u00edveis gratuitamente para celebrar 475 anos da cidade.","og_url":"https:\/\/www.encontravitoria.com.br\/sobre\/vitoria-475-anos-bicicletas-compartilhadas-com-uso-gratuito-para-celebrar-o-aniversario-da-capital\/","og_site_name":"Encontra Vit\u00f3ria","article_published_time":"2026-09-04T11:02:49+00:00","og_image":[{"url":"https:\/\/www.encontravitoria.com.br\/sobre\/wp-content\/uploads\/2026\/09\/vitoria-475-anos-bicicletas-compartilhadas-com-uso-gratuito-para-celebrar-o-aniversario-da-capital.webp","type":"","width":"","height":""}],"author":"Encontra Vit\u00f3ria","twitter_card":"summary_large_image","twitter_misc":{"Escrito por":"Encontra Vit\u00f3ria","Est. tempo de leitura":"4 minutos"},"schema":{"@context":"https:\/\/schema.org","@graph":[{"@type":"Article","@id":"https:\/\/www.encontravitoria.com.br\/sobre\/vitoria-475-anos-bicicletas-compartilhadas-com-uso-gratuito-para-celebrar-o-aniversario-da-capital\/#article","isPartOf":{"@id":"https:\/\/www.encontravitoria.com.br\/sobre\/vitoria-475-anos-bicicletas-compartilhadas-com-uso-gratuito-para-celebrar-o-aniversario-da-capital\/"},"author":{"name":"Encontra Vit\u00f3ria","@id":"https:\/\/www.encontravitoria.com.br\/sobre\/#\/schema\/person\/0f8e5bcc88fbadf1bad57afd504f48a2"},"headline":"Vit\u00f3ria 475 anos: bicicletas compartilhadas com uso gratuito para celebrar o anivers\u00e1rio da capital","datePublished":"2026-09-04T11:02:49+00:00","mainEntityOfPage":{"@id":"https:\/\/www.encontravitoria.com.br\/sobre\/vitoria-475-anos-bicicletas-compartilhadas-com-uso-gratuito-para-celebrar-o-aniversario-da-capital\/"},"wordCount":737,"commentCount":0,"image":{"@id":"https:\/\/www.encontravitoria.com.br\/sobre\/vitoria-475-anos-bicicletas-compartilhadas-com-uso-gratuito-para-celebrar-o-aniversario-da-capital\/#primaryimage"},"thumbnailUrl":"https:\/\/www.encontravitoria.com.br\/sobre\/wp-content\/uploads\/2026\/09\/vitoria-475-anos-bicicletas-compartilhadas-com-uso-gratuito-para-celebrar-o-aniversario-da-capital.webp","articleSection":["Bairros Vit\u00f3ria"],"inLanguage":"pt-BR","potentialAction":[{"@type":"CommentAction","name":"Comment","target":["https:\/\/www.encontravitoria.com.br\/sobre\/vitoria-475-anos-bicicletas-compartilhadas-com-uso-gratuito-para-celebrar-o-aniversario-da-capital\/#respond"]}]},{"@type":"WebPage","@id":"https:\/\/www.encontravitoria.com.br\/sobre\/vitoria-475-anos-bicicletas-compartilhadas-com-uso-gratuito-para-celebrar-o-aniversario-da-capital\/","url":"https:\/\/www.encontravitoria.com.br\/sobre\/vitoria-475-anos-bicicletas-compartilhadas-com-uso-gratuito-para-celebrar-o-aniversario-da-capital\/","name":"Vit\u00f3ria 475 anos: bicicletas compartilhadas com uso gratuito para celebrar o anivers\u00e1rio da capital - Encontra Vit\u00f3ria","isPartOf":{"@id":"https:\/\/www.encontravitoria.com.br\/sobre\/#website"},"primaryImageOfPage":{"@id":"https:\/\/www.encontravitoria.com.br\/sobre\/vitoria-475-anos-bicicletas-compartilhadas-com-uso-gratuito-para-celebrar-o-aniversario-da-capital\/#primaryimage"},"image":{"@id":"https:\/\/www.encontravitoria.com.br\/sobre\/vitoria-475-anos-bicicletas-compartilhadas-com-uso-gratuito-para-celebrar-o-aniversario-da-capital\/#primaryimage"},"thumbnailUrl":"https:\/\/www.encontravitoria.com.br\/sobre\/wp-content\/uploads\/2026\/09\/vitoria-475-anos-bicicletas-compartilhadas-com-uso-gratuito-para-celebrar-o-aniversario-da-capital.webp","datePublished":"2026-09-04T11:02:49+00:00","author":{"@id":"https:\/\/www.encontravitoria.com.br\/sobre\/#\/schema\/person\/0f8e5bcc88fbadf1bad57afd504f48a2"},"breadcrumb":{"@id":"https:\/\/www.encontravitoria.com.br\/sobre\/vitoria-475-anos-bicicletas-compartilhadas-com-uso-gratuito-para-celebrar-o-aniversario-da-capital\/#breadcrumb"},"inLanguage":"pt-BR","potentialAction":[{"@type":"ReadAction","target":["https:\/\/www.encontravitoria.com.br\/sobre\/vitoria-475-anos-bicicletas-compartilhadas-com-uso-gratuito-para-celebrar-o-aniversario-da-capital\/"]}]},{"@type":"ImageObject","inLanguage":"pt-BR","@id":"https:\/\/www.encontravitoria.com.br\/sobre\/vitoria-475-anos-bicicletas-compartilhadas-com-uso-gratuito-para-celebrar-o-aniversario-da-capital\/#primaryimage","url":"https:\/\/www.encontravitoria.com.br\/sobre\/wp-content\/uploads\/2026\/09\/vitoria-475-anos-bicicletas-compartilhadas-com-uso-gratuito-para-celebrar-o-aniversario-da-capital.webp","contentUrl":"https:\/\/www.encontravitoria.com.br\/sobre\/wp-content\/uploads\/2026\/09\/vitoria-475-anos-bicicletas-compartilhadas-com-uso-gratuito-para-celebrar-o-aniversario-da-capital.webp","width":280,"height":280,"caption":"bicicletas compartilhadas"},{"@type":"BreadcrumbList","@id":"https:\/\/www.encontravitoria.com.br\/sobre\/vitoria-475-anos-bicicletas-compartilhadas-com-uso-gratuito-para-celebrar-o-aniversario-da-capital\/#breadcrumb","itemListElement":[{"@type":"ListItem","position":1,"name":"In\u00edcio","item":"https:\/\/www.encontravitoria.com.br\/sobre\/"},{"@type":"ListItem","position":2,"name":"Vit\u00f3ria 475 anos: bicicletas compartilhadas com uso gratuito para celebrar o anivers\u00e1rio da capital"}]},{"@type":"WebSite","@id":"https:\/\/www.encontravitoria.com.br\/sobre\/#website","url":"https:\/\/www.encontravitoria.com.br\/sobre\/","name":"Encontra Vit\u00f3ria","description":"Not\u00edcias, eventos, informa\u00e7\u00f5es e dicas na cidade Vit\u00f3ria e regi\u00e3o.","potentialAction":[{"@type":"SearchAction","target":{"@type":"EntryPoint","urlTemplate":"https:\/\/www.encontravitoria.com.br\/sobre\/?s={search_term_string}"},"query-input":{"@type":"PropertyValueSpecification","valueRequired":true,"valueName":"search_term_string"}}],"inLanguage":"pt-BR"},{"@type":"Person","@id":"https:\/\/www.encontravitoria.com.br\/sobre\/#\/schema\/person\/0f8e5bcc88fbadf1bad57afd504f48a2","name":"Encontra Vit\u00f3ria","image":{"@type":"ImageObject","inLanguage":"pt-BR","@id":"https:\/\/secure.gravatar.com\/avatar\/507340682b8270222e1f208e23198b6ae7e2c6a1033ae84e99bc6bce4f82a387?s=96&d=mm&r=g","url":"https:\/\/secure.gravatar.com\/avatar\/507340682b8270222e1f208e23198b6ae7e2c6a1033ae84e99bc6bce4f82a387?s=96&d=mm&r=g","contentUrl":"https:\/\/secure.gravatar.com\/avatar\/507340682b8270222e1f208e23198b6ae7e2c6a1033ae84e99bc6bce4f82a387?s=96&d=mm&r=g","caption":"Encontra Vit\u00f3ria"},"sameAs":["http:\/\/www.encontravitoria.com.br"],"url":"https:\/\/www.encontravitoria.com.br\/sobre\/author\/evitoria\/"}]}},"_links":{"self":[{"href":"https:\/\/www.encontravitoria.com.br\/sobre\/wp-json\/wp\/v2\/posts\/2307","targetHints":{"allow":["GET"]}}],"collection":[{"href":"https:\/\/www.encontravitoria.com.br\/sobre\/wp-json\/wp\/v2\/posts"}],"about":[{"href":"https:\/\/www.encontravitoria.com.br\/sobre\/wp-json\/wp\/v2\/types\/post"}],"author":[{"embeddable":true,"href":"https:\/\/www.encontravitoria.com.br\/sobre\/wp-json\/wp\/v2\/users\/1"}],"replies":[{"embeddable":true,"href":"https:\/\/www.encontravitoria.com.br\/sobre\/wp-json\/wp\/v2\/comments?post=2307"}],"version-history":[{"count":0,"href":"https:\/\/www.encontravitoria.com.br\/sobre\/wp-json\/wp\/v2\/posts\/2307\/revisions"}],"wp:featuredmedia":[{"embeddable":true,"href":"https:\/\/www.encontravitoria.com.br\/sobre\/wp-json\/wp\/v2\/media\/2306"}],"wp:attachment":[{"href":"https:\/\/www.encontravitoria.com.br\/sobre\/wp-json\/wp\/v2\/media?parent=2307"}],"wp:term":[{"taxonomy":"category","embeddable":true,"href":"https:\/\/www.encontravitoria.com.br\/sobre\/wp-json\/wp\/v2\/categories?post=2307"},{"taxonomy":"post_tag","embeddable":true,"href":"https:\/\/www.encontravitoria.com.br\/sobre\/wp-json\/wp\/v2\/tags?post=2307"}],"curies":[{"name":"wp","href":"https:\/\/api.w.org\/{rel}","templated":true}]}}