{"id":2309,"date":"2026-09-05T01:19:33","date_gmt":"2026-09-05T01:19:33","guid":{"rendered":"https:\/\/www.encontravitoria.com.br\/sobre\/desfile-de-7-de-setembro-confira-as-mudancas-no-transito-na-capital-para-o-evento\/"},"modified":"2026-09-05T01:19:33","modified_gmt":"2026-09-05T01:19:33","slug":"desfile-de-7-de-setembro-confira-as-mudancas-no-transito-na-capital-para-o-evento","status":"publish","type":"post","link":"https:\/\/www.encontravitoria.com.br\/sobre\/desfile-de-7-de-setembro-confira-as-mudancas-no-transito-na-capital-para-o-evento\/","title":{"rendered":"Desfile de 7 de Setembro: confira as mudan\u00e7as no tr\u00e2nsito na capital para o evento"},"content":{"rendered":"<div class=\"23ed37709e053b55400ee1990aeffe41\" data-index=\"1\" style=\"float: none; margin:0px;\">\n<!-- Anuncio display - global -->\r\n<ins class=\"adsbygoogle\"\r\n     style=\"display:block\"\r\n     data-ad-client=\"ca-pub-8585364105181520\"\r\n     data-ad-slot=\"8789329856\"\r\n     data-ad-format=\"auto\"\r\n     data-full-width-responsive=\"true\"><\/ins>\r\n<script>\r\n     (adsbygoogle = window.adsbygoogle || []).push({});\r\n<\/script>\n<\/div>\n<h2>Sugest\u00f5es para o p\u00fablico visitante<\/h2>\n<p>O evento do Desfile de 7 de Setembro \u00e9 uma oportunidade \u00edmpar de celebrar a cultura e a cidadania. Assim, os visitantes s\u00e3o incentivados a participar com alegria, vestindo roupas que representem a bandeira do Brasil ou com acess\u00f3rios tem\u00e1ticos. Interagir de forma respeitosa com o p\u00fablico e os funcion\u00e1rios do evento tamb\u00e9m contribui para a boa atmosfera da festividade.<\/p>\n<p><img decoding=\"async\" src=\"https:\/\/www.encontravitoria.com.br\/sobre\/wp-content\/uploads\/2026\/09\/desfile-de-7-de-setembro-confira-as-mudancas-no-transito-na-capital-para-o-evento.webp\" alt=\"Desfile de 7 de Setembro\" loading=\"lazy\" \/><\/p>\n\n<div style=\"font-size: 0px; height: 0px; line-height: 0px; margin: 0; padding: 0; clear: both;\"><\/div>","protected":false},"excerpt":{"rendered":"<p>Mudan\u00e7as no tr\u00e2nsito em Vit\u00f3ria para o desfile de 7 de setembro impactar\u00e3o sua rota.<\/p>\n","protected":false},"author":1,"featured_media":2308,"comment_status":"open","ping_status":"closed","sticky":false,"template":"","format":"standard","meta":{"footnotes":""},"categories":[6],"tags":[],"class_list":["post-2309","post","type-post","status-publish","format-standard","has-post-thumbnail","hentry","category-noticias-em-vitoria","has_thumb"],"yoast_head":"<!-- This site is optimized with the Yoast SEO plugin v28.2 - https:\/\/yoast.com\/product\/yoast-seo-wordpress\/ -->\n<title>Desfile de 7 de Setembro: confira as mudan\u00e7as no tr\u00e2nsito na capital para o evento - Encontra Vit\u00f3ria<\/title>\n<meta name=\"robots\" content=\"index, follow, max-snippet:-1, max-image-preview:large, max-video-preview:-1\" \/>\n<link rel=\"canonical\" href=\"https:\/\/www.encontravitoria.com.br\/sobre\/desfile-de-7-de-setembro-confira-as-mudancas-no-transito-na-capital-para-o-evento\/\" \/>\n<meta property=\"og:locale\" content=\"pt_BR\" \/>\n<meta property=\"og:type\" content=\"article\" \/>\n<meta property=\"og:title\" content=\"Desfile de 7 de Setembro: confira as mudan\u00e7as no tr\u00e2nsito na capital para o evento - Encontra Vit\u00f3ria\" \/>\n<meta property=\"og:description\" content=\"Mudan\u00e7as no tr\u00e2nsito em Vit\u00f3ria para o desfile de 7 de setembro impactar\u00e3o sua rota.\" \/>\n<meta property=\"og:url\" content=\"https:\/\/www.encontravitoria.com.br\/sobre\/desfile-de-7-de-setembro-confira-as-mudancas-no-transito-na-capital-para-o-evento\/\" \/>\n<meta property=\"og:site_name\" content=\"Encontra Vit\u00f3ria\" \/>\n<meta property=\"article:published_time\" content=\"2026-09-05T01:19:33+00:00\" \/>\n<meta property=\"og:image\" content=\"https:\/\/www.encontravitoria.com.br\/sobre\/wp-content\/uploads\/2026\/09\/desfile-de-7-de-setembro-confira-as-mudancas-no-transito-na-capital-para-o-evento.webp\" \/>\n<meta name=\"author\" content=\"Encontra Vit\u00f3ria\" \/>\n<meta name=\"twitter:card\" content=\"summary_large_image\" \/>\n<meta name=\"twitter:label1\" content=\"Escrito por\" \/>\n\t<meta name=\"twitter:data1\" content=\"Encontra Vit\u00f3ria\" \/>\n<script type=\"application\/ld+json\" class=\"yoast-schema-graph\">{\"@context\":\"https:\\\/\\\/schema.org\",\"@graph\":[{\"@type\":\"Article\",\"@id\":\"https:\\\/\\\/www.encontravitoria.com.br\\\/sobre\\\/desfile-de-7-de-setembro-confira-as-mudancas-no-transito-na-capital-para-o-evento\\\/#article\",\"isPartOf\":{\"@id\":\"https:\\\/\\\/www.encontravitoria.com.br\\\/sobre\\\/desfile-de-7-de-setembro-confira-as-mudancas-no-transito-na-capital-para-o-evento\\\/\"},\"author\":{\"name\":\"Encontra Vit\u00f3ria\",\"@id\":\"https:\\\/\\\/www.encontravitoria.com.br\\\/sobre\\\/#\\\/schema\\\/person\\\/0f8e5bcc88fbadf1bad57afd504f48a2\"},\"headline\":\"Desfile de 7 de Setembro: confira as mudan\u00e7as no tr\u00e2nsito na capital para o evento\",\"datePublished\":\"2026-09-05T01:19:33+00:00\",\"mainEntityOfPage\":{\"@id\":\"https:\\\/\\\/www.encontravitoria.com.br\\\/sobre\\\/desfile-de-7-de-setembro-confira-as-mudancas-no-transito-na-capital-para-o-evento\\\/\"},\"wordCount\":87,\"commentCount\":0,\"image\":{\"@id\":\"https:\\\/\\\/www.encontravitoria.com.br\\\/sobre\\\/desfile-de-7-de-setembro-confira-as-mudancas-no-transito-na-capital-para-o-evento\\\/#primaryimage\"},\"thumbnailUrl\":\"https:\\\/\\\/www.encontravitoria.com.br\\\/sobre\\\/wp-content\\\/uploads\\\/2026\\\/09\\\/desfile-de-7-de-setembro-confira-as-mudancas-no-transito-na-capital-para-o-evento.webp\",\"articleSection\":[\"Not\u00edcias Vit\u00f3ria\"],\"inLanguage\":\"pt-BR\",\"potentialAction\":[{\"@type\":\"CommentAction\",\"name\":\"Comment\",\"target\":[\"https:\\\/\\\/www.encontravitoria.com.br\\\/sobre\\\/desfile-de-7-de-setembro-confira-as-mudancas-no-transito-na-capital-para-o-evento\\\/#respond\"]}]},{\"@type\":\"WebPage\",\"@id\":\"https:\\\/\\\/www.encontravitoria.com.br\\\/sobre\\\/desfile-de-7-de-setembro-confira-as-mudancas-no-transito-na-capital-para-o-evento\\\/\",\"url\":\"https:\\\/\\\/www.encontravitoria.com.br\\\/sobre\\\/desfile-de-7-de-setembro-confira-as-mudancas-no-transito-na-capital-para-o-evento\\\/\",\"name\":\"Desfile de 7 de Setembro: confira as mudan\u00e7as no tr\u00e2nsito na capital para o evento - Encontra Vit\u00f3ria\",\"isPartOf\":{\"@id\":\"https:\\\/\\\/www.encontravitoria.com.br\\\/sobre\\\/#website\"},\"primaryImageOfPage\":{\"@id\":\"https:\\\/\\\/www.encontravitoria.com.br\\\/sobre\\\/desfile-de-7-de-setembro-confira-as-mudancas-no-transito-na-capital-para-o-evento\\\/#primaryimage\"},\"image\":{\"@id\":\"https:\\\/\\\/www.encontravitoria.com.br\\\/sobre\\\/desfile-de-7-de-setembro-confira-as-mudancas-no-transito-na-capital-para-o-evento\\\/#primaryimage\"},\"thumbnailUrl\":\"https:\\\/\\\/www.encontravitoria.com.br\\\/sobre\\\/wp-content\\\/uploads\\\/2026\\\/09\\\/desfile-de-7-de-setembro-confira-as-mudancas-no-transito-na-capital-para-o-evento.webp\",\"datePublished\":\"2026-09-05T01:19:33+00:00\",\"author\":{\"@id\":\"https:\\\/\\\/www.encontravitoria.com.br\\\/sobre\\\/#\\\/schema\\\/person\\\/0f8e5bcc88fbadf1bad57afd504f48a2\"},\"breadcrumb\":{\"@id\":\"https:\\\/\\\/www.encontravitoria.com.br\\\/sobre\\\/desfile-de-7-de-setembro-confira-as-mudancas-no-transito-na-capital-para-o-evento\\\/#breadcrumb\"},\"inLanguage\":\"pt-BR\",\"potentialAction\":[{\"@type\":\"ReadAction\",\"target\":[\"https:\\\/\\\/www.encontravitoria.com.br\\\/sobre\\\/desfile-de-7-de-setembro-confira-as-mudancas-no-transito-na-capital-para-o-evento\\\/\"]}]},{\"@type\":\"ImageObject\",\"inLanguage\":\"pt-BR\",\"@id\":\"https:\\\/\\\/www.encontravitoria.com.br\\\/sobre\\\/desfile-de-7-de-setembro-confira-as-mudancas-no-transito-na-capital-para-o-evento\\\/#primaryimage\",\"url\":\"https:\\\/\\\/www.encontravitoria.com.br\\\/sobre\\\/wp-content\\\/uploads\\\/2026\\\/09\\\/desfile-de-7-de-setembro-confira-as-mudancas-no-transito-na-capital-para-o-evento.webp\",\"contentUrl\":\"https:\\\/\\\/www.encontravitoria.com.br\\\/sobre\\\/wp-content\\\/uploads\\\/2026\\\/09\\\/desfile-de-7-de-setembro-confira-as-mudancas-no-transito-na-capital-para-o-evento.webp\",\"width\":280,\"height\":280,\"caption\":\"Desfile de 7 de Setembro\"},{\"@type\":\"BreadcrumbList\",\"@id\":\"https:\\\/\\\/www.encontravitoria.com.br\\\/sobre\\\/desfile-de-7-de-setembro-confira-as-mudancas-no-transito-na-capital-para-o-evento\\\/#breadcrumb\",\"itemListElement\":[{\"@type\":\"ListItem\",\"position\":1,\"name\":\"In\u00edcio\",\"item\":\"https:\\\/\\\/www.encontravitoria.com.br\\\/sobre\\\/\"},{\"@type\":\"ListItem\",\"position\":2,\"name\":\"Desfile de 7 de Setembro: confira as mudan\u00e7as no tr\u00e2nsito na capital para o evento\"}]},{\"@type\":\"WebSite\",\"@id\":\"https:\\\/\\\/www.encontravitoria.com.br\\\/sobre\\\/#website\",\"url\":\"https:\\\/\\\/www.encontravitoria.com.br\\\/sobre\\\/\",\"name\":\"Encontra Vit\u00f3ria\",\"description\":\"Not\u00edcias, eventos, informa\u00e7\u00f5es e dicas na cidade Vit\u00f3ria e regi\u00e3o.\",\"potentialAction\":[{\"@type\":\"SearchAction\",\"target\":{\"@type\":\"EntryPoint\",\"urlTemplate\":\"https:\\\/\\\/www.encontravitoria.com.br\\\/sobre\\\/?s={search_term_string}\"},\"query-input\":{\"@type\":\"PropertyValueSpecification\",\"valueRequired\":true,\"valueName\":\"search_term_string\"}}],\"inLanguage\":\"pt-BR\"},{\"@type\":\"Person\",\"@id\":\"https:\\\/\\\/www.encontravitoria.com.br\\\/sobre\\\/#\\\/schema\\\/person\\\/0f8e5bcc88fbadf1bad57afd504f48a2\",\"name\":\"Encontra Vit\u00f3ria\",\"image\":{\"@type\":\"ImageObject\",\"inLanguage\":\"pt-BR\",\"@id\":\"https:\\\/\\\/secure.gravatar.com\\\/avatar\\\/507340682b8270222e1f208e23198b6ae7e2c6a1033ae84e99bc6bce4f82a387?s=96&d=mm&r=g\",\"url\":\"https:\\\/\\\/secure.gravatar.com\\\/avatar\\\/507340682b8270222e1f208e23198b6ae7e2c6a1033ae84e99bc6bce4f82a387?s=96&d=mm&r=g\",\"contentUrl\":\"https:\\\/\\\/secure.gravatar.com\\\/avatar\\\/507340682b8270222e1f208e23198b6ae7e2c6a1033ae84e99bc6bce4f82a387?s=96&d=mm&r=g\",\"caption\":\"Encontra Vit\u00f3ria\"},\"sameAs\":[\"http:\\\/\\\/www.encontravitoria.com.br\"],\"url\":\"https:\\\/\\\/www.encontravitoria.com.br\\\/sobre\\\/author\\\/evitoria\\\/\"}]}<\/script>\n<!-- \/ Yoast SEO plugin. -->","yoast_head_json":{"title":"Desfile de 7 de Setembro: confira as mudan\u00e7as no tr\u00e2nsito na capital para o evento - Encontra Vit\u00f3ria","robots":{"index":"index","follow":"follow","max-snippet":"max-snippet:-1","max-image-preview":"max-image-preview:large","max-video-preview":"max-video-preview:-1"},"canonical":"https:\/\/www.encontravitoria.com.br\/sobre\/desfile-de-7-de-setembro-confira-as-mudancas-no-transito-na-capital-para-o-evento\/","og_locale":"pt_BR","og_type":"article","og_title":"Desfile de 7 de Setembro: confira as mudan\u00e7as no tr\u00e2nsito na capital para o evento - Encontra Vit\u00f3ria","og_description":"Mudan\u00e7as no tr\u00e2nsito em Vit\u00f3ria para o desfile de 7 de setembro impactar\u00e3o sua rota.","og_url":"https:\/\/www.encontravitoria.com.br\/sobre\/desfile-de-7-de-setembro-confira-as-mudancas-no-transito-na-capital-para-o-evento\/","og_site_name":"Encontra Vit\u00f3ria","article_published_time":"2026-09-05T01:19:33+00:00","og_image":[{"url":"https:\/\/www.encontravitoria.com.br\/sobre\/wp-content\/uploads\/2026\/09\/desfile-de-7-de-setembro-confira-as-mudancas-no-transito-na-capital-para-o-evento.webp","type":"","width":"","height":""}],"author":"Encontra Vit\u00f3ria","twitter_card":"summary_large_image","twitter_misc":{"Escrito por":"Encontra Vit\u00f3ria"},"schema":{"@context":"https:\/\/schema.org","@graph":[{"@type":"Article","@id":"https:\/\/www.encontravitoria.com.br\/sobre\/desfile-de-7-de-setembro-confira-as-mudancas-no-transito-na-capital-para-o-evento\/#article","isPartOf":{"@id":"https:\/\/www.encontravitoria.com.br\/sobre\/desfile-de-7-de-setembro-confira-as-mudancas-no-transito-na-capital-para-o-evento\/"},"author":{"name":"Encontra Vit\u00f3ria","@id":"https:\/\/www.encontravitoria.com.br\/sobre\/#\/schema\/person\/0f8e5bcc88fbadf1bad57afd504f48a2"},"headline":"Desfile de 7 de Setembro: confira as mudan\u00e7as no tr\u00e2nsito na capital para o evento","datePublished":"2026-09-05T01:19:33+00:00","mainEntityOfPage":{"@id":"https:\/\/www.encontravitoria.com.br\/sobre\/desfile-de-7-de-setembro-confira-as-mudancas-no-transito-na-capital-para-o-evento\/"},"wordCount":87,"commentCount":0,"image":{"@id":"https:\/\/www.encontravitoria.com.br\/sobre\/desfile-de-7-de-setembro-confira-as-mudancas-no-transito-na-capital-para-o-evento\/#primaryimage"},"thumbnailUrl":"https:\/\/www.encontravitoria.com.br\/sobre\/wp-content\/uploads\/2026\/09\/desfile-de-7-de-setembro-confira-as-mudancas-no-transito-na-capital-para-o-evento.webp","articleSection":["Not\u00edcias Vit\u00f3ria"],"inLanguage":"pt-BR","potentialAction":[{"@type":"CommentAction","name":"Comment","target":["https:\/\/www.encontravitoria.com.br\/sobre\/desfile-de-7-de-setembro-confira-as-mudancas-no-transito-na-capital-para-o-evento\/#respond"]}]},{"@type":"WebPage","@id":"https:\/\/www.encontravitoria.com.br\/sobre\/desfile-de-7-de-setembro-confira-as-mudancas-no-transito-na-capital-para-o-evento\/","url":"https:\/\/www.encontravitoria.com.br\/sobre\/desfile-de-7-de-setembro-confira-as-mudancas-no-transito-na-capital-para-o-evento\/","name":"Desfile de 7 de Setembro: confira as mudan\u00e7as no tr\u00e2nsito na capital para o evento - Encontra Vit\u00f3ria","isPartOf":{"@id":"https:\/\/www.encontravitoria.com.br\/sobre\/#website"},"primaryImageOfPage":{"@id":"https:\/\/www.encontravitoria.com.br\/sobre\/desfile-de-7-de-setembro-confira-as-mudancas-no-transito-na-capital-para-o-evento\/#primaryimage"},"image":{"@id":"https:\/\/www.encontravitoria.com.br\/sobre\/desfile-de-7-de-setembro-confira-as-mudancas-no-transito-na-capital-para-o-evento\/#primaryimage"},"thumbnailUrl":"https:\/\/www.encontravitoria.com.br\/sobre\/wp-content\/uploads\/2026\/09\/desfile-de-7-de-setembro-confira-as-mudancas-no-transito-na-capital-para-o-evento.webp","datePublished":"2026-09-05T01:19:33+00:00","author":{"@id":"https:\/\/www.encontravitoria.com.br\/sobre\/#\/schema\/person\/0f8e5bcc88fbadf1bad57afd504f48a2"},"breadcrumb":{"@id":"https:\/\/www.encontravitoria.com.br\/sobre\/desfile-de-7-de-setembro-confira-as-mudancas-no-transito-na-capital-para-o-evento\/#breadcrumb"},"inLanguage":"pt-BR","potentialAction":[{"@type":"ReadAction","target":["https:\/\/www.encontravitoria.com.br\/sobre\/desfile-de-7-de-setembro-confira-as-mudancas-no-transito-na-capital-para-o-evento\/"]}]},{"@type":"ImageObject","inLanguage":"pt-BR","@id":"https:\/\/www.encontravitoria.com.br\/sobre\/desfile-de-7-de-setembro-confira-as-mudancas-no-transito-na-capital-para-o-evento\/#primaryimage","url":"https:\/\/www.encontravitoria.com.br\/sobre\/wp-content\/uploads\/2026\/09\/desfile-de-7-de-setembro-confira-as-mudancas-no-transito-na-capital-para-o-evento.webp","contentUrl":"https:\/\/www.encontravitoria.com.br\/sobre\/wp-content\/uploads\/2026\/09\/desfile-de-7-de-setembro-confira-as-mudancas-no-transito-na-capital-para-o-evento.webp","width":280,"height":280,"caption":"Desfile de 7 de Setembro"},{"@type":"BreadcrumbList","@id":"https:\/\/www.encontravitoria.com.br\/sobre\/desfile-de-7-de-setembro-confira-as-mudancas-no-transito-na-capital-para-o-evento\/#breadcrumb","itemListElement":[{"@type":"ListItem","position":1,"name":"In\u00edcio","item":"https:\/\/www.encontravitoria.com.br\/sobre\/"},{"@type":"ListItem","position":2,"name":"Desfile de 7 de Setembro: confira as mudan\u00e7as no tr\u00e2nsito na capital para o evento"}]},{"@type":"WebSite","@id":"https:\/\/www.encontravitoria.com.br\/sobre\/#website","url":"https:\/\/www.encontravitoria.com.br\/sobre\/","name":"Encontra Vit\u00f3ria","description":"Not\u00edcias, eventos, informa\u00e7\u00f5es e dicas na cidade Vit\u00f3ria e regi\u00e3o.","potentialAction":[{"@type":"SearchAction","target":{"@type":"EntryPoint","urlTemplate":"https:\/\/www.encontravitoria.com.br\/sobre\/?s={search_term_string}"},"query-input":{"@type":"PropertyValueSpecification","valueRequired":true,"valueName":"search_term_string"}}],"inLanguage":"pt-BR"},{"@type":"Person","@id":"https:\/\/www.encontravitoria.com.br\/sobre\/#\/schema\/person\/0f8e5bcc88fbadf1bad57afd504f48a2","name":"Encontra Vit\u00f3ria","image":{"@type":"ImageObject","inLanguage":"pt-BR","@id":"https:\/\/secure.gravatar.com\/avatar\/507340682b8270222e1f208e23198b6ae7e2c6a1033ae84e99bc6bce4f82a387?s=96&d=mm&r=g","url":"https:\/\/secure.gravatar.com\/avatar\/507340682b8270222e1f208e23198b6ae7e2c6a1033ae84e99bc6bce4f82a387?s=96&d=mm&r=g","contentUrl":"https:\/\/secure.gravatar.com\/avatar\/507340682b8270222e1f208e23198b6ae7e2c6a1033ae84e99bc6bce4f82a387?s=96&d=mm&r=g","caption":"Encontra Vit\u00f3ria"},"sameAs":["http:\/\/www.encontravitoria.com.br"],"url":"https:\/\/www.encontravitoria.com.br\/sobre\/author\/evitoria\/"}]}},"_links":{"self":[{"href":"https:\/\/www.encontravitoria.com.br\/sobre\/wp-json\/wp\/v2\/posts\/2309","targetHints":{"allow":["GET"]}}],"collection":[{"href":"https:\/\/www.encontravitoria.com.br\/sobre\/wp-json\/wp\/v2\/posts"}],"about":[{"href":"https:\/\/www.encontravitoria.com.br\/sobre\/wp-json\/wp\/v2\/types\/post"}],"author":[{"embeddable":true,"href":"https:\/\/www.encontravitoria.com.br\/sobre\/wp-json\/wp\/v2\/users\/1"}],"replies":[{"embeddable":true,"href":"https:\/\/www.encontravitoria.com.br\/sobre\/wp-json\/wp\/v2\/comments?post=2309"}],"version-history":[{"count":0,"href":"https:\/\/www.encontravitoria.com.br\/sobre\/wp-json\/wp\/v2\/posts\/2309\/revisions"}],"wp:featuredmedia":[{"embeddable":true,"href":"https:\/\/www.encontravitoria.com.br\/sobre\/wp-json\/wp\/v2\/media\/2308"}],"wp:attachment":[{"href":"https:\/\/www.encontravitoria.com.br\/sobre\/wp-json\/wp\/v2\/media?parent=2309"}],"wp:term":[{"taxonomy":"category","embeddable":true,"href":"https:\/\/www.encontravitoria.com.br\/sobre\/wp-json\/wp\/v2\/categories?post=2309"},{"taxonomy":"post_tag","embeddable":true,"href":"https:\/\/www.encontravitoria.com.br\/sobre\/wp-json\/wp\/v2\/tags?post=2309"}],"curies":[{"name":"wp","href":"https:\/\/api.w.org\/{rel}","templated":true}]}}