{"id":2311,"date":"2026-09-05T01:20:33","date_gmt":"2026-09-05T01:20:33","guid":{"rendered":"https:\/\/www.encontravitoria.com.br\/sobre\/vitoria-475-anos-festa-e-musica-ocupam-diferentes-regioes-da-cidade-no-dia-8-de-setembro\/"},"modified":"2026-09-05T01:20:33","modified_gmt":"2026-09-05T01:20:33","slug":"vitoria-475-anos-festa-e-musica-ocupam-diferentes-regioes-da-cidade-no-dia-8-de-setembro","status":"publish","type":"post","link":"https:\/\/www.encontravitoria.com.br\/sobre\/vitoria-475-anos-festa-e-musica-ocupam-diferentes-regioes-da-cidade-no-dia-8-de-setembro\/","title":{"rendered":"Vit\u00f3ria 475 anos: festa e m\u00fasica ocupam diferentes regi\u00f5es da cidade no dia 8 de setembro"},"content":{"rendered":"<div class=\"23ed37709e053b55400ee1990aeffe41\" data-index=\"1\" style=\"float: none; margin:0px;\">\n<!-- Anuncio display - global -->\r\n<ins class=\"adsbygoogle\"\r\n     style=\"display:block\"\r\n     data-ad-client=\"ca-pub-8585364105181520\"\r\n     data-ad-slot=\"8789329856\"\r\n     data-ad-format=\"auto\"\r\n     data-full-width-responsive=\"true\"><\/ins>\r\n<script>\r\n     (adsbygoogle = window.adsbygoogle || []).push({});\r\n<\/script>\n<\/div>\n<h2>Uma Festa Hist\u00f3rica para Celebrar Vit\u00f3ria<\/h2>\n<p>No dia 8 de setembro de 2023, Vit\u00f3ria se vestir\u00e1 de festa, comemorando seus 475 anos de hist\u00f3ria. O munic\u00edpio \u00e9 conhecido por sua rica cultura e diversidade, e essa data especial ser\u00e1 um marco repleto de anima\u00e7\u00e3o e m\u00fasica, destinado a divertir todos os seus habitantes.<\/p>\n<h2>Atividades em Diversos Bairros da Capital<\/h2>\n<p>A celebra\u00e7\u00e3o deste ano se destaca por sua descentraliza\u00e7\u00e3o, levando os festejos a v\u00e1rios bairros da cidade. O objetivo \u00e9 garantir que mais moradores possam participar das festividades, onde quer que estejam. A programa\u00e7\u00e3o inclui locais ic\u00f4nicos, como a Ilha das Caieiras e Jardim Camburi, garantindo que cada regi\u00e3o tenha sua pr\u00f3pria contribui\u00e7\u00e3o \u00e0 festa.<\/p>\n<h2>O P\u00f4r do Sol na Ilha das Caieiras<\/h2>\n<p>A festa na Ilha das Caieiras come\u00e7ar\u00e1 \u00e0s 16 horas, um hor\u00e1rio perfeito para apreciar o p\u00f4r do sol, que se tornar\u00e1 parte do espet\u00e1culo musical. Artistas como Leq Samba, juntamente com as participa\u00e7\u00f5es de Resenha de Pagode e Nandinho, prometem animar o p\u00fablico com uma roda de samba. O cen\u00e1rio natural da ilha enriquecer\u00e1 a experi\u00eancia, formando um ambiente m\u00e1gico para a celebra\u00e7\u00e3o.<\/p>\n<p><img decoding=\"async\" src=\"https:\/\/www.encontravitoria.com.br\/sobre\/wp-content\/uploads\/2026\/09\/vitoria-475-anos-festa-e-musica-ocupam-diferentes-regioes-da-cidade-no-dia-8-de-setembro.webp\" alt=\"Vit\u00f3ria 475 anos\" loading=\"lazy\" \/><\/p>\n<h2>M\u00fasica e Cultura na Pra\u00e7a Nilze Mendes<\/h2>\n<p>Enquanto isso, em Jardim Camburi, a anima\u00e7\u00e3o come\u00e7ar\u00e1 \u00e0s 19 horas na Pra\u00e7a Nilze Mendes, onde o pop rock tomar\u00e1 conta do espa\u00e7o. As atra\u00e7\u00f5es da noite incluem os capixabas Nano Viana e Picnic Dogs, que animar\u00e3o a festa com seus sucessos, atraindo moradores e visitantes para um evento vibrante e energ\u00e9tico.<\/p>\n<h2>Atra\u00e7\u00f5es Imperd\u00edveis para Todos os Gostos<\/h2>\n<p>Este evento promete atender a todos os gostos, com uma variedade de estilos musicais e atividades para todas as idades. Desde a tradi\u00e7\u00e3o do samba at\u00e9 a energia do pop rock, a programa\u00e7\u00e3o foi cuidadosamente elaborada para refletir a diversidade cultural e art\u00edstica de Vit\u00f3ria.<\/p>\n<h2>Programa\u00e7\u00e3o Gratuita e Acess\u00edvel para Todos<\/h2>\n<p>Um dos pontos mais importantes dessa celebra\u00e7\u00e3o \u00e9 que todas as atra\u00e7\u00f5es ser\u00e3o gratuitas. A ideia \u00e9 que qualquer pessoa, independentemente de sua situa\u00e7\u00e3o financeira, possa participar da festa e comemorar junto aos amigos e familiares. Essa acessibilidade \u00e9 uma maneira de promover a inclus\u00e3o e a uni\u00e3o entre os cidad\u00e3os.<\/p>\n<h2>Reconhecimento da Diversidade Cultural da Cidade<\/h2>\n<p>A de celebra\u00e7\u00e3o dos 475 anos de Vit\u00f3ria \u00e9 um momento n\u00e3o apenas de festa, mas tamb\u00e9m de reflex\u00e3o sobre a riqueza cultural do munic\u00edpio. Ao descentralizar as festividades, a administra\u00e7\u00e3o p\u00fablica reconhece as diversas identidades que comp\u00f5em a cidade e a import\u00e2ncia de cada territ\u00f3rio na constru\u00e7\u00e3o da hist\u00f3ria local.<\/p>\n<h2>A Trajet\u00f3ria de Vit\u00f3ria ao Longo dos Anos<\/h2>\n<p>Vit\u00f3ria tem uma hist\u00f3ria rica, cheia de transforma\u00e7\u00f5es, desafios e conquistas. Desde sua funda\u00e7\u00e3o at\u00e9 os dias atuais, a cidade evoluiu, e sua cultura foi moldada por diversas influ\u00eancias ao longo do tempo. Este anivers\u00e1rio \u00e9 uma oportunidade de celebrar essa trajet\u00f3ria \u00fanica e valiosa.<\/p>\n<h2>O Papel da M\u00fasica nas Comemora\u00e7\u00f5es<\/h2>\n<p>A m\u00fasica sempre teve um papel central nas comemora\u00e7\u00f5es populares, e neste evento n\u00e3o ser\u00e1 diferente. As apresenta\u00e7\u00f5es musicais n\u00e3o apenas entret\u00eam, mas tamb\u00e9m s\u00e3o uma forma de express\u00e3o cultural, refletindo a hist\u00f3ria e as emo\u00e7\u00f5es do povo capixaba. Durante os 475 anos de Vit\u00f3ria, a m\u00fasica se tornou um la\u00e7o que une os cidad\u00e3os e refor\u00e7a a identidade de grupo.<\/p>\n<h2>Participa\u00e7\u00e3o da Comunidade na Celebra\u00e7\u00e3o<\/h2>\n<p>A participatividade da comunidade \u00e9 crucial para o sucesso do evento, j\u00e1 que os moradores s\u00e3o parte essencial das comemora\u00e7\u00f5es. Al\u00e9m de assistirem aos shows, eles poder\u00e3o interagir com as atividades desenvolvidas, contribuindo para um senso de pertencimento e orgulho pela cidade.<\/p>\n<h2>Programa\u00e7\u00e3o Completa<\/h2>\n<p>A programa\u00e7\u00e3o do anivers\u00e1rio come\u00e7ar\u00e1 com o <strong>Celebra Vit\u00f3ria<\/strong> no dia 5 de setembro, com shows de Gabriela Rocha e Isaias Saad, ambos prometendo aquecer os cora\u00e7\u00f5es dos capixabas. Nos dias 6 e 7, a Pra\u00e7a do Papa ser\u00e1 o palco para Graciella D&#8217;Ferraz, Michel Tel\u00f3, Samba J\u00fanior e Ra\u00ed Saia Rodada, oferecendo uma sequ\u00eancia de apresenta\u00e7\u00f5es de grande qualidade.<\/p>\n<h2>Considera\u00e7\u00f5es Finais<\/h2>\n<p>Com uma combina\u00e7\u00e3o completa de m\u00fasica, divers\u00e3o e a valoriza\u00e7\u00e3o da cultura local, Vit\u00f3ria se prepara para uma festa inesquec\u00edvel que promete unir a cidade em uma grande celebra\u00e7\u00e3o dos seus 475 anos. Cada momento, cada can\u00e7\u00e3o e cada risada ser\u00e1 uma lembran\u00e7a do esp\u00edrito vibrante que define Vit\u00f3ria. Venha comemorar e fazer parte dessa hist\u00f3ria!<\/p>\n\n<div style=\"font-size: 0px; height: 0px; line-height: 0px; margin: 0; padding: 0; clear: both;\"><\/div>","protected":false},"excerpt":{"rendered":"<p>Vit\u00f3ria 475 anos comemora com m\u00fasica e cultura em v\u00e1rios locais!<\/p>\n","protected":false},"author":1,"featured_media":2310,"comment_status":"open","ping_status":"closed","sticky":false,"template":"","format":"standard","meta":{"footnotes":""},"categories":[9],"tags":[],"class_list":["post-2311","post","type-post","status-publish","format-standard","has-post-thumbnail","hentry","category-shows-em-vitoria","has_thumb"],"yoast_head":"<!-- This site is optimized with the Yoast SEO plugin v28.2 - https:\/\/yoast.com\/product\/yoast-seo-wordpress\/ -->\n<title>Vit\u00f3ria 475 anos: festa e m\u00fasica ocupam diferentes regi\u00f5es da cidade no dia 8 de setembro - Encontra Vit\u00f3ria<\/title>\n<meta name=\"robots\" content=\"index, follow, max-snippet:-1, max-image-preview:large, max-video-preview:-1\" \/>\n<link rel=\"canonical\" href=\"https:\/\/www.encontravitoria.com.br\/sobre\/vitoria-475-anos-festa-e-musica-ocupam-diferentes-regioes-da-cidade-no-dia-8-de-setembro\/\" \/>\n<meta property=\"og:locale\" content=\"pt_BR\" \/>\n<meta property=\"og:type\" content=\"article\" \/>\n<meta property=\"og:title\" content=\"Vit\u00f3ria 475 anos: festa e m\u00fasica ocupam diferentes regi\u00f5es da cidade no dia 8 de setembro - Encontra Vit\u00f3ria\" \/>\n<meta property=\"og:description\" content=\"Vit\u00f3ria 475 anos comemora com m\u00fasica e cultura em v\u00e1rios locais!\" \/>\n<meta property=\"og:url\" content=\"https:\/\/www.encontravitoria.com.br\/sobre\/vitoria-475-anos-festa-e-musica-ocupam-diferentes-regioes-da-cidade-no-dia-8-de-setembro\/\" \/>\n<meta property=\"og:site_name\" content=\"Encontra Vit\u00f3ria\" \/>\n<meta property=\"article:published_time\" content=\"2026-09-05T01:20:33+00:00\" \/>\n<meta property=\"og:image\" content=\"https:\/\/www.encontravitoria.com.br\/sobre\/wp-content\/uploads\/2026\/09\/vitoria-475-anos-festa-e-musica-ocupam-diferentes-regioes-da-cidade-no-dia-8-de-setembro.webp\" \/>\n<meta name=\"author\" content=\"Encontra Vit\u00f3ria\" \/>\n<meta name=\"twitter:card\" content=\"summary_large_image\" \/>\n<meta name=\"twitter:label1\" content=\"Escrito por\" \/>\n\t<meta name=\"twitter:data1\" content=\"Encontra Vit\u00f3ria\" \/>\n\t<meta name=\"twitter:label2\" content=\"Est. tempo de leitura\" \/>\n\t<meta name=\"twitter:data2\" content=\"4 minutos\" \/>\n<script type=\"application\/ld+json\" class=\"yoast-schema-graph\">{\"@context\":\"https:\\\/\\\/schema.org\",\"@graph\":[{\"@type\":\"Article\",\"@id\":\"https:\\\/\\\/www.encontravitoria.com.br\\\/sobre\\\/vitoria-475-anos-festa-e-musica-ocupam-diferentes-regioes-da-cidade-no-dia-8-de-setembro\\\/#article\",\"isPartOf\":{\"@id\":\"https:\\\/\\\/www.encontravitoria.com.br\\\/sobre\\\/vitoria-475-anos-festa-e-musica-ocupam-diferentes-regioes-da-cidade-no-dia-8-de-setembro\\\/\"},\"author\":{\"name\":\"Encontra Vit\u00f3ria\",\"@id\":\"https:\\\/\\\/www.encontravitoria.com.br\\\/sobre\\\/#\\\/schema\\\/person\\\/0f8e5bcc88fbadf1bad57afd504f48a2\"},\"headline\":\"Vit\u00f3ria 475 anos: festa e m\u00fasica ocupam diferentes regi\u00f5es da cidade no dia 8 de setembro\",\"datePublished\":\"2026-09-05T01:20:33+00:00\",\"mainEntityOfPage\":{\"@id\":\"https:\\\/\\\/www.encontravitoria.com.br\\\/sobre\\\/vitoria-475-anos-festa-e-musica-ocupam-diferentes-regioes-da-cidade-no-dia-8-de-setembro\\\/\"},\"wordCount\":814,\"commentCount\":0,\"image\":{\"@id\":\"https:\\\/\\\/www.encontravitoria.com.br\\\/sobre\\\/vitoria-475-anos-festa-e-musica-ocupam-diferentes-regioes-da-cidade-no-dia-8-de-setembro\\\/#primaryimage\"},\"thumbnailUrl\":\"https:\\\/\\\/www.encontravitoria.com.br\\\/sobre\\\/wp-content\\\/uploads\\\/2026\\\/09\\\/vitoria-475-anos-festa-e-musica-ocupam-diferentes-regioes-da-cidade-no-dia-8-de-setembro.webp\",\"articleSection\":[\"Shows Vit\u00f3ria\"],\"inLanguage\":\"pt-BR\",\"potentialAction\":[{\"@type\":\"CommentAction\",\"name\":\"Comment\",\"target\":[\"https:\\\/\\\/www.encontravitoria.com.br\\\/sobre\\\/vitoria-475-anos-festa-e-musica-ocupam-diferentes-regioes-da-cidade-no-dia-8-de-setembro\\\/#respond\"]}]},{\"@type\":\"WebPage\",\"@id\":\"https:\\\/\\\/www.encontravitoria.com.br\\\/sobre\\\/vitoria-475-anos-festa-e-musica-ocupam-diferentes-regioes-da-cidade-no-dia-8-de-setembro\\\/\",\"url\":\"https:\\\/\\\/www.encontravitoria.com.br\\\/sobre\\\/vitoria-475-anos-festa-e-musica-ocupam-diferentes-regioes-da-cidade-no-dia-8-de-setembro\\\/\",\"name\":\"Vit\u00f3ria 475 anos: festa e m\u00fasica ocupam diferentes regi\u00f5es da cidade no dia 8 de setembro - Encontra Vit\u00f3ria\",\"isPartOf\":{\"@id\":\"https:\\\/\\\/www.encontravitoria.com.br\\\/sobre\\\/#website\"},\"primaryImageOfPage\":{\"@id\":\"https:\\\/\\\/www.encontravitoria.com.br\\\/sobre\\\/vitoria-475-anos-festa-e-musica-ocupam-diferentes-regioes-da-cidade-no-dia-8-de-setembro\\\/#primaryimage\"},\"image\":{\"@id\":\"https:\\\/\\\/www.encontravitoria.com.br\\\/sobre\\\/vitoria-475-anos-festa-e-musica-ocupam-diferentes-regioes-da-cidade-no-dia-8-de-setembro\\\/#primaryimage\"},\"thumbnailUrl\":\"https:\\\/\\\/www.encontravitoria.com.br\\\/sobre\\\/wp-content\\\/uploads\\\/2026\\\/09\\\/vitoria-475-anos-festa-e-musica-ocupam-diferentes-regioes-da-cidade-no-dia-8-de-setembro.webp\",\"datePublished\":\"2026-09-05T01:20:33+00:00\",\"author\":{\"@id\":\"https:\\\/\\\/www.encontravitoria.com.br\\\/sobre\\\/#\\\/schema\\\/person\\\/0f8e5bcc88fbadf1bad57afd504f48a2\"},\"breadcrumb\":{\"@id\":\"https:\\\/\\\/www.encontravitoria.com.br\\\/sobre\\\/vitoria-475-anos-festa-e-musica-ocupam-diferentes-regioes-da-cidade-no-dia-8-de-setembro\\\/#breadcrumb\"},\"inLanguage\":\"pt-BR\",\"potentialAction\":[{\"@type\":\"ReadAction\",\"target\":[\"https:\\\/\\\/www.encontravitoria.com.br\\\/sobre\\\/vitoria-475-anos-festa-e-musica-ocupam-diferentes-regioes-da-cidade-no-dia-8-de-setembro\\\/\"]}]},{\"@type\":\"ImageObject\",\"inLanguage\":\"pt-BR\",\"@id\":\"https:\\\/\\\/www.encontravitoria.com.br\\\/sobre\\\/vitoria-475-anos-festa-e-musica-ocupam-diferentes-regioes-da-cidade-no-dia-8-de-setembro\\\/#primaryimage\",\"url\":\"https:\\\/\\\/www.encontravitoria.com.br\\\/sobre\\\/wp-content\\\/uploads\\\/2026\\\/09\\\/vitoria-475-anos-festa-e-musica-ocupam-diferentes-regioes-da-cidade-no-dia-8-de-setembro.webp\",\"contentUrl\":\"https:\\\/\\\/www.encontravitoria.com.br\\\/sobre\\\/wp-content\\\/uploads\\\/2026\\\/09\\\/vitoria-475-anos-festa-e-musica-ocupam-diferentes-regioes-da-cidade-no-dia-8-de-setembro.webp\",\"width\":280,\"height\":280,\"caption\":\"Vit\u00f3ria 475 anos\"},{\"@type\":\"BreadcrumbList\",\"@id\":\"https:\\\/\\\/www.encontravitoria.com.br\\\/sobre\\\/vitoria-475-anos-festa-e-musica-ocupam-diferentes-regioes-da-cidade-no-dia-8-de-setembro\\\/#breadcrumb\",\"itemListElement\":[{\"@type\":\"ListItem\",\"position\":1,\"name\":\"In\u00edcio\",\"item\":\"https:\\\/\\\/www.encontravitoria.com.br\\\/sobre\\\/\"},{\"@type\":\"ListItem\",\"position\":2,\"name\":\"Vit\u00f3ria 475 anos: festa e m\u00fasica ocupam diferentes regi\u00f5es da cidade no dia 8 de setembro\"}]},{\"@type\":\"WebSite\",\"@id\":\"https:\\\/\\\/www.encontravitoria.com.br\\\/sobre\\\/#website\",\"url\":\"https:\\\/\\\/www.encontravitoria.com.br\\\/sobre\\\/\",\"name\":\"Encontra Vit\u00f3ria\",\"description\":\"Not\u00edcias, eventos, informa\u00e7\u00f5es e dicas na cidade Vit\u00f3ria e regi\u00e3o.\",\"potentialAction\":[{\"@type\":\"SearchAction\",\"target\":{\"@type\":\"EntryPoint\",\"urlTemplate\":\"https:\\\/\\\/www.encontravitoria.com.br\\\/sobre\\\/?s={search_term_string}\"},\"query-input\":{\"@type\":\"PropertyValueSpecification\",\"valueRequired\":true,\"valueName\":\"search_term_string\"}}],\"inLanguage\":\"pt-BR\"},{\"@type\":\"Person\",\"@id\":\"https:\\\/\\\/www.encontravitoria.com.br\\\/sobre\\\/#\\\/schema\\\/person\\\/0f8e5bcc88fbadf1bad57afd504f48a2\",\"name\":\"Encontra Vit\u00f3ria\",\"image\":{\"@type\":\"ImageObject\",\"inLanguage\":\"pt-BR\",\"@id\":\"https:\\\/\\\/secure.gravatar.com\\\/avatar\\\/507340682b8270222e1f208e23198b6ae7e2c6a1033ae84e99bc6bce4f82a387?s=96&d=mm&r=g\",\"url\":\"https:\\\/\\\/secure.gravatar.com\\\/avatar\\\/507340682b8270222e1f208e23198b6ae7e2c6a1033ae84e99bc6bce4f82a387?s=96&d=mm&r=g\",\"contentUrl\":\"https:\\\/\\\/secure.gravatar.com\\\/avatar\\\/507340682b8270222e1f208e23198b6ae7e2c6a1033ae84e99bc6bce4f82a387?s=96&d=mm&r=g\",\"caption\":\"Encontra Vit\u00f3ria\"},\"sameAs\":[\"http:\\\/\\\/www.encontravitoria.com.br\"],\"url\":\"https:\\\/\\\/www.encontravitoria.com.br\\\/sobre\\\/author\\\/evitoria\\\/\"}]}<\/script>\n<!-- \/ Yoast SEO plugin. -->","yoast_head_json":{"title":"Vit\u00f3ria 475 anos: festa e m\u00fasica ocupam diferentes regi\u00f5es da cidade no dia 8 de setembro - Encontra Vit\u00f3ria","robots":{"index":"index","follow":"follow","max-snippet":"max-snippet:-1","max-image-preview":"max-image-preview:large","max-video-preview":"max-video-preview:-1"},"canonical":"https:\/\/www.encontravitoria.com.br\/sobre\/vitoria-475-anos-festa-e-musica-ocupam-diferentes-regioes-da-cidade-no-dia-8-de-setembro\/","og_locale":"pt_BR","og_type":"article","og_title":"Vit\u00f3ria 475 anos: festa e m\u00fasica ocupam diferentes regi\u00f5es da cidade no dia 8 de setembro - Encontra Vit\u00f3ria","og_description":"Vit\u00f3ria 475 anos comemora com m\u00fasica e cultura em v\u00e1rios locais!","og_url":"https:\/\/www.encontravitoria.com.br\/sobre\/vitoria-475-anos-festa-e-musica-ocupam-diferentes-regioes-da-cidade-no-dia-8-de-setembro\/","og_site_name":"Encontra Vit\u00f3ria","article_published_time":"2026-09-05T01:20:33+00:00","og_image":[{"url":"https:\/\/www.encontravitoria.com.br\/sobre\/wp-content\/uploads\/2026\/09\/vitoria-475-anos-festa-e-musica-ocupam-diferentes-regioes-da-cidade-no-dia-8-de-setembro.webp","type":"","width":"","height":""}],"author":"Encontra Vit\u00f3ria","twitter_card":"summary_large_image","twitter_misc":{"Escrito por":"Encontra Vit\u00f3ria","Est. tempo de leitura":"4 minutos"},"schema":{"@context":"https:\/\/schema.org","@graph":[{"@type":"Article","@id":"https:\/\/www.encontravitoria.com.br\/sobre\/vitoria-475-anos-festa-e-musica-ocupam-diferentes-regioes-da-cidade-no-dia-8-de-setembro\/#article","isPartOf":{"@id":"https:\/\/www.encontravitoria.com.br\/sobre\/vitoria-475-anos-festa-e-musica-ocupam-diferentes-regioes-da-cidade-no-dia-8-de-setembro\/"},"author":{"name":"Encontra Vit\u00f3ria","@id":"https:\/\/www.encontravitoria.com.br\/sobre\/#\/schema\/person\/0f8e5bcc88fbadf1bad57afd504f48a2"},"headline":"Vit\u00f3ria 475 anos: festa e m\u00fasica ocupam diferentes regi\u00f5es da cidade no dia 8 de setembro","datePublished":"2026-09-05T01:20:33+00:00","mainEntityOfPage":{"@id":"https:\/\/www.encontravitoria.com.br\/sobre\/vitoria-475-anos-festa-e-musica-ocupam-diferentes-regioes-da-cidade-no-dia-8-de-setembro\/"},"wordCount":814,"commentCount":0,"image":{"@id":"https:\/\/www.encontravitoria.com.br\/sobre\/vitoria-475-anos-festa-e-musica-ocupam-diferentes-regioes-da-cidade-no-dia-8-de-setembro\/#primaryimage"},"thumbnailUrl":"https:\/\/www.encontravitoria.com.br\/sobre\/wp-content\/uploads\/2026\/09\/vitoria-475-anos-festa-e-musica-ocupam-diferentes-regioes-da-cidade-no-dia-8-de-setembro.webp","articleSection":["Shows Vit\u00f3ria"],"inLanguage":"pt-BR","potentialAction":[{"@type":"CommentAction","name":"Comment","target":["https:\/\/www.encontravitoria.com.br\/sobre\/vitoria-475-anos-festa-e-musica-ocupam-diferentes-regioes-da-cidade-no-dia-8-de-setembro\/#respond"]}]},{"@type":"WebPage","@id":"https:\/\/www.encontravitoria.com.br\/sobre\/vitoria-475-anos-festa-e-musica-ocupam-diferentes-regioes-da-cidade-no-dia-8-de-setembro\/","url":"https:\/\/www.encontravitoria.com.br\/sobre\/vitoria-475-anos-festa-e-musica-ocupam-diferentes-regioes-da-cidade-no-dia-8-de-setembro\/","name":"Vit\u00f3ria 475 anos: festa e m\u00fasica ocupam diferentes regi\u00f5es da cidade no dia 8 de setembro - Encontra Vit\u00f3ria","isPartOf":{"@id":"https:\/\/www.encontravitoria.com.br\/sobre\/#website"},"primaryImageOfPage":{"@id":"https:\/\/www.encontravitoria.com.br\/sobre\/vitoria-475-anos-festa-e-musica-ocupam-diferentes-regioes-da-cidade-no-dia-8-de-setembro\/#primaryimage"},"image":{"@id":"https:\/\/www.encontravitoria.com.br\/sobre\/vitoria-475-anos-festa-e-musica-ocupam-diferentes-regioes-da-cidade-no-dia-8-de-setembro\/#primaryimage"},"thumbnailUrl":"https:\/\/www.encontravitoria.com.br\/sobre\/wp-content\/uploads\/2026\/09\/vitoria-475-anos-festa-e-musica-ocupam-diferentes-regioes-da-cidade-no-dia-8-de-setembro.webp","datePublished":"2026-09-05T01:20:33+00:00","author":{"@id":"https:\/\/www.encontravitoria.com.br\/sobre\/#\/schema\/person\/0f8e5bcc88fbadf1bad57afd504f48a2"},"breadcrumb":{"@id":"https:\/\/www.encontravitoria.com.br\/sobre\/vitoria-475-anos-festa-e-musica-ocupam-diferentes-regioes-da-cidade-no-dia-8-de-setembro\/#breadcrumb"},"inLanguage":"pt-BR","potentialAction":[{"@type":"ReadAction","target":["https:\/\/www.encontravitoria.com.br\/sobre\/vitoria-475-anos-festa-e-musica-ocupam-diferentes-regioes-da-cidade-no-dia-8-de-setembro\/"]}]},{"@type":"ImageObject","inLanguage":"pt-BR","@id":"https:\/\/www.encontravitoria.com.br\/sobre\/vitoria-475-anos-festa-e-musica-ocupam-diferentes-regioes-da-cidade-no-dia-8-de-setembro\/#primaryimage","url":"https:\/\/www.encontravitoria.com.br\/sobre\/wp-content\/uploads\/2026\/09\/vitoria-475-anos-festa-e-musica-ocupam-diferentes-regioes-da-cidade-no-dia-8-de-setembro.webp","contentUrl":"https:\/\/www.encontravitoria.com.br\/sobre\/wp-content\/uploads\/2026\/09\/vitoria-475-anos-festa-e-musica-ocupam-diferentes-regioes-da-cidade-no-dia-8-de-setembro.webp","width":280,"height":280,"caption":"Vit\u00f3ria 475 anos"},{"@type":"BreadcrumbList","@id":"https:\/\/www.encontravitoria.com.br\/sobre\/vitoria-475-anos-festa-e-musica-ocupam-diferentes-regioes-da-cidade-no-dia-8-de-setembro\/#breadcrumb","itemListElement":[{"@type":"ListItem","position":1,"name":"In\u00edcio","item":"https:\/\/www.encontravitoria.com.br\/sobre\/"},{"@type":"ListItem","position":2,"name":"Vit\u00f3ria 475 anos: festa e m\u00fasica ocupam diferentes regi\u00f5es da cidade no dia 8 de setembro"}]},{"@type":"WebSite","@id":"https:\/\/www.encontravitoria.com.br\/sobre\/#website","url":"https:\/\/www.encontravitoria.com.br\/sobre\/","name":"Encontra Vit\u00f3ria","description":"Not\u00edcias, eventos, informa\u00e7\u00f5es e dicas na cidade Vit\u00f3ria e regi\u00e3o.","potentialAction":[{"@type":"SearchAction","target":{"@type":"EntryPoint","urlTemplate":"https:\/\/www.encontravitoria.com.br\/sobre\/?s={search_term_string}"},"query-input":{"@type":"PropertyValueSpecification","valueRequired":true,"valueName":"search_term_string"}}],"inLanguage":"pt-BR"},{"@type":"Person","@id":"https:\/\/www.encontravitoria.com.br\/sobre\/#\/schema\/person\/0f8e5bcc88fbadf1bad57afd504f48a2","name":"Encontra Vit\u00f3ria","image":{"@type":"ImageObject","inLanguage":"pt-BR","@id":"https:\/\/secure.gravatar.com\/avatar\/507340682b8270222e1f208e23198b6ae7e2c6a1033ae84e99bc6bce4f82a387?s=96&d=mm&r=g","url":"https:\/\/secure.gravatar.com\/avatar\/507340682b8270222e1f208e23198b6ae7e2c6a1033ae84e99bc6bce4f82a387?s=96&d=mm&r=g","contentUrl":"https:\/\/secure.gravatar.com\/avatar\/507340682b8270222e1f208e23198b6ae7e2c6a1033ae84e99bc6bce4f82a387?s=96&d=mm&r=g","caption":"Encontra Vit\u00f3ria"},"sameAs":["http:\/\/www.encontravitoria.com.br"],"url":"https:\/\/www.encontravitoria.com.br\/sobre\/author\/evitoria\/"}]}},"_links":{"self":[{"href":"https:\/\/www.encontravitoria.com.br\/sobre\/wp-json\/wp\/v2\/posts\/2311","targetHints":{"allow":["GET"]}}],"collection":[{"href":"https:\/\/www.encontravitoria.com.br\/sobre\/wp-json\/wp\/v2\/posts"}],"about":[{"href":"https:\/\/www.encontravitoria.com.br\/sobre\/wp-json\/wp\/v2\/types\/post"}],"author":[{"embeddable":true,"href":"https:\/\/www.encontravitoria.com.br\/sobre\/wp-json\/wp\/v2\/users\/1"}],"replies":[{"embeddable":true,"href":"https:\/\/www.encontravitoria.com.br\/sobre\/wp-json\/wp\/v2\/comments?post=2311"}],"version-history":[{"count":0,"href":"https:\/\/www.encontravitoria.com.br\/sobre\/wp-json\/wp\/v2\/posts\/2311\/revisions"}],"wp:featuredmedia":[{"embeddable":true,"href":"https:\/\/www.encontravitoria.com.br\/sobre\/wp-json\/wp\/v2\/media\/2310"}],"wp:attachment":[{"href":"https:\/\/www.encontravitoria.com.br\/sobre\/wp-json\/wp\/v2\/media?parent=2311"}],"wp:term":[{"taxonomy":"category","embeddable":true,"href":"https:\/\/www.encontravitoria.com.br\/sobre\/wp-json\/wp\/v2\/categories?post=2311"},{"taxonomy":"post_tag","embeddable":true,"href":"https:\/\/www.encontravitoria.com.br\/sobre\/wp-json\/wp\/v2\/tags?post=2311"}],"curies":[{"name":"wp","href":"https:\/\/api.w.org\/{rel}","templated":true}]}}