{"id":2313,"date":"2026-09-05T01:21:39","date_gmt":"2026-09-05T01:21:39","guid":{"rendered":"https:\/\/www.encontravitoria.com.br\/sobre\/novos-professores-da-rede-de-ensino-de-vitoria-tomam-posse-nesta-quinta\/"},"modified":"2026-09-05T01:21:39","modified_gmt":"2026-09-05T01:21:39","slug":"novos-professores-da-rede-de-ensino-de-vitoria-tomam-posse-nesta-quinta","status":"publish","type":"post","link":"https:\/\/www.encontravitoria.com.br\/sobre\/novos-professores-da-rede-de-ensino-de-vitoria-tomam-posse-nesta-quinta\/","title":{"rendered":"Novos professores da rede de ensino de Vit\u00f3ria tomam posse nesta quinta"},"content":{"rendered":"<div class=\"23ed37709e053b55400ee1990aeffe41\" data-index=\"1\" style=\"float: none; margin:0px;\">\n<!-- Anuncio display - global -->\r\n<ins class=\"adsbygoogle\"\r\n     style=\"display:block\"\r\n     data-ad-client=\"ca-pub-8585364105181520\"\r\n     data-ad-slot=\"8789329856\"\r\n     data-ad-format=\"auto\"\r\n     data-full-width-responsive=\"true\"><\/ins>\r\n<script>\r\n     (adsbygoogle = window.adsbygoogle || []).push({});\r\n<\/script>\n<\/div>\n<h2>A Posse dos Novos Professores<\/h2>\n<p>Nesta quinta-feira, dia 3 de setembro de 2026, a cidade de Vit\u00f3ria celebrou a posse de novos professores que agora fazem parte da rede municipal de ensino. O evento ocorreu no audit\u00f3rio da Secretaria Municipal de Cidadania e Direitos Humanos (Semcid), e teve a honra da presen\u00e7a da prefeita Cris Samorini, da secret\u00e1ria municipal de Educa\u00e7\u00e3o, Juliana Rohsner, e do secret\u00e1rio de Cidadania e Direitos Humanos, Luciano Forrechi. Os novos educadores, juntamente com seus familiares, estiveram presentes para acompanhar esse importante momento na trajet\u00f3ria educacional da cidade.<\/p>\n<h2>Impacto na Educa\u00e7\u00e3o Municipal<\/h2>\n<p>O ingresso desses novos profissionais representa um avan\u00e7o significativo na educa\u00e7\u00e3o de Vit\u00f3ria. Com a nomea\u00e7\u00e3o de 98 novos professores, dos quais 58 foram nomeados no in\u00edcio do m\u00eas e outros 40 em agosto, a cidade refor\u00e7a seu compromisso com a melhoria da qualidade de ensino e inclus\u00e3o de alunos com defici\u00eancia intelectual, levando em conta as demandas espec\u00edficas para fortalecer a diversidade educacional.<\/p>\n<h2>Resultados da Educa\u00e7\u00e3o em Vit\u00f3ria<\/h2>\n<p>Al\u00e9m da responsabilidade de ministrar aulas, os novos professores trazem consigo uma expectativa de continuidade no progresso educacional que Vit\u00f3ria tem demonstrado nos \u00faltimos anos. A cidade se destaca no cen\u00e1rio nacional com seus \u00edndices de desempenho, especialmente no \u00cdndice de Desenvolvimento da Educa\u00e7\u00e3o B\u00e1sica (IDEB), onde Vit\u00f3ria ocupa posi\u00e7\u00f5es de destaque entre as capitais brasileiras e se mostra uma refer\u00eancia na regi\u00e3o Sudeste.<\/p>\n<p><img decoding=\"async\" src=\"https:\/\/www.encontravitoria.com.br\/sobre\/wp-content\/uploads\/2026\/09\/novos-professores-da-rede-de-ensino-de-vitoria-tomam-posse-nesta-quinta.webp\" alt=\"novos professores da rede de ensino de Vit\u00f3ria\" loading=\"lazy\" \/><\/p>\n<h2>Oportunidades para Novos Educadores<\/h2>\n<p>As novas nomea\u00e7\u00f5es ocorrem n\u00e3o apenas em um momento de crescimento, mas tamb\u00e9m de transforma\u00e7\u00e3o. A estrat\u00e9gia da Secretaria Municipal de Educa\u00e7\u00e3o foca na valoriza\u00e7\u00e3o do magist\u00e9rio, reconhecendo a import\u00e2ncia que os professores t\u00eam no processo de aprendizado dos alunos. As expectativas s\u00e3o de que os novos educadores contribuam ativamente com suas ideias e experi\u00eancias, promovendo um ambiente favor\u00e1vel ao desenvolvimento dos estudantes.<\/p>\n<h2>Compromisso com a Educa\u00e7\u00e3o<\/h2>\n<p>A prefeita Cris Samorini, durante o evento, ressaltou a import\u00e2ncia do trabalho dos educadores para a constru\u00e7\u00e3o de um futuro melhor. Com suas palavras, expressou que cada professor \u00e9 fundamental na forma\u00e7\u00e3o de cidad\u00e3os mais conscientes e preparados para enfrentar os desafios do mundo. O comprometimento com a educa\u00e7\u00e3o \u00e9 uma prioridade, pois \u00e9 a base para mudan\u00e7a e progresso social.<\/p>\n<h2>Investimentos na Forma\u00e7\u00e3o Docente<\/h2>\n<p>Os investimentos na \u00e1rea educacional t\u00eam sido significativos, com programas de capacita\u00e7\u00e3o e aprimoramento profissional para os docentes. O objetivo \u00e9 criar um ambiente de trabalho que favore\u00e7a o crescimento profissional, alinhando as habilidades dos professores \u00e0s necessidades do formato educacional moderno. Isso garante que todos os educadores estejam bem equipados para oferecer um ensino de qualidade que atenda \u00e0s demandas atuais e futuras.<\/p>\n<h2>Expectativas para o Ano Letivo<\/h2>\n<p>Com a nova equipe de professores se integrando, as expectativas para o ano letivo s\u00e3o altas. As metas estabelecidas para a educa\u00e7\u00e3o de Vit\u00f3ria s\u00e3o ambiciosas, e a inclus\u00e3o dos novos professores \u00e9 um passo crucial na busca por um ensino cada vez mais competente e inclusivo, visando \u00e0 excel\u00eancia nos resultados pedag\u00f3gicos.<\/p>\n<h2>A Import\u00e2ncia da Educa\u00e7\u00e3o Inclusiva<\/h2>\n<p>A inser\u00e7\u00e3o de professores com foco em educa\u00e7\u00e3o inclusiva \u00e9 um aspecto que deve ser destacado. Estes educadores t\u00eam o papel fundamental de garantir que todos os alunos tenham acesso \u00e0 educa\u00e7\u00e3o, independentemente de suas condi\u00e7\u00f5es. A \u00eanfase em uma educa\u00e7\u00e3o que respeite a diversidade \u00e9 uma estrat\u00e9gia que refor\u00e7a o compromisso da prefeitura em promover um ambiente educacional justo e equitativo.<\/p>\n<h2>Perspectivas e Desafios a Enfrentar<\/h2>\n<p>Com a chegada destes novos educadores, Vit\u00f3ria enfrenta desafios que incluem a adapta\u00e7\u00e3o \u00e0 nova din\u00e2mica escolar e a implementa\u00e7\u00e3o de melhores pr\u00e1ticas pedag\u00f3gicas. \u00c9 crucial que as diretrizes sejam seguidas para a continuidade do crescimento e desenvolvimento da educa\u00e7\u00e3o na cidade. Os educadores devem colaborar mutuamente e com a administra\u00e7\u00e3o municipal para que os objetivos educacionais sejam atingi.<\/p>\n<h2>Apoio da Comunidade Escolar<\/h2>\n<p>A participa\u00e7\u00e3o da comunidade escolar tamb\u00e9m \u00e9 de extrema import\u00e2ncia. A intera\u00e7\u00e3o entre pais, alunos e professores cria um ambiente mais acolhedor e prop\u00edcio ao aprendizado. O apoio dos familiares e da comunidade nas quest\u00f5es educacionais contribui significativamente para o sucesso dos alunos e, consequentemente, para a valoriza\u00e7\u00e3o do trabalho docente na cidade.<\/p>\n\n<div style=\"font-size: 0px; height: 0px; line-height: 0px; margin: 0; padding: 0; clear: both;\"><\/div>","protected":false},"excerpt":{"rendered":"<p>Novos professores da rede de ensino de Vit\u00f3ria foram empossados nesta quinta-feira (3).<\/p>\n","protected":false},"author":1,"featured_media":2312,"comment_status":"open","ping_status":"closed","sticky":false,"template":"","format":"standard","meta":{"footnotes":""},"categories":[16],"tags":[],"class_list":["post-2313","post","type-post","status-publish","format-standard","has-post-thumbnail","hentry","category-educacao-em-vitoria","has_thumb"],"yoast_head":"<!-- This site is optimized with the Yoast SEO plugin v28.2 - https:\/\/yoast.com\/product\/yoast-seo-wordpress\/ -->\n<title>Novos professores da rede de ensino de Vit\u00f3ria tomam posse nesta quinta - Encontra Vit\u00f3ria<\/title>\n<meta name=\"robots\" content=\"index, follow, max-snippet:-1, max-image-preview:large, max-video-preview:-1\" \/>\n<link rel=\"canonical\" href=\"https:\/\/www.encontravitoria.com.br\/sobre\/novos-professores-da-rede-de-ensino-de-vitoria-tomam-posse-nesta-quinta\/\" \/>\n<meta property=\"og:locale\" content=\"pt_BR\" \/>\n<meta property=\"og:type\" content=\"article\" \/>\n<meta property=\"og:title\" content=\"Novos professores da rede de ensino de Vit\u00f3ria tomam posse nesta quinta - Encontra Vit\u00f3ria\" \/>\n<meta property=\"og:description\" content=\"Novos professores da rede de ensino de Vit\u00f3ria foram empossados nesta quinta-feira (3).\" \/>\n<meta property=\"og:url\" content=\"https:\/\/www.encontravitoria.com.br\/sobre\/novos-professores-da-rede-de-ensino-de-vitoria-tomam-posse-nesta-quinta\/\" \/>\n<meta property=\"og:site_name\" content=\"Encontra Vit\u00f3ria\" \/>\n<meta property=\"article:published_time\" content=\"2026-09-05T01:21:39+00:00\" \/>\n<meta property=\"og:image\" content=\"https:\/\/www.encontravitoria.com.br\/sobre\/wp-content\/uploads\/2026\/09\/novos-professores-da-rede-de-ensino-de-vitoria-tomam-posse-nesta-quinta.webp\" \/>\n<meta name=\"author\" content=\"Encontra Vit\u00f3ria\" \/>\n<meta name=\"twitter:card\" content=\"summary_large_image\" \/>\n<meta name=\"twitter:label1\" content=\"Escrito por\" \/>\n\t<meta name=\"twitter:data1\" content=\"Encontra Vit\u00f3ria\" \/>\n\t<meta name=\"twitter:label2\" content=\"Est. tempo de leitura\" \/>\n\t<meta name=\"twitter:data2\" content=\"4 minutos\" \/>\n<script type=\"application\/ld+json\" class=\"yoast-schema-graph\">{\"@context\":\"https:\\\/\\\/schema.org\",\"@graph\":[{\"@type\":\"Article\",\"@id\":\"https:\\\/\\\/www.encontravitoria.com.br\\\/sobre\\\/novos-professores-da-rede-de-ensino-de-vitoria-tomam-posse-nesta-quinta\\\/#article\",\"isPartOf\":{\"@id\":\"https:\\\/\\\/www.encontravitoria.com.br\\\/sobre\\\/novos-professores-da-rede-de-ensino-de-vitoria-tomam-posse-nesta-quinta\\\/\"},\"author\":{\"name\":\"Encontra Vit\u00f3ria\",\"@id\":\"https:\\\/\\\/www.encontravitoria.com.br\\\/sobre\\\/#\\\/schema\\\/person\\\/0f8e5bcc88fbadf1bad57afd504f48a2\"},\"headline\":\"Novos professores da rede de ensino de Vit\u00f3ria tomam posse nesta quinta\",\"datePublished\":\"2026-09-05T01:21:39+00:00\",\"mainEntityOfPage\":{\"@id\":\"https:\\\/\\\/www.encontravitoria.com.br\\\/sobre\\\/novos-professores-da-rede-de-ensino-de-vitoria-tomam-posse-nesta-quinta\\\/\"},\"wordCount\":756,\"commentCount\":0,\"image\":{\"@id\":\"https:\\\/\\\/www.encontravitoria.com.br\\\/sobre\\\/novos-professores-da-rede-de-ensino-de-vitoria-tomam-posse-nesta-quinta\\\/#primaryimage\"},\"thumbnailUrl\":\"https:\\\/\\\/www.encontravitoria.com.br\\\/sobre\\\/wp-content\\\/uploads\\\/2026\\\/09\\\/novos-professores-da-rede-de-ensino-de-vitoria-tomam-posse-nesta-quinta.webp\",\"articleSection\":[\"Educa\u00e7\u00e3o Vit\u00f3ria\"],\"inLanguage\":\"pt-BR\",\"potentialAction\":[{\"@type\":\"CommentAction\",\"name\":\"Comment\",\"target\":[\"https:\\\/\\\/www.encontravitoria.com.br\\\/sobre\\\/novos-professores-da-rede-de-ensino-de-vitoria-tomam-posse-nesta-quinta\\\/#respond\"]}]},{\"@type\":\"WebPage\",\"@id\":\"https:\\\/\\\/www.encontravitoria.com.br\\\/sobre\\\/novos-professores-da-rede-de-ensino-de-vitoria-tomam-posse-nesta-quinta\\\/\",\"url\":\"https:\\\/\\\/www.encontravitoria.com.br\\\/sobre\\\/novos-professores-da-rede-de-ensino-de-vitoria-tomam-posse-nesta-quinta\\\/\",\"name\":\"Novos professores da rede de ensino de Vit\u00f3ria tomam posse nesta quinta - Encontra Vit\u00f3ria\",\"isPartOf\":{\"@id\":\"https:\\\/\\\/www.encontravitoria.com.br\\\/sobre\\\/#website\"},\"primaryImageOfPage\":{\"@id\":\"https:\\\/\\\/www.encontravitoria.com.br\\\/sobre\\\/novos-professores-da-rede-de-ensino-de-vitoria-tomam-posse-nesta-quinta\\\/#primaryimage\"},\"image\":{\"@id\":\"https:\\\/\\\/www.encontravitoria.com.br\\\/sobre\\\/novos-professores-da-rede-de-ensino-de-vitoria-tomam-posse-nesta-quinta\\\/#primaryimage\"},\"thumbnailUrl\":\"https:\\\/\\\/www.encontravitoria.com.br\\\/sobre\\\/wp-content\\\/uploads\\\/2026\\\/09\\\/novos-professores-da-rede-de-ensino-de-vitoria-tomam-posse-nesta-quinta.webp\",\"datePublished\":\"2026-09-05T01:21:39+00:00\",\"author\":{\"@id\":\"https:\\\/\\\/www.encontravitoria.com.br\\\/sobre\\\/#\\\/schema\\\/person\\\/0f8e5bcc88fbadf1bad57afd504f48a2\"},\"breadcrumb\":{\"@id\":\"https:\\\/\\\/www.encontravitoria.com.br\\\/sobre\\\/novos-professores-da-rede-de-ensino-de-vitoria-tomam-posse-nesta-quinta\\\/#breadcrumb\"},\"inLanguage\":\"pt-BR\",\"potentialAction\":[{\"@type\":\"ReadAction\",\"target\":[\"https:\\\/\\\/www.encontravitoria.com.br\\\/sobre\\\/novos-professores-da-rede-de-ensino-de-vitoria-tomam-posse-nesta-quinta\\\/\"]}]},{\"@type\":\"ImageObject\",\"inLanguage\":\"pt-BR\",\"@id\":\"https:\\\/\\\/www.encontravitoria.com.br\\\/sobre\\\/novos-professores-da-rede-de-ensino-de-vitoria-tomam-posse-nesta-quinta\\\/#primaryimage\",\"url\":\"https:\\\/\\\/www.encontravitoria.com.br\\\/sobre\\\/wp-content\\\/uploads\\\/2026\\\/09\\\/novos-professores-da-rede-de-ensino-de-vitoria-tomam-posse-nesta-quinta.webp\",\"contentUrl\":\"https:\\\/\\\/www.encontravitoria.com.br\\\/sobre\\\/wp-content\\\/uploads\\\/2026\\\/09\\\/novos-professores-da-rede-de-ensino-de-vitoria-tomam-posse-nesta-quinta.webp\",\"width\":280,\"height\":280,\"caption\":\"novos professores da rede de ensino de Vit\u00f3ria\"},{\"@type\":\"BreadcrumbList\",\"@id\":\"https:\\\/\\\/www.encontravitoria.com.br\\\/sobre\\\/novos-professores-da-rede-de-ensino-de-vitoria-tomam-posse-nesta-quinta\\\/#breadcrumb\",\"itemListElement\":[{\"@type\":\"ListItem\",\"position\":1,\"name\":\"In\u00edcio\",\"item\":\"https:\\\/\\\/www.encontravitoria.com.br\\\/sobre\\\/\"},{\"@type\":\"ListItem\",\"position\":2,\"name\":\"Novos professores da rede de ensino de Vit\u00f3ria tomam posse nesta quinta\"}]},{\"@type\":\"WebSite\",\"@id\":\"https:\\\/\\\/www.encontravitoria.com.br\\\/sobre\\\/#website\",\"url\":\"https:\\\/\\\/www.encontravitoria.com.br\\\/sobre\\\/\",\"name\":\"Encontra Vit\u00f3ria\",\"description\":\"Not\u00edcias, eventos, informa\u00e7\u00f5es e dicas na cidade Vit\u00f3ria e regi\u00e3o.\",\"potentialAction\":[{\"@type\":\"SearchAction\",\"target\":{\"@type\":\"EntryPoint\",\"urlTemplate\":\"https:\\\/\\\/www.encontravitoria.com.br\\\/sobre\\\/?s={search_term_string}\"},\"query-input\":{\"@type\":\"PropertyValueSpecification\",\"valueRequired\":true,\"valueName\":\"search_term_string\"}}],\"inLanguage\":\"pt-BR\"},{\"@type\":\"Person\",\"@id\":\"https:\\\/\\\/www.encontravitoria.com.br\\\/sobre\\\/#\\\/schema\\\/person\\\/0f8e5bcc88fbadf1bad57afd504f48a2\",\"name\":\"Encontra Vit\u00f3ria\",\"image\":{\"@type\":\"ImageObject\",\"inLanguage\":\"pt-BR\",\"@id\":\"https:\\\/\\\/secure.gravatar.com\\\/avatar\\\/507340682b8270222e1f208e23198b6ae7e2c6a1033ae84e99bc6bce4f82a387?s=96&d=mm&r=g\",\"url\":\"https:\\\/\\\/secure.gravatar.com\\\/avatar\\\/507340682b8270222e1f208e23198b6ae7e2c6a1033ae84e99bc6bce4f82a387?s=96&d=mm&r=g\",\"contentUrl\":\"https:\\\/\\\/secure.gravatar.com\\\/avatar\\\/507340682b8270222e1f208e23198b6ae7e2c6a1033ae84e99bc6bce4f82a387?s=96&d=mm&r=g\",\"caption\":\"Encontra Vit\u00f3ria\"},\"sameAs\":[\"http:\\\/\\\/www.encontravitoria.com.br\"],\"url\":\"https:\\\/\\\/www.encontravitoria.com.br\\\/sobre\\\/author\\\/evitoria\\\/\"}]}<\/script>\n<!-- \/ Yoast SEO plugin. -->","yoast_head_json":{"title":"Novos professores da rede de ensino de Vit\u00f3ria tomam posse nesta quinta - Encontra Vit\u00f3ria","robots":{"index":"index","follow":"follow","max-snippet":"max-snippet:-1","max-image-preview":"max-image-preview:large","max-video-preview":"max-video-preview:-1"},"canonical":"https:\/\/www.encontravitoria.com.br\/sobre\/novos-professores-da-rede-de-ensino-de-vitoria-tomam-posse-nesta-quinta\/","og_locale":"pt_BR","og_type":"article","og_title":"Novos professores da rede de ensino de Vit\u00f3ria tomam posse nesta quinta - Encontra Vit\u00f3ria","og_description":"Novos professores da rede de ensino de Vit\u00f3ria foram empossados nesta quinta-feira (3).","og_url":"https:\/\/www.encontravitoria.com.br\/sobre\/novos-professores-da-rede-de-ensino-de-vitoria-tomam-posse-nesta-quinta\/","og_site_name":"Encontra Vit\u00f3ria","article_published_time":"2026-09-05T01:21:39+00:00","og_image":[{"url":"https:\/\/www.encontravitoria.com.br\/sobre\/wp-content\/uploads\/2026\/09\/novos-professores-da-rede-de-ensino-de-vitoria-tomam-posse-nesta-quinta.webp","type":"","width":"","height":""}],"author":"Encontra Vit\u00f3ria","twitter_card":"summary_large_image","twitter_misc":{"Escrito por":"Encontra Vit\u00f3ria","Est. tempo de leitura":"4 minutos"},"schema":{"@context":"https:\/\/schema.org","@graph":[{"@type":"Article","@id":"https:\/\/www.encontravitoria.com.br\/sobre\/novos-professores-da-rede-de-ensino-de-vitoria-tomam-posse-nesta-quinta\/#article","isPartOf":{"@id":"https:\/\/www.encontravitoria.com.br\/sobre\/novos-professores-da-rede-de-ensino-de-vitoria-tomam-posse-nesta-quinta\/"},"author":{"name":"Encontra Vit\u00f3ria","@id":"https:\/\/www.encontravitoria.com.br\/sobre\/#\/schema\/person\/0f8e5bcc88fbadf1bad57afd504f48a2"},"headline":"Novos professores da rede de ensino de Vit\u00f3ria tomam posse nesta quinta","datePublished":"2026-09-05T01:21:39+00:00","mainEntityOfPage":{"@id":"https:\/\/www.encontravitoria.com.br\/sobre\/novos-professores-da-rede-de-ensino-de-vitoria-tomam-posse-nesta-quinta\/"},"wordCount":756,"commentCount":0,"image":{"@id":"https:\/\/www.encontravitoria.com.br\/sobre\/novos-professores-da-rede-de-ensino-de-vitoria-tomam-posse-nesta-quinta\/#primaryimage"},"thumbnailUrl":"https:\/\/www.encontravitoria.com.br\/sobre\/wp-content\/uploads\/2026\/09\/novos-professores-da-rede-de-ensino-de-vitoria-tomam-posse-nesta-quinta.webp","articleSection":["Educa\u00e7\u00e3o Vit\u00f3ria"],"inLanguage":"pt-BR","potentialAction":[{"@type":"CommentAction","name":"Comment","target":["https:\/\/www.encontravitoria.com.br\/sobre\/novos-professores-da-rede-de-ensino-de-vitoria-tomam-posse-nesta-quinta\/#respond"]}]},{"@type":"WebPage","@id":"https:\/\/www.encontravitoria.com.br\/sobre\/novos-professores-da-rede-de-ensino-de-vitoria-tomam-posse-nesta-quinta\/","url":"https:\/\/www.encontravitoria.com.br\/sobre\/novos-professores-da-rede-de-ensino-de-vitoria-tomam-posse-nesta-quinta\/","name":"Novos professores da rede de ensino de Vit\u00f3ria tomam posse nesta quinta - Encontra Vit\u00f3ria","isPartOf":{"@id":"https:\/\/www.encontravitoria.com.br\/sobre\/#website"},"primaryImageOfPage":{"@id":"https:\/\/www.encontravitoria.com.br\/sobre\/novos-professores-da-rede-de-ensino-de-vitoria-tomam-posse-nesta-quinta\/#primaryimage"},"image":{"@id":"https:\/\/www.encontravitoria.com.br\/sobre\/novos-professores-da-rede-de-ensino-de-vitoria-tomam-posse-nesta-quinta\/#primaryimage"},"thumbnailUrl":"https:\/\/www.encontravitoria.com.br\/sobre\/wp-content\/uploads\/2026\/09\/novos-professores-da-rede-de-ensino-de-vitoria-tomam-posse-nesta-quinta.webp","datePublished":"2026-09-05T01:21:39+00:00","author":{"@id":"https:\/\/www.encontravitoria.com.br\/sobre\/#\/schema\/person\/0f8e5bcc88fbadf1bad57afd504f48a2"},"breadcrumb":{"@id":"https:\/\/www.encontravitoria.com.br\/sobre\/novos-professores-da-rede-de-ensino-de-vitoria-tomam-posse-nesta-quinta\/#breadcrumb"},"inLanguage":"pt-BR","potentialAction":[{"@type":"ReadAction","target":["https:\/\/www.encontravitoria.com.br\/sobre\/novos-professores-da-rede-de-ensino-de-vitoria-tomam-posse-nesta-quinta\/"]}]},{"@type":"ImageObject","inLanguage":"pt-BR","@id":"https:\/\/www.encontravitoria.com.br\/sobre\/novos-professores-da-rede-de-ensino-de-vitoria-tomam-posse-nesta-quinta\/#primaryimage","url":"https:\/\/www.encontravitoria.com.br\/sobre\/wp-content\/uploads\/2026\/09\/novos-professores-da-rede-de-ensino-de-vitoria-tomam-posse-nesta-quinta.webp","contentUrl":"https:\/\/www.encontravitoria.com.br\/sobre\/wp-content\/uploads\/2026\/09\/novos-professores-da-rede-de-ensino-de-vitoria-tomam-posse-nesta-quinta.webp","width":280,"height":280,"caption":"novos professores da rede de ensino de Vit\u00f3ria"},{"@type":"BreadcrumbList","@id":"https:\/\/www.encontravitoria.com.br\/sobre\/novos-professores-da-rede-de-ensino-de-vitoria-tomam-posse-nesta-quinta\/#breadcrumb","itemListElement":[{"@type":"ListItem","position":1,"name":"In\u00edcio","item":"https:\/\/www.encontravitoria.com.br\/sobre\/"},{"@type":"ListItem","position":2,"name":"Novos professores da rede de ensino de Vit\u00f3ria tomam posse nesta quinta"}]},{"@type":"WebSite","@id":"https:\/\/www.encontravitoria.com.br\/sobre\/#website","url":"https:\/\/www.encontravitoria.com.br\/sobre\/","name":"Encontra Vit\u00f3ria","description":"Not\u00edcias, eventos, informa\u00e7\u00f5es e dicas na cidade Vit\u00f3ria e regi\u00e3o.","potentialAction":[{"@type":"SearchAction","target":{"@type":"EntryPoint","urlTemplate":"https:\/\/www.encontravitoria.com.br\/sobre\/?s={search_term_string}"},"query-input":{"@type":"PropertyValueSpecification","valueRequired":true,"valueName":"search_term_string"}}],"inLanguage":"pt-BR"},{"@type":"Person","@id":"https:\/\/www.encontravitoria.com.br\/sobre\/#\/schema\/person\/0f8e5bcc88fbadf1bad57afd504f48a2","name":"Encontra Vit\u00f3ria","image":{"@type":"ImageObject","inLanguage":"pt-BR","@id":"https:\/\/secure.gravatar.com\/avatar\/507340682b8270222e1f208e23198b6ae7e2c6a1033ae84e99bc6bce4f82a387?s=96&d=mm&r=g","url":"https:\/\/secure.gravatar.com\/avatar\/507340682b8270222e1f208e23198b6ae7e2c6a1033ae84e99bc6bce4f82a387?s=96&d=mm&r=g","contentUrl":"https:\/\/secure.gravatar.com\/avatar\/507340682b8270222e1f208e23198b6ae7e2c6a1033ae84e99bc6bce4f82a387?s=96&d=mm&r=g","caption":"Encontra Vit\u00f3ria"},"sameAs":["http:\/\/www.encontravitoria.com.br"],"url":"https:\/\/www.encontravitoria.com.br\/sobre\/author\/evitoria\/"}]}},"_links":{"self":[{"href":"https:\/\/www.encontravitoria.com.br\/sobre\/wp-json\/wp\/v2\/posts\/2313","targetHints":{"allow":["GET"]}}],"collection":[{"href":"https:\/\/www.encontravitoria.com.br\/sobre\/wp-json\/wp\/v2\/posts"}],"about":[{"href":"https:\/\/www.encontravitoria.com.br\/sobre\/wp-json\/wp\/v2\/types\/post"}],"author":[{"embeddable":true,"href":"https:\/\/www.encontravitoria.com.br\/sobre\/wp-json\/wp\/v2\/users\/1"}],"replies":[{"embeddable":true,"href":"https:\/\/www.encontravitoria.com.br\/sobre\/wp-json\/wp\/v2\/comments?post=2313"}],"version-history":[{"count":0,"href":"https:\/\/www.encontravitoria.com.br\/sobre\/wp-json\/wp\/v2\/posts\/2313\/revisions"}],"wp:featuredmedia":[{"embeddable":true,"href":"https:\/\/www.encontravitoria.com.br\/sobre\/wp-json\/wp\/v2\/media\/2312"}],"wp:attachment":[{"href":"https:\/\/www.encontravitoria.com.br\/sobre\/wp-json\/wp\/v2\/media?parent=2313"}],"wp:term":[{"taxonomy":"category","embeddable":true,"href":"https:\/\/www.encontravitoria.com.br\/sobre\/wp-json\/wp\/v2\/categories?post=2313"},{"taxonomy":"post_tag","embeddable":true,"href":"https:\/\/www.encontravitoria.com.br\/sobre\/wp-json\/wp\/v2\/tags?post=2313"}],"curies":[{"name":"wp","href":"https:\/\/api.w.org\/{rel}","templated":true}]}}