{"id":2315,"date":"2026-09-05T01:22:49","date_gmt":"2026-09-05T01:22:49","guid":{"rendered":"https:\/\/www.encontravitoria.com.br\/sobre\/feriado-de-7-de-setembro-e-aniversario-de-vitoria-veja-o-que-abre-e-fecha-na-grande-vitoria\/"},"modified":"2026-09-05T01:22:49","modified_gmt":"2026-09-05T01:22:49","slug":"feriado-de-7-de-setembro-e-aniversario-de-vitoria-veja-o-que-abre-e-fecha-na-grande-vitoria","status":"publish","type":"post","link":"https:\/\/www.encontravitoria.com.br\/sobre\/feriado-de-7-de-setembro-e-aniversario-de-vitoria-veja-o-que-abre-e-fecha-na-grande-vitoria\/","title":{"rendered":"Feriado de 7 de Setembro e Anivers\u00e1rio de Vit\u00f3ria: veja o que abre e fecha na Grande Vit\u00f3ria"},"content":{"rendered":"<div class=\"23ed37709e053b55400ee1990aeffe41\" data-index=\"1\" style=\"float: none; margin:0px;\">\n<!-- Anuncio display - global -->\r\n<ins class=\"adsbygoogle\"\r\n     style=\"display:block\"\r\n     data-ad-client=\"ca-pub-8585364105181520\"\r\n     data-ad-slot=\"8789329856\"\r\n     data-ad-format=\"auto\"\r\n     data-full-width-responsive=\"true\"><\/ins>\r\n<script>\r\n     (adsbygoogle = window.adsbygoogle || []).push({});\r\n<\/script>\n<\/div>\n<h2>Feriado Nacional e Anivers\u00e1rio da Cidade<\/h2>\n<p>No dia 7 de setembro, celebra-se a Independ\u00eancia do Brasil, um momento de grande relev\u00e2ncia na hist\u00f3ria do pa\u00eds. Coincidentemente, no dia 8 de setembro, Vit\u00f3ria, capital do Esp\u00edrito Santo, comemora seu anivers\u00e1rio de 475 anos. Este per\u00edodo gera uma altera\u00e7\u00e3o significativa na rotina da popula\u00e7\u00e3o local, com v\u00e1rias mudan\u00e7as no funcionamento de estabelecimentos e servi\u00e7os.<\/p>\n<h2>Com\u00e9rcio Local e Supermercados<\/h2>\n<p>Durante o feriado, os hor\u00e1rios de funcionamento do com\u00e9rcio e dos supermercados na Grande Vit\u00f3ria ser\u00e3o adaptados, proporcionando op\u00e7\u00f5es limitadas aos consumidores. As principais redes de supermercados, como Perim, Carrefour e Assa\u00ed, ter\u00e3o seus hor\u00e1rios ajustados para atender as necessidades da popula\u00e7\u00e3o. Abaixo, uma tabela com os hor\u00e1rios de funcionamento:<\/p>\n<table>\n<thead>\n<tr>\n<th>Supermercado<\/th>\n<th>Hor\u00e1rio<\/th>\n<\/tr>\n<\/thead>\n<tbody>\n<tr>\n<td>Perim<\/td>\n<td>8h \u00e0s 18h<\/td>\n<\/tr>\n<tr>\n<td>Carrefour<\/td>\n<td>8h \u00e0s 18h<\/td>\n<\/tr>\n<tr>\n<td>Assa\u00ed<\/td>\n<td>8h \u00e0s 18h<\/td>\n<\/tr>\n<tr>\n<td>Extrabom<\/td>\n<td>8h \u00e0s 18h<\/td>\n<\/tr>\n<tr>\n<td>BH<\/td>\n<td>At\u00e9 as 18h<\/td>\n<\/tr>\n<\/tbody>\n<\/table>\n<p>\u00c9 importante destacar que algumas unidades podem ter hor\u00e1rios diferenciados. Por exemplo, a unidade do Extracenter em Guarapari funcionar\u00e1 at\u00e9 as 20h, e o Supermercado Sempre Tem em Jardim Limoeiro at\u00e9 as 18h.<\/p>\n<p><img decoding=\"async\" src=\"https:\/\/www.encontravitoria.com.br\/sobre\/wp-content\/uploads\/2026\/09\/feriado-de-7-de-setembro-e-aniversario-de-vitoria-veja-o-que-abre-e-fecha-na-grande-vitoria.webp\" alt=\"feriado de 7 de setembro e anivers\u00e1rio de vit\u00f3ria\" loading=\"lazy\" \/><\/p>\n<h2>Hor\u00e1rios Especiais de Shoppings<\/h2>\n<p>Os shoppings tamb\u00e9m informar\u00e3o seus hor\u00e1rios especiais para o feriado prolongado. Confira abaixo os hor\u00e1rios de algumas das principais op\u00e7\u00f5es de compras na regi\u00e3o:<\/p>\n<table>\n<thead>\n<tr>\n<th>Shopping<\/th>\n<th>Hor\u00e1rio<\/th>\n<\/tr>\n<\/thead>\n<tbody>\n<tr>\n<td>Shopping Vit\u00f3ria<\/td>\n<td>14h \u00e0s 21h<\/td>\n<\/tr>\n<tr>\n<td>Shopping Praia da Costa<\/td>\n<td>14h \u00e0s 21h<\/td>\n<\/tr>\n<tr>\n<td>Shopping Moxuara<\/td>\n<td>13h \u00e0s 21h<\/td>\n<\/tr>\n<tr>\n<td>Boulevard Shopping Vila Velha<\/td>\n<td>13h \u00e0s 22h<\/td>\n<\/tr>\n<\/tbody>\n<\/table>\n<h2>Servi\u00e7os P\u00fablicos Durante o Feriado<\/h2>\n<p>As reparti\u00e7\u00f5es p\u00fablicas estaduais n\u00e3o essenciais estar\u00e3o fechadas durante os feriados. Os servi\u00e7os essenciais, como seguran\u00e7a e sa\u00fade, continuar\u00e3o operando, mas com hor\u00e1rios reduzidos. Na prefeitura de Vit\u00f3ria, os servi\u00e7os apenas funcionar\u00e3o para situa\u00e7\u00f5es emergenciais.<\/p>\n<h2>Funcionamento das Ag\u00eancias Banc\u00e1rias<\/h2>\n<p>As ag\u00eancias banc\u00e1rias n\u00e3o estar\u00e3o dispon\u00edveis durante o feriado de 7 de setembro. Assim, os clientes devem planejar suas transa\u00e7\u00f5es financeiras com anteced\u00eancia para evitar imprevistos.<\/p>\n<h2>Atividades Culturais e Eventos<\/h2>\n<p>A cidade de Vit\u00f3ria pode oferecer atividades culturais e eventos em celebra\u00e7\u00e3o ao seu anivers\u00e1rio. Festividades s\u00e3o habitualmente organizadas para comemorar a rica heran\u00e7a cultural da cidade e envolver a comunidade local. Fique atento \u00e0s programa\u00e7\u00f5es em centros culturais e espa\u00e7os p\u00fablicos.<\/p>\n<h2>Reparti\u00e7\u00f5es P\u00fablicas Fechadas<\/h2>\n<p>Al\u00e9m das ag\u00eancias banc\u00e1rias, todas as reparti\u00e7\u00f5es p\u00fablicos estaduais e municipais n\u00e3o essenciais estar\u00e3o fechadas durante o feriado. \u00c9 recomendado \u00e0 popula\u00e7\u00e3o que programe suas atividades conforme estas informa\u00e7\u00f5es.<\/p>\n<h2>Hor\u00e1rio do Transporte P\u00fablico<\/h2>\n<p>O transporte p\u00fablico tamb\u00e9m sofrer\u00e1 altera\u00e7\u00f5es em seus hor\u00e1rios durante o feriado de 7 de setembro e o anivers\u00e1rio de Vit\u00f3ria. \u00c9 importante verificar as informa\u00e7\u00f5es diretamente com as empresas respons\u00e1veis pelo servi\u00e7o para garantir a melhor log\u00edstica de deslocamento.<\/p>\n<h2>Regras Especiais para Vit\u00f3ria<\/h2>\n<p>O dia 8 de setembro \u00e9 um feriado exclusivo para Vit\u00f3ria devido ao anivers\u00e1rio da cidade. Diferente de outros munic\u00edpios da Grande Vit\u00f3ria, onde a rotina segue normal, Vit\u00f3ria ter\u00e1 um funcionamento especial apenas para servi\u00e7os essenciais.<\/p>\n<h2>O Que Fazer em Vit\u00f3ria no Feriado<\/h2>\n<p>Os moradores e visitantes de Vit\u00f3ria poder\u00e3o aproveitar as comemora\u00e7\u00f5es com diversas atividades, que incluem desfiles c\u00edvicos, apresenta\u00e7\u00f5es culturais e eventos ao ar livre. As op\u00e7\u00f5es de lazer s\u00e3o uma excelente oportunidade para festejar e conhecer melhor a hist\u00f3ria da capital capixaba.<\/p>\n<h2>Impacto na Rotina da Grande Vit\u00f3ria<\/h2>\n<p>Os feriados consecutivos de 7 e 8 de setembro gerar\u00e3o um impacto not\u00e1vel na rotina da popula\u00e7\u00e3o da Grande Vit\u00f3ria. A altera\u00e7\u00e3o nos hor\u00e1rios de funcionamento de estabelecimentos, servi\u00e7os p\u00fablicos e transporte coletivo exigir\u00e1 planejamento por parte dos moradores. Esta \u00e9 uma oportunidade valiosa de celebrar a cultura local e relembrar a hist\u00f3ria do pa\u00eds.<\/p>\n\n<div style=\"font-size: 0px; height: 0px; line-height: 0px; margin: 0; padding: 0; clear: both;\"><\/div>","protected":false},"excerpt":{"rendered":"<p>Saiba o que est\u00e1 aberto e fechado no feriado de 7 de setembro e anivers\u00e1rio de Vit\u00f3ria.<\/p>\n","protected":false},"author":1,"featured_media":2314,"comment_status":"open","ping_status":"closed","sticky":false,"template":"","format":"standard","meta":{"footnotes":""},"categories":[6],"tags":[],"class_list":["post-2315","post","type-post","status-publish","format-standard","has-post-thumbnail","hentry","category-noticias-em-vitoria","has_thumb"],"yoast_head":"<!-- This site is optimized with the Yoast SEO plugin v28.2 - https:\/\/yoast.com\/product\/yoast-seo-wordpress\/ -->\n<title>Feriado de 7 de Setembro e Anivers\u00e1rio de Vit\u00f3ria: veja o que abre e fecha na Grande Vit\u00f3ria - Encontra Vit\u00f3ria<\/title>\n<meta name=\"robots\" content=\"index, follow, max-snippet:-1, max-image-preview:large, max-video-preview:-1\" \/>\n<link rel=\"canonical\" href=\"https:\/\/www.encontravitoria.com.br\/sobre\/feriado-de-7-de-setembro-e-aniversario-de-vitoria-veja-o-que-abre-e-fecha-na-grande-vitoria\/\" \/>\n<meta property=\"og:locale\" content=\"pt_BR\" \/>\n<meta property=\"og:type\" content=\"article\" \/>\n<meta property=\"og:title\" content=\"Feriado de 7 de Setembro e Anivers\u00e1rio de Vit\u00f3ria: veja o que abre e fecha na Grande Vit\u00f3ria - Encontra Vit\u00f3ria\" \/>\n<meta property=\"og:description\" content=\"Saiba o que est\u00e1 aberto e fechado no feriado de 7 de setembro e anivers\u00e1rio de Vit\u00f3ria.\" \/>\n<meta property=\"og:url\" content=\"https:\/\/www.encontravitoria.com.br\/sobre\/feriado-de-7-de-setembro-e-aniversario-de-vitoria-veja-o-que-abre-e-fecha-na-grande-vitoria\/\" \/>\n<meta property=\"og:site_name\" content=\"Encontra Vit\u00f3ria\" \/>\n<meta property=\"article:published_time\" content=\"2026-09-05T01:22:49+00:00\" \/>\n<meta property=\"og:image\" content=\"https:\/\/www.encontravitoria.com.br\/sobre\/wp-content\/uploads\/2026\/09\/feriado-de-7-de-setembro-e-aniversario-de-vitoria-veja-o-que-abre-e-fecha-na-grande-vitoria.webp\" \/>\n<meta name=\"author\" content=\"Encontra Vit\u00f3ria\" \/>\n<meta name=\"twitter:card\" content=\"summary_large_image\" \/>\n<meta name=\"twitter:label1\" content=\"Escrito por\" \/>\n\t<meta name=\"twitter:data1\" content=\"Encontra Vit\u00f3ria\" \/>\n\t<meta name=\"twitter:label2\" content=\"Est. tempo de leitura\" \/>\n\t<meta name=\"twitter:data2\" content=\"3 minutos\" \/>\n<script type=\"application\/ld+json\" class=\"yoast-schema-graph\">{\"@context\":\"https:\\\/\\\/schema.org\",\"@graph\":[{\"@type\":\"Article\",\"@id\":\"https:\\\/\\\/www.encontravitoria.com.br\\\/sobre\\\/feriado-de-7-de-setembro-e-aniversario-de-vitoria-veja-o-que-abre-e-fecha-na-grande-vitoria\\\/#article\",\"isPartOf\":{\"@id\":\"https:\\\/\\\/www.encontravitoria.com.br\\\/sobre\\\/feriado-de-7-de-setembro-e-aniversario-de-vitoria-veja-o-que-abre-e-fecha-na-grande-vitoria\\\/\"},\"author\":{\"name\":\"Encontra Vit\u00f3ria\",\"@id\":\"https:\\\/\\\/www.encontravitoria.com.br\\\/sobre\\\/#\\\/schema\\\/person\\\/0f8e5bcc88fbadf1bad57afd504f48a2\"},\"headline\":\"Feriado de 7 de Setembro e Anivers\u00e1rio de Vit\u00f3ria: veja o que abre e fecha na Grande Vit\u00f3ria\",\"datePublished\":\"2026-09-05T01:22:49+00:00\",\"mainEntityOfPage\":{\"@id\":\"https:\\\/\\\/www.encontravitoria.com.br\\\/sobre\\\/feriado-de-7-de-setembro-e-aniversario-de-vitoria-veja-o-que-abre-e-fecha-na-grande-vitoria\\\/\"},\"wordCount\":691,\"commentCount\":0,\"image\":{\"@id\":\"https:\\\/\\\/www.encontravitoria.com.br\\\/sobre\\\/feriado-de-7-de-setembro-e-aniversario-de-vitoria-veja-o-que-abre-e-fecha-na-grande-vitoria\\\/#primaryimage\"},\"thumbnailUrl\":\"https:\\\/\\\/www.encontravitoria.com.br\\\/sobre\\\/wp-content\\\/uploads\\\/2026\\\/09\\\/feriado-de-7-de-setembro-e-aniversario-de-vitoria-veja-o-que-abre-e-fecha-na-grande-vitoria.webp\",\"articleSection\":[\"Not\u00edcias Vit\u00f3ria\"],\"inLanguage\":\"pt-BR\",\"potentialAction\":[{\"@type\":\"CommentAction\",\"name\":\"Comment\",\"target\":[\"https:\\\/\\\/www.encontravitoria.com.br\\\/sobre\\\/feriado-de-7-de-setembro-e-aniversario-de-vitoria-veja-o-que-abre-e-fecha-na-grande-vitoria\\\/#respond\"]}]},{\"@type\":\"WebPage\",\"@id\":\"https:\\\/\\\/www.encontravitoria.com.br\\\/sobre\\\/feriado-de-7-de-setembro-e-aniversario-de-vitoria-veja-o-que-abre-e-fecha-na-grande-vitoria\\\/\",\"url\":\"https:\\\/\\\/www.encontravitoria.com.br\\\/sobre\\\/feriado-de-7-de-setembro-e-aniversario-de-vitoria-veja-o-que-abre-e-fecha-na-grande-vitoria\\\/\",\"name\":\"Feriado de 7 de Setembro e Anivers\u00e1rio de Vit\u00f3ria: veja o que abre e fecha na Grande Vit\u00f3ria - Encontra Vit\u00f3ria\",\"isPartOf\":{\"@id\":\"https:\\\/\\\/www.encontravitoria.com.br\\\/sobre\\\/#website\"},\"primaryImageOfPage\":{\"@id\":\"https:\\\/\\\/www.encontravitoria.com.br\\\/sobre\\\/feriado-de-7-de-setembro-e-aniversario-de-vitoria-veja-o-que-abre-e-fecha-na-grande-vitoria\\\/#primaryimage\"},\"image\":{\"@id\":\"https:\\\/\\\/www.encontravitoria.com.br\\\/sobre\\\/feriado-de-7-de-setembro-e-aniversario-de-vitoria-veja-o-que-abre-e-fecha-na-grande-vitoria\\\/#primaryimage\"},\"thumbnailUrl\":\"https:\\\/\\\/www.encontravitoria.com.br\\\/sobre\\\/wp-content\\\/uploads\\\/2026\\\/09\\\/feriado-de-7-de-setembro-e-aniversario-de-vitoria-veja-o-que-abre-e-fecha-na-grande-vitoria.webp\",\"datePublished\":\"2026-09-05T01:22:49+00:00\",\"author\":{\"@id\":\"https:\\\/\\\/www.encontravitoria.com.br\\\/sobre\\\/#\\\/schema\\\/person\\\/0f8e5bcc88fbadf1bad57afd504f48a2\"},\"breadcrumb\":{\"@id\":\"https:\\\/\\\/www.encontravitoria.com.br\\\/sobre\\\/feriado-de-7-de-setembro-e-aniversario-de-vitoria-veja-o-que-abre-e-fecha-na-grande-vitoria\\\/#breadcrumb\"},\"inLanguage\":\"pt-BR\",\"potentialAction\":[{\"@type\":\"ReadAction\",\"target\":[\"https:\\\/\\\/www.encontravitoria.com.br\\\/sobre\\\/feriado-de-7-de-setembro-e-aniversario-de-vitoria-veja-o-que-abre-e-fecha-na-grande-vitoria\\\/\"]}]},{\"@type\":\"ImageObject\",\"inLanguage\":\"pt-BR\",\"@id\":\"https:\\\/\\\/www.encontravitoria.com.br\\\/sobre\\\/feriado-de-7-de-setembro-e-aniversario-de-vitoria-veja-o-que-abre-e-fecha-na-grande-vitoria\\\/#primaryimage\",\"url\":\"https:\\\/\\\/www.encontravitoria.com.br\\\/sobre\\\/wp-content\\\/uploads\\\/2026\\\/09\\\/feriado-de-7-de-setembro-e-aniversario-de-vitoria-veja-o-que-abre-e-fecha-na-grande-vitoria.webp\",\"contentUrl\":\"https:\\\/\\\/www.encontravitoria.com.br\\\/sobre\\\/wp-content\\\/uploads\\\/2026\\\/09\\\/feriado-de-7-de-setembro-e-aniversario-de-vitoria-veja-o-que-abre-e-fecha-na-grande-vitoria.webp\",\"width\":280,\"height\":280,\"caption\":\"feriado de 7 de setembro e anivers\u00e1rio de vit\u00f3ria\"},{\"@type\":\"BreadcrumbList\",\"@id\":\"https:\\\/\\\/www.encontravitoria.com.br\\\/sobre\\\/feriado-de-7-de-setembro-e-aniversario-de-vitoria-veja-o-que-abre-e-fecha-na-grande-vitoria\\\/#breadcrumb\",\"itemListElement\":[{\"@type\":\"ListItem\",\"position\":1,\"name\":\"In\u00edcio\",\"item\":\"https:\\\/\\\/www.encontravitoria.com.br\\\/sobre\\\/\"},{\"@type\":\"ListItem\",\"position\":2,\"name\":\"Feriado de 7 de Setembro e Anivers\u00e1rio de Vit\u00f3ria: veja o que abre e fecha na Grande Vit\u00f3ria\"}]},{\"@type\":\"WebSite\",\"@id\":\"https:\\\/\\\/www.encontravitoria.com.br\\\/sobre\\\/#website\",\"url\":\"https:\\\/\\\/www.encontravitoria.com.br\\\/sobre\\\/\",\"name\":\"Encontra Vit\u00f3ria\",\"description\":\"Not\u00edcias, eventos, informa\u00e7\u00f5es e dicas na cidade Vit\u00f3ria e regi\u00e3o.\",\"potentialAction\":[{\"@type\":\"SearchAction\",\"target\":{\"@type\":\"EntryPoint\",\"urlTemplate\":\"https:\\\/\\\/www.encontravitoria.com.br\\\/sobre\\\/?s={search_term_string}\"},\"query-input\":{\"@type\":\"PropertyValueSpecification\",\"valueRequired\":true,\"valueName\":\"search_term_string\"}}],\"inLanguage\":\"pt-BR\"},{\"@type\":\"Person\",\"@id\":\"https:\\\/\\\/www.encontravitoria.com.br\\\/sobre\\\/#\\\/schema\\\/person\\\/0f8e5bcc88fbadf1bad57afd504f48a2\",\"name\":\"Encontra Vit\u00f3ria\",\"image\":{\"@type\":\"ImageObject\",\"inLanguage\":\"pt-BR\",\"@id\":\"https:\\\/\\\/secure.gravatar.com\\\/avatar\\\/507340682b8270222e1f208e23198b6ae7e2c6a1033ae84e99bc6bce4f82a387?s=96&d=mm&r=g\",\"url\":\"https:\\\/\\\/secure.gravatar.com\\\/avatar\\\/507340682b8270222e1f208e23198b6ae7e2c6a1033ae84e99bc6bce4f82a387?s=96&d=mm&r=g\",\"contentUrl\":\"https:\\\/\\\/secure.gravatar.com\\\/avatar\\\/507340682b8270222e1f208e23198b6ae7e2c6a1033ae84e99bc6bce4f82a387?s=96&d=mm&r=g\",\"caption\":\"Encontra Vit\u00f3ria\"},\"sameAs\":[\"http:\\\/\\\/www.encontravitoria.com.br\"],\"url\":\"https:\\\/\\\/www.encontravitoria.com.br\\\/sobre\\\/author\\\/evitoria\\\/\"}]}<\/script>\n<!-- \/ Yoast SEO plugin. -->","yoast_head_json":{"title":"Feriado de 7 de Setembro e Anivers\u00e1rio de Vit\u00f3ria: veja o que abre e fecha na Grande Vit\u00f3ria - Encontra Vit\u00f3ria","robots":{"index":"index","follow":"follow","max-snippet":"max-snippet:-1","max-image-preview":"max-image-preview:large","max-video-preview":"max-video-preview:-1"},"canonical":"https:\/\/www.encontravitoria.com.br\/sobre\/feriado-de-7-de-setembro-e-aniversario-de-vitoria-veja-o-que-abre-e-fecha-na-grande-vitoria\/","og_locale":"pt_BR","og_type":"article","og_title":"Feriado de 7 de Setembro e Anivers\u00e1rio de Vit\u00f3ria: veja o que abre e fecha na Grande Vit\u00f3ria - Encontra Vit\u00f3ria","og_description":"Saiba o que est\u00e1 aberto e fechado no feriado de 7 de setembro e anivers\u00e1rio de Vit\u00f3ria.","og_url":"https:\/\/www.encontravitoria.com.br\/sobre\/feriado-de-7-de-setembro-e-aniversario-de-vitoria-veja-o-que-abre-e-fecha-na-grande-vitoria\/","og_site_name":"Encontra Vit\u00f3ria","article_published_time":"2026-09-05T01:22:49+00:00","og_image":[{"url":"https:\/\/www.encontravitoria.com.br\/sobre\/wp-content\/uploads\/2026\/09\/feriado-de-7-de-setembro-e-aniversario-de-vitoria-veja-o-que-abre-e-fecha-na-grande-vitoria.webp","type":"","width":"","height":""}],"author":"Encontra Vit\u00f3ria","twitter_card":"summary_large_image","twitter_misc":{"Escrito por":"Encontra Vit\u00f3ria","Est. tempo de leitura":"3 minutos"},"schema":{"@context":"https:\/\/schema.org","@graph":[{"@type":"Article","@id":"https:\/\/www.encontravitoria.com.br\/sobre\/feriado-de-7-de-setembro-e-aniversario-de-vitoria-veja-o-que-abre-e-fecha-na-grande-vitoria\/#article","isPartOf":{"@id":"https:\/\/www.encontravitoria.com.br\/sobre\/feriado-de-7-de-setembro-e-aniversario-de-vitoria-veja-o-que-abre-e-fecha-na-grande-vitoria\/"},"author":{"name":"Encontra Vit\u00f3ria","@id":"https:\/\/www.encontravitoria.com.br\/sobre\/#\/schema\/person\/0f8e5bcc88fbadf1bad57afd504f48a2"},"headline":"Feriado de 7 de Setembro e Anivers\u00e1rio de Vit\u00f3ria: veja o que abre e fecha na Grande Vit\u00f3ria","datePublished":"2026-09-05T01:22:49+00:00","mainEntityOfPage":{"@id":"https:\/\/www.encontravitoria.com.br\/sobre\/feriado-de-7-de-setembro-e-aniversario-de-vitoria-veja-o-que-abre-e-fecha-na-grande-vitoria\/"},"wordCount":691,"commentCount":0,"image":{"@id":"https:\/\/www.encontravitoria.com.br\/sobre\/feriado-de-7-de-setembro-e-aniversario-de-vitoria-veja-o-que-abre-e-fecha-na-grande-vitoria\/#primaryimage"},"thumbnailUrl":"https:\/\/www.encontravitoria.com.br\/sobre\/wp-content\/uploads\/2026\/09\/feriado-de-7-de-setembro-e-aniversario-de-vitoria-veja-o-que-abre-e-fecha-na-grande-vitoria.webp","articleSection":["Not\u00edcias Vit\u00f3ria"],"inLanguage":"pt-BR","potentialAction":[{"@type":"CommentAction","name":"Comment","target":["https:\/\/www.encontravitoria.com.br\/sobre\/feriado-de-7-de-setembro-e-aniversario-de-vitoria-veja-o-que-abre-e-fecha-na-grande-vitoria\/#respond"]}]},{"@type":"WebPage","@id":"https:\/\/www.encontravitoria.com.br\/sobre\/feriado-de-7-de-setembro-e-aniversario-de-vitoria-veja-o-que-abre-e-fecha-na-grande-vitoria\/","url":"https:\/\/www.encontravitoria.com.br\/sobre\/feriado-de-7-de-setembro-e-aniversario-de-vitoria-veja-o-que-abre-e-fecha-na-grande-vitoria\/","name":"Feriado de 7 de Setembro e Anivers\u00e1rio de Vit\u00f3ria: veja o que abre e fecha na Grande Vit\u00f3ria - Encontra Vit\u00f3ria","isPartOf":{"@id":"https:\/\/www.encontravitoria.com.br\/sobre\/#website"},"primaryImageOfPage":{"@id":"https:\/\/www.encontravitoria.com.br\/sobre\/feriado-de-7-de-setembro-e-aniversario-de-vitoria-veja-o-que-abre-e-fecha-na-grande-vitoria\/#primaryimage"},"image":{"@id":"https:\/\/www.encontravitoria.com.br\/sobre\/feriado-de-7-de-setembro-e-aniversario-de-vitoria-veja-o-que-abre-e-fecha-na-grande-vitoria\/#primaryimage"},"thumbnailUrl":"https:\/\/www.encontravitoria.com.br\/sobre\/wp-content\/uploads\/2026\/09\/feriado-de-7-de-setembro-e-aniversario-de-vitoria-veja-o-que-abre-e-fecha-na-grande-vitoria.webp","datePublished":"2026-09-05T01:22:49+00:00","author":{"@id":"https:\/\/www.encontravitoria.com.br\/sobre\/#\/schema\/person\/0f8e5bcc88fbadf1bad57afd504f48a2"},"breadcrumb":{"@id":"https:\/\/www.encontravitoria.com.br\/sobre\/feriado-de-7-de-setembro-e-aniversario-de-vitoria-veja-o-que-abre-e-fecha-na-grande-vitoria\/#breadcrumb"},"inLanguage":"pt-BR","potentialAction":[{"@type":"ReadAction","target":["https:\/\/www.encontravitoria.com.br\/sobre\/feriado-de-7-de-setembro-e-aniversario-de-vitoria-veja-o-que-abre-e-fecha-na-grande-vitoria\/"]}]},{"@type":"ImageObject","inLanguage":"pt-BR","@id":"https:\/\/www.encontravitoria.com.br\/sobre\/feriado-de-7-de-setembro-e-aniversario-de-vitoria-veja-o-que-abre-e-fecha-na-grande-vitoria\/#primaryimage","url":"https:\/\/www.encontravitoria.com.br\/sobre\/wp-content\/uploads\/2026\/09\/feriado-de-7-de-setembro-e-aniversario-de-vitoria-veja-o-que-abre-e-fecha-na-grande-vitoria.webp","contentUrl":"https:\/\/www.encontravitoria.com.br\/sobre\/wp-content\/uploads\/2026\/09\/feriado-de-7-de-setembro-e-aniversario-de-vitoria-veja-o-que-abre-e-fecha-na-grande-vitoria.webp","width":280,"height":280,"caption":"feriado de 7 de setembro e anivers\u00e1rio de vit\u00f3ria"},{"@type":"BreadcrumbList","@id":"https:\/\/www.encontravitoria.com.br\/sobre\/feriado-de-7-de-setembro-e-aniversario-de-vitoria-veja-o-que-abre-e-fecha-na-grande-vitoria\/#breadcrumb","itemListElement":[{"@type":"ListItem","position":1,"name":"In\u00edcio","item":"https:\/\/www.encontravitoria.com.br\/sobre\/"},{"@type":"ListItem","position":2,"name":"Feriado de 7 de Setembro e Anivers\u00e1rio de Vit\u00f3ria: veja o que abre e fecha na Grande Vit\u00f3ria"}]},{"@type":"WebSite","@id":"https:\/\/www.encontravitoria.com.br\/sobre\/#website","url":"https:\/\/www.encontravitoria.com.br\/sobre\/","name":"Encontra Vit\u00f3ria","description":"Not\u00edcias, eventos, informa\u00e7\u00f5es e dicas na cidade Vit\u00f3ria e regi\u00e3o.","potentialAction":[{"@type":"SearchAction","target":{"@type":"EntryPoint","urlTemplate":"https:\/\/www.encontravitoria.com.br\/sobre\/?s={search_term_string}"},"query-input":{"@type":"PropertyValueSpecification","valueRequired":true,"valueName":"search_term_string"}}],"inLanguage":"pt-BR"},{"@type":"Person","@id":"https:\/\/www.encontravitoria.com.br\/sobre\/#\/schema\/person\/0f8e5bcc88fbadf1bad57afd504f48a2","name":"Encontra Vit\u00f3ria","image":{"@type":"ImageObject","inLanguage":"pt-BR","@id":"https:\/\/secure.gravatar.com\/avatar\/507340682b8270222e1f208e23198b6ae7e2c6a1033ae84e99bc6bce4f82a387?s=96&d=mm&r=g","url":"https:\/\/secure.gravatar.com\/avatar\/507340682b8270222e1f208e23198b6ae7e2c6a1033ae84e99bc6bce4f82a387?s=96&d=mm&r=g","contentUrl":"https:\/\/secure.gravatar.com\/avatar\/507340682b8270222e1f208e23198b6ae7e2c6a1033ae84e99bc6bce4f82a387?s=96&d=mm&r=g","caption":"Encontra Vit\u00f3ria"},"sameAs":["http:\/\/www.encontravitoria.com.br"],"url":"https:\/\/www.encontravitoria.com.br\/sobre\/author\/evitoria\/"}]}},"_links":{"self":[{"href":"https:\/\/www.encontravitoria.com.br\/sobre\/wp-json\/wp\/v2\/posts\/2315","targetHints":{"allow":["GET"]}}],"collection":[{"href":"https:\/\/www.encontravitoria.com.br\/sobre\/wp-json\/wp\/v2\/posts"}],"about":[{"href":"https:\/\/www.encontravitoria.com.br\/sobre\/wp-json\/wp\/v2\/types\/post"}],"author":[{"embeddable":true,"href":"https:\/\/www.encontravitoria.com.br\/sobre\/wp-json\/wp\/v2\/users\/1"}],"replies":[{"embeddable":true,"href":"https:\/\/www.encontravitoria.com.br\/sobre\/wp-json\/wp\/v2\/comments?post=2315"}],"version-history":[{"count":0,"href":"https:\/\/www.encontravitoria.com.br\/sobre\/wp-json\/wp\/v2\/posts\/2315\/revisions"}],"wp:featuredmedia":[{"embeddable":true,"href":"https:\/\/www.encontravitoria.com.br\/sobre\/wp-json\/wp\/v2\/media\/2314"}],"wp:attachment":[{"href":"https:\/\/www.encontravitoria.com.br\/sobre\/wp-json\/wp\/v2\/media?parent=2315"}],"wp:term":[{"taxonomy":"category","embeddable":true,"href":"https:\/\/www.encontravitoria.com.br\/sobre\/wp-json\/wp\/v2\/categories?post=2315"},{"taxonomy":"post_tag","embeddable":true,"href":"https:\/\/www.encontravitoria.com.br\/sobre\/wp-json\/wp\/v2\/tags?post=2315"}],"curies":[{"name":"wp","href":"https:\/\/api.w.org\/{rel}","templated":true}]}}