{"id":698,"date":"2019-11-04T07:47:16","date_gmt":"2019-11-04T07:47:16","guid":{"rendered":"https:\/\/www.encontravitoria.com.br\/sobre\/?p=698"},"modified":"2019-11-04T07:49:05","modified_gmt":"2019-11-04T07:49:05","slug":"globo-vitoria","status":"publish","type":"post","link":"https:\/\/www.encontravitoria.com.br\/sobre\/globo-vitoria\/","title":{"rendered":"Globo Vit\u00f3ria"},"content":{"rendered":"<div class=\"23ed37709e053b55400ee1990aeffe41\" data-index=\"1\" style=\"float: none; margin:0px;\">\n<!-- Anuncio display - global -->\r\n<ins class=\"adsbygoogle\"\r\n     style=\"display:block\"\r\n     data-ad-client=\"ca-pub-8585364105181520\"\r\n     data-ad-slot=\"8789329856\"\r\n     data-ad-format=\"auto\"\r\n     data-full-width-responsive=\"true\"><\/ins>\r\n<script>\r\n     (adsbygoogle = window.adsbygoogle || []).push({});\r\n<\/script>\n<\/div>\n<p>TV<strong> Globo Vit\u00f3ria <\/strong>\u00e9 uma emissora de televis\u00e3o brasileira sediada em Vit\u00f3ria, capital do estado do Esp\u00edrito Santo. Opera no canal 4 (22 UHF digital) e \u00e9 afiliada \u00e0 Rede Globo.<\/p>\n<p>Foi inaugurada no dia 11 de setembro de 1976 pelo empres\u00e1rio Cari\u00ea Lindenberg, e pertence \u00e0 Rede Gazeta de Comunica\u00e7\u00f5es, um grande conglomerado capixaba que tamb\u00e9m controla o jornal A Gazeta, as r\u00e1dios Gazeta, Gazeta FM Linhares, CBN Vit\u00f3ria, Litoral FM e Mix FM Vit\u00f3ria.<\/p>\n<p><img loading=\"lazy\" decoding=\"async\" class=\"alignnone wp-image-699 size-full\" title=\"Globo Vit\u00f3ria\" src=\"https:\/\/www.encontravitoria.com.br\/sobre\/wp-content\/uploads\/2019\/11\/globo-vitoria.gif\" alt=\"Globo Vit\u00f3ria\" width=\"680\" height=\"189\" \/><\/p>\n<p>\u00c9 a cabe\u00e7a de rede da Rede Gazeta, que transmite sua programa\u00e7\u00e3o para as outras tr\u00eas emissoras da rede, em Cachoeiro de Itapemirim, Colatina e Linhares. Seus est\u00fadios est\u00e3o localizados no bairro Monte Belo, e sua antena de transmiss\u00e3o est\u00e1 no alto do Morro da Fonte Grande.<\/p>\n<h2>Globo Vit\u00f3ria Hist\u00f3ria<\/h2>\n<p>A programa\u00e7\u00e3o da Rede Globo chegou ao Esp\u00edrito Santo bem antes da TV Gazeta ser inaugurada. No ano de 1966, um grupo de pol\u00edticos e empres\u00e1rios criou a TV Clube Intermunicipal, embri\u00e3o da cria\u00e7\u00e3o da TV Gazeta, 10 anos depois, em 1976. As d\u00e9cadas de 60 e 70 s\u00e3o marcadas por mudan\u00e7as no eixo pol\u00edtico-econ\u00f4mico capixaba e nacional. De tradi\u00e7\u00e3o agr\u00e1ria (num Estado que iniciava a sua migra\u00e7\u00e3o para a produ\u00e7\u00e3o fabril-exportadora) e vinculada a atividades pol\u00edticas (num tempo de regime militar), a fam\u00edlia Monteiro Lindenberg passa a investir para fazer travessias nos campos de poder.<\/p>\n<p>Com o crescimento da audi\u00eancia da TV, principalmente em torno da Globo, inclu\u00eddo no projeto nacional de constitui\u00e7\u00e3o de sistema de comunica\u00e7\u00e3o de massa no Brasil, a fam\u00edlia Monteiro Lindenberg v\u00ea na TV, um lugar de investimento e atua\u00e7\u00e3o, refor\u00e7ando sua presen\u00e7a no neg\u00f3cio midi\u00e1tico, uma vez que eles j\u00e1 possu\u00edam o jornal A Gazeta desde os anos 40, adquirido no contexto de querelas pol\u00edtico-partid\u00e1rias. A partir de negocia\u00e7\u00f5es, disputas e conversas que remontam aos anos inicias da d\u00e9cada de 70, a fam\u00edlia Monteiro Lindenberg conseguiu o contrato de retransmiss\u00e3o da Globo e a concess\u00e3o do canal 4 VHF. Em seus prim\u00f3rdios, a TV Gazeta contratou, de outros estados, profissionais experientes na \u00e1rea televisiva, al\u00e9m de promover treinamentos de jornalistas e t\u00e9cnicos com a equipe da TV Globo Rio de Janeiro, considerando que curso de Comunica\u00e7\u00e3o Social da Universidade Federal do Esp\u00edrito Santo (UFES), com habilita\u00e7\u00e3o em jornalismo e oublicidade, foi criado apenas em 1975.<\/p>\n<p>No dia 19 de abril de 2010, a emissora inaugurou novos cen\u00e1rios nas emissoras de Cachoeiro de Itapemirim, Colatina e Linhares. A emissora da capital, por sua vez, tem dois ambientes: em um, os apresentadores ficam em p\u00e9, e em outro, s\u00e3o feitas as entrevistas, utilizando o padr\u00e3o semelhante aos das emissoras da Globo em Bras\u00edlia e no Rio de Janeiro. O programa Esta\u00e7\u00e3o Esporte ganhou nova vinheta e cen\u00e1rio, assim como o ES Comunidade, que voltou a ser chamado de Gazeta Comunidade, nome utilizado na d\u00e9cada de 1990. E com a inaugura\u00e7\u00e3o da nova programa\u00e7\u00e3o, a TV Gazeta anunciou a exibi\u00e7\u00e3o do Em Movimento em HDTV, a partir do dia 24 de abril.<\/p>\n<p>Em 2013, a TV Gazeta foi uma das afiliadas da Rede Globo a testar mudan\u00e7as em sua programa\u00e7\u00e3o vespertina, que mais tarde, seriam usadas em todas as emissoras da rede. Diferente das demais pra\u00e7as, a Sess\u00e3o da Tarde come\u00e7a \u00e0s 13h50, seguido pelo Vale a Pena Ver de Novo \u00e0s 15h45, e por \u00faltimo o V\u00eddeo Show \u00e0s 17h10. Pouco dias depois, a TV Gazeta alterou novamente a ordem da programa\u00e7\u00e3o e manteve o V\u00eddeo Show \u00e0s 13h50, invertendo apenas o Vale a Pena Ver de Novo e a Sess\u00e3o da Tarde.<\/p>\n<p>Em 2015, os programas Esta\u00e7\u00e3o Esporte e Gazeta Comunidade s\u00e3o extintos, dando lugar ao Leve a Vida. O Em Movimento muda de hor\u00e1rio e teve sua dura\u00e7\u00e3o reduzida em 20 minutos, indo ao ar ap\u00f3s a edi\u00e7\u00e3o de s\u00e1bado do ESTV 1\u00aa Edi\u00e7\u00e3o. No m\u00eas de novembro, a emissora anuncia a sa\u00edda de Ted Conti, ap\u00f3s 25 anos apresentando o ESTV 2\u00aa Edi\u00e7\u00e3o. O apresentador motivou a sa\u00edda, explicando que iria dedicar a projetos pessoais no exterior. O telejornal passou a ser apresentado por Daniela Abreu.<\/p>\n<p>No m\u00eas de dezembro, atingida pela crise financeira devido ao baixo faturamento, a TV Gazeta cancela o programa Leve a Vida, sendo substitu\u00eddo por atra\u00e7\u00f5es nacionais da Globo exibidas no hor\u00e1rio do programa. Com o fim do Leve a Vida e a redu\u00e7\u00e3o de tempo do Em Movimento, houve uma s\u00e9rie de demiss\u00f5es na emissora, inclu\u00eddo profissionais que estavam na emissora h\u00e1 mais de 25 anos, como Sandra Freitas. Atualmente, a emissora concentra sua grade local em 3 telejornais di\u00e1rios (Bom Dia Esp\u00edrito Santo, e as duas edi\u00e7\u00f5es do ESTV), com o boletim Gazeta Not\u00edcia exibido nos intervalos do Mais Voc\u00ea, da Sess\u00e3o da Tarde, do Vale a Pena Ver de Novo e de Malha\u00e7\u00e3o, al\u00e9m do Em Movimento aos s\u00e1bados e do Jornal do Campo aos domingos.<\/p>\n<p>Em 11 de setembro de 2018, nas comemora\u00e7\u00f5es dos 90 anos da Rede Gazeta a emissora muda o visual dos seus telejornais di\u00e1rios estreando os novos pacotes gr\u00e1ficos e sonoros no mesmo padr\u00e3o utilizado pelas emissoras pr\u00f3prias e em algumas afiliadas da Globo.\u00a0Em 20 de outubro de 2018, a emissora realiza mudan\u00e7as na grade dos s\u00e1bados. O Em Movimento mudou de hor\u00e1rio e passou a ir ao ar depois do Jornal Hoje e estreou tamb\u00e9m o novo programa semanal de variedades AGTV sob a apresenta\u00e7\u00e3o de Fl\u00e1via Mendon\u00e7a. Com isso o ES1 teve a dura\u00e7\u00e3o ampliada aos s\u00e1bados em 27 de outubro.<\/p>\n<h3>Globo Vit\u00f3ria Programa\u00e7\u00e3o<\/h3>\n<p>Acesse o site e confira toda programa\u00e7\u00e3o da Globo e n\u00e3o perca o seu programa favorito.<\/p>\n<h3>Vagas Globo Vit\u00f3ria \u2013 Trabalhe Conosco<\/h3>\n<p>Se voc\u00ea tem paix\u00e3o pelo que faz e garra para alcan\u00e7ar seus objetivos, junte-se ao time da Globo Vit\u00f3ria.\u00a0 Para alcan\u00e7ar seu objetivo de neg\u00f3cios, a empresa procura os melhores talentos e profissionais que queiram crescer continuamente com a empresa. Voc\u00ea se encaixa neste perfil? Acesse o site da empresa e envie o seu <em>curr\u00edculo.<\/em><\/p>\n<h3>Hor\u00e1rio de Funcionamento Globo em Vit\u00f3ria<\/h3>\n<ul>\n<li>Segunda a Sexta das 08h \u00e0s 18h<\/li>\n<\/ul>\n<h3>Endere\u00e7o e Telefone Globo em Vit\u00f3ria<\/h3>\n<ul>\n<li>R. Chafic Murad, 902 &#8211; Monte Belo &#8211; Vit\u00f3ria &#8211; ES<\/li>\n<li>Telefone: (27) 3321-8284<\/li>\n<\/ul>\n<h4>Outras informa\u00e7\u00f5es e site<\/h4>\n<ul>\n<li>Mais informa\u00e7\u00f5es:\u00a0<a href=\"https:\/\/redeglobo.globo.com\/tvgazetaes\/\" target=\"_blank\" rel=\"noopener noreferrer\">www.redeglobo.globo.com\/tvgazetaes<\/a><\/li>\n<\/ul>\n<h4>Mapa de localiza\u00e7\u00e3o<\/h4>\n<a class=\"wp-colorbox-iframe\" href=\"https:\/\/www.google.com\/maps\/embed?pb=!1m18!1m12!1m3!1d3741.626891185008!2d-40.31430278507917!3d-20.315705186388985!2m3!1f0!2f0!3f0!3m2!1i1024!2i768!4f13.1!3m3!1m2!1s0xb83d7f105188b30x16dc51c2f84b1465!2sR.ChaficMurad902-MonteBeloVitria-ES29053-315!5e0!3m2!1spt-BR!2sbr!4v1572853330820!5m2!1spt-BR!2sbr\"><img decoding=\"async\" src=\"https:\/\/www.encontravitoria.com.br\/imgs\/maps-post.png\"><\/a>\n\n<div style=\"font-size: 0px; height: 0px; line-height: 0px; margin: 0; padding: 0; clear: both;\"><\/div>","protected":false},"excerpt":{"rendered":"<p>TV Globo Vit\u00f3ria \u00e9 uma emissora de televis\u00e3o brasileira sediada em Vit\u00f3ria, capital do estado do Esp\u00edrito Santo. Opera no canal 4 (22 UHF digital) e \u00e9 afiliada \u00e0 Rede Globo. Foi inaugurada no dia 11 de setembro de 1976 pelo empres\u00e1rio Cari\u00ea Lindenberg, e pertence \u00e0 Rede Gazeta de Comunica\u00e7\u00f5es, um grande conglomerado capixaba que tamb\u00e9m controla o jornal A Gazeta, as r\u00e1dios Gazeta, Gazeta FM Linhares, CBN Vit\u00f3ria, Litoral FM e Mix FM Vit\u00f3ria. \u00c9 a cabe\u00e7a de rede da Rede Gazeta, que transmite sua programa\u00e7\u00e3o para as outras tr\u00eas emissoras da rede, em Cachoeiro de Itapemirim, Colatina <\/p>\n","protected":false},"author":1,"featured_media":699,"comment_status":"open","ping_status":"closed","sticky":false,"template":"","format":"standard","meta":{"footnotes":""},"categories":[17],"tags":[],"class_list":["post-698","post","type-post","status-publish","format-standard","has-post-thumbnail","hentry","category-lugares-em-vitoria","has_thumb"],"yoast_head":"<!-- This site is optimized with the Yoast SEO plugin v28.2 - https:\/\/yoast.com\/product\/yoast-seo-wordpress\/ -->\n<title>Globo Vit\u00f3ria: Hist\u00f3ria, Programa\u00e7\u00e3o, Vagas, Endere\u00e7o, Telefone<\/title>\n<meta name=\"description\" content=\"Veja sobre a ( Globo em Vit\u00f3ria ) - Informa\u00e7\u00f5es, hist\u00f3ria, programa\u00e7\u00e3o, vagas, hor\u00e1rio de funcionamento, endere\u00e7o e telefone. CLIQUE AQUI!\" \/>\n<meta name=\"robots\" content=\"index, follow, max-snippet:-1, max-image-preview:large, max-video-preview:-1\" \/>\n<link rel=\"canonical\" href=\"https:\/\/www.encontravitoria.com.br\/sobre\/globo-vitoria\/\" \/>\n<meta property=\"og:locale\" content=\"pt_BR\" \/>\n<meta property=\"og:type\" content=\"article\" \/>\n<meta property=\"og:title\" content=\"Globo Vit\u00f3ria: Hist\u00f3ria, Programa\u00e7\u00e3o, Vagas, Endere\u00e7o, Telefone\" \/>\n<meta property=\"og:description\" content=\"Veja sobre a ( Globo em Vit\u00f3ria ) - Informa\u00e7\u00f5es, hist\u00f3ria, programa\u00e7\u00e3o, vagas, hor\u00e1rio de funcionamento, endere\u00e7o e telefone. CLIQUE AQUI!\" \/>\n<meta property=\"og:url\" content=\"https:\/\/www.encontravitoria.com.br\/sobre\/globo-vitoria\/\" \/>\n<meta property=\"og:site_name\" content=\"Encontra Vit\u00f3ria\" \/>\n<meta property=\"article:published_time\" content=\"2019-11-04T07:47:16+00:00\" \/>\n<meta property=\"article:modified_time\" content=\"2019-11-04T07:49:05+00:00\" \/>\n<meta property=\"og:image\" content=\"https:\/\/www.encontravitoria.com.br\/sobre\/wp-content\/uploads\/2019\/11\/globo-vitoria.gif\" \/>\n\t<meta property=\"og:image:width\" content=\"680\" \/>\n\t<meta property=\"og:image:height\" content=\"189\" \/>\n\t<meta property=\"og:image:type\" content=\"image\/gif\" \/>\n<meta name=\"author\" content=\"Encontra Vit\u00f3ria\" \/>\n<meta name=\"twitter:card\" content=\"summary_large_image\" \/>\n<meta name=\"twitter:label1\" content=\"Escrito por\" \/>\n\t<meta name=\"twitter:data1\" content=\"Encontra Vit\u00f3ria\" \/>\n\t<meta name=\"twitter:label2\" content=\"Est. tempo de leitura\" \/>\n\t<meta name=\"twitter:data2\" content=\"6 minutos\" \/>\n<script type=\"application\/ld+json\" class=\"yoast-schema-graph\">{\"@context\":\"https:\\\/\\\/schema.org\",\"@graph\":[{\"@type\":\"Article\",\"@id\":\"https:\\\/\\\/www.encontravitoria.com.br\\\/sobre\\\/globo-vitoria\\\/#article\",\"isPartOf\":{\"@id\":\"https:\\\/\\\/www.encontravitoria.com.br\\\/sobre\\\/globo-vitoria\\\/\"},\"author\":{\"name\":\"Encontra Vit\u00f3ria\",\"@id\":\"https:\\\/\\\/www.encontravitoria.com.br\\\/sobre\\\/#\\\/schema\\\/person\\\/0f8e5bcc88fbadf1bad57afd504f48a2\"},\"headline\":\"Globo Vit\u00f3ria\",\"datePublished\":\"2019-11-04T07:47:16+00:00\",\"dateModified\":\"2019-11-04T07:49:05+00:00\",\"mainEntityOfPage\":{\"@id\":\"https:\\\/\\\/www.encontravitoria.com.br\\\/sobre\\\/globo-vitoria\\\/\"},\"wordCount\":1215,\"commentCount\":0,\"image\":{\"@id\":\"https:\\\/\\\/www.encontravitoria.com.br\\\/sobre\\\/globo-vitoria\\\/#primaryimage\"},\"thumbnailUrl\":\"https:\\\/\\\/www.encontravitoria.com.br\\\/sobre\\\/wp-content\\\/uploads\\\/2019\\\/11\\\/globo-vitoria.gif\",\"articleSection\":[\"Lugares em Vit\u00f3ria\"],\"inLanguage\":\"pt-BR\",\"potentialAction\":[{\"@type\":\"CommentAction\",\"name\":\"Comment\",\"target\":[\"https:\\\/\\\/www.encontravitoria.com.br\\\/sobre\\\/globo-vitoria\\\/#respond\"]}]},{\"@type\":\"WebPage\",\"@id\":\"https:\\\/\\\/www.encontravitoria.com.br\\\/sobre\\\/globo-vitoria\\\/\",\"url\":\"https:\\\/\\\/www.encontravitoria.com.br\\\/sobre\\\/globo-vitoria\\\/\",\"name\":\"Globo Vit\u00f3ria: Hist\u00f3ria, Programa\u00e7\u00e3o, Vagas, Endere\u00e7o, Telefone\",\"isPartOf\":{\"@id\":\"https:\\\/\\\/www.encontravitoria.com.br\\\/sobre\\\/#website\"},\"primaryImageOfPage\":{\"@id\":\"https:\\\/\\\/www.encontravitoria.com.br\\\/sobre\\\/globo-vitoria\\\/#primaryimage\"},\"image\":{\"@id\":\"https:\\\/\\\/www.encontravitoria.com.br\\\/sobre\\\/globo-vitoria\\\/#primaryimage\"},\"thumbnailUrl\":\"https:\\\/\\\/www.encontravitoria.com.br\\\/sobre\\\/wp-content\\\/uploads\\\/2019\\\/11\\\/globo-vitoria.gif\",\"datePublished\":\"2019-11-04T07:47:16+00:00\",\"dateModified\":\"2019-11-04T07:49:05+00:00\",\"author\":{\"@id\":\"https:\\\/\\\/www.encontravitoria.com.br\\\/sobre\\\/#\\\/schema\\\/person\\\/0f8e5bcc88fbadf1bad57afd504f48a2\"},\"description\":\"Veja sobre a ( Globo em Vit\u00f3ria ) - Informa\u00e7\u00f5es, hist\u00f3ria, programa\u00e7\u00e3o, vagas, hor\u00e1rio de funcionamento, endere\u00e7o e telefone. CLIQUE AQUI!\",\"breadcrumb\":{\"@id\":\"https:\\\/\\\/www.encontravitoria.com.br\\\/sobre\\\/globo-vitoria\\\/#breadcrumb\"},\"inLanguage\":\"pt-BR\",\"potentialAction\":[{\"@type\":\"ReadAction\",\"target\":[\"https:\\\/\\\/www.encontravitoria.com.br\\\/sobre\\\/globo-vitoria\\\/\"]}]},{\"@type\":\"ImageObject\",\"inLanguage\":\"pt-BR\",\"@id\":\"https:\\\/\\\/www.encontravitoria.com.br\\\/sobre\\\/globo-vitoria\\\/#primaryimage\",\"url\":\"https:\\\/\\\/www.encontravitoria.com.br\\\/sobre\\\/wp-content\\\/uploads\\\/2019\\\/11\\\/globo-vitoria.gif\",\"contentUrl\":\"https:\\\/\\\/www.encontravitoria.com.br\\\/sobre\\\/wp-content\\\/uploads\\\/2019\\\/11\\\/globo-vitoria.gif\",\"width\":680,\"height\":189},{\"@type\":\"BreadcrumbList\",\"@id\":\"https:\\\/\\\/www.encontravitoria.com.br\\\/sobre\\\/globo-vitoria\\\/#breadcrumb\",\"itemListElement\":[{\"@type\":\"ListItem\",\"position\":1,\"name\":\"In\u00edcio\",\"item\":\"https:\\\/\\\/www.encontravitoria.com.br\\\/sobre\\\/\"},{\"@type\":\"ListItem\",\"position\":2,\"name\":\"Globo Vit\u00f3ria\"}]},{\"@type\":\"WebSite\",\"@id\":\"https:\\\/\\\/www.encontravitoria.com.br\\\/sobre\\\/#website\",\"url\":\"https:\\\/\\\/www.encontravitoria.com.br\\\/sobre\\\/\",\"name\":\"Encontra Vit\u00f3ria\",\"description\":\"Not\u00edcias, eventos, informa\u00e7\u00f5es e dicas na cidade Vit\u00f3ria e regi\u00e3o.\",\"potentialAction\":[{\"@type\":\"SearchAction\",\"target\":{\"@type\":\"EntryPoint\",\"urlTemplate\":\"https:\\\/\\\/www.encontravitoria.com.br\\\/sobre\\\/?s={search_term_string}\"},\"query-input\":{\"@type\":\"PropertyValueSpecification\",\"valueRequired\":true,\"valueName\":\"search_term_string\"}}],\"inLanguage\":\"pt-BR\"},{\"@type\":\"Person\",\"@id\":\"https:\\\/\\\/www.encontravitoria.com.br\\\/sobre\\\/#\\\/schema\\\/person\\\/0f8e5bcc88fbadf1bad57afd504f48a2\",\"name\":\"Encontra Vit\u00f3ria\",\"image\":{\"@type\":\"ImageObject\",\"inLanguage\":\"pt-BR\",\"@id\":\"https:\\\/\\\/secure.gravatar.com\\\/avatar\\\/507340682b8270222e1f208e23198b6ae7e2c6a1033ae84e99bc6bce4f82a387?s=96&d=mm&r=g\",\"url\":\"https:\\\/\\\/secure.gravatar.com\\\/avatar\\\/507340682b8270222e1f208e23198b6ae7e2c6a1033ae84e99bc6bce4f82a387?s=96&d=mm&r=g\",\"contentUrl\":\"https:\\\/\\\/secure.gravatar.com\\\/avatar\\\/507340682b8270222e1f208e23198b6ae7e2c6a1033ae84e99bc6bce4f82a387?s=96&d=mm&r=g\",\"caption\":\"Encontra Vit\u00f3ria\"},\"sameAs\":[\"http:\\\/\\\/www.encontravitoria.com.br\"],\"url\":\"https:\\\/\\\/www.encontravitoria.com.br\\\/sobre\\\/author\\\/evitoria\\\/\"}]}<\/script>\n<!-- \/ Yoast SEO plugin. -->","yoast_head_json":{"title":"Globo Vit\u00f3ria: Hist\u00f3ria, Programa\u00e7\u00e3o, Vagas, Endere\u00e7o, Telefone","description":"Veja sobre a ( Globo em Vit\u00f3ria ) - Informa\u00e7\u00f5es, hist\u00f3ria, programa\u00e7\u00e3o, vagas, hor\u00e1rio de funcionamento, endere\u00e7o e telefone. CLIQUE AQUI!","robots":{"index":"index","follow":"follow","max-snippet":"max-snippet:-1","max-image-preview":"max-image-preview:large","max-video-preview":"max-video-preview:-1"},"canonical":"https:\/\/www.encontravitoria.com.br\/sobre\/globo-vitoria\/","og_locale":"pt_BR","og_type":"article","og_title":"Globo Vit\u00f3ria: Hist\u00f3ria, Programa\u00e7\u00e3o, Vagas, Endere\u00e7o, Telefone","og_description":"Veja sobre a ( Globo em Vit\u00f3ria ) - Informa\u00e7\u00f5es, hist\u00f3ria, programa\u00e7\u00e3o, vagas, hor\u00e1rio de funcionamento, endere\u00e7o e telefone. CLIQUE AQUI!","og_url":"https:\/\/www.encontravitoria.com.br\/sobre\/globo-vitoria\/","og_site_name":"Encontra Vit\u00f3ria","article_published_time":"2019-11-04T07:47:16+00:00","article_modified_time":"2019-11-04T07:49:05+00:00","og_image":[{"width":680,"height":189,"url":"https:\/\/www.encontravitoria.com.br\/sobre\/wp-content\/uploads\/2019\/11\/globo-vitoria.gif","type":"image\/gif"}],"author":"Encontra Vit\u00f3ria","twitter_card":"summary_large_image","twitter_misc":{"Escrito por":"Encontra Vit\u00f3ria","Est. tempo de leitura":"6 minutos"},"schema":{"@context":"https:\/\/schema.org","@graph":[{"@type":"Article","@id":"https:\/\/www.encontravitoria.com.br\/sobre\/globo-vitoria\/#article","isPartOf":{"@id":"https:\/\/www.encontravitoria.com.br\/sobre\/globo-vitoria\/"},"author":{"name":"Encontra Vit\u00f3ria","@id":"https:\/\/www.encontravitoria.com.br\/sobre\/#\/schema\/person\/0f8e5bcc88fbadf1bad57afd504f48a2"},"headline":"Globo Vit\u00f3ria","datePublished":"2019-11-04T07:47:16+00:00","dateModified":"2019-11-04T07:49:05+00:00","mainEntityOfPage":{"@id":"https:\/\/www.encontravitoria.com.br\/sobre\/globo-vitoria\/"},"wordCount":1215,"commentCount":0,"image":{"@id":"https:\/\/www.encontravitoria.com.br\/sobre\/globo-vitoria\/#primaryimage"},"thumbnailUrl":"https:\/\/www.encontravitoria.com.br\/sobre\/wp-content\/uploads\/2019\/11\/globo-vitoria.gif","articleSection":["Lugares em Vit\u00f3ria"],"inLanguage":"pt-BR","potentialAction":[{"@type":"CommentAction","name":"Comment","target":["https:\/\/www.encontravitoria.com.br\/sobre\/globo-vitoria\/#respond"]}]},{"@type":"WebPage","@id":"https:\/\/www.encontravitoria.com.br\/sobre\/globo-vitoria\/","url":"https:\/\/www.encontravitoria.com.br\/sobre\/globo-vitoria\/","name":"Globo Vit\u00f3ria: Hist\u00f3ria, Programa\u00e7\u00e3o, Vagas, Endere\u00e7o, Telefone","isPartOf":{"@id":"https:\/\/www.encontravitoria.com.br\/sobre\/#website"},"primaryImageOfPage":{"@id":"https:\/\/www.encontravitoria.com.br\/sobre\/globo-vitoria\/#primaryimage"},"image":{"@id":"https:\/\/www.encontravitoria.com.br\/sobre\/globo-vitoria\/#primaryimage"},"thumbnailUrl":"https:\/\/www.encontravitoria.com.br\/sobre\/wp-content\/uploads\/2019\/11\/globo-vitoria.gif","datePublished":"2019-11-04T07:47:16+00:00","dateModified":"2019-11-04T07:49:05+00:00","author":{"@id":"https:\/\/www.encontravitoria.com.br\/sobre\/#\/schema\/person\/0f8e5bcc88fbadf1bad57afd504f48a2"},"description":"Veja sobre a ( Globo em Vit\u00f3ria ) - Informa\u00e7\u00f5es, hist\u00f3ria, programa\u00e7\u00e3o, vagas, hor\u00e1rio de funcionamento, endere\u00e7o e telefone. CLIQUE AQUI!","breadcrumb":{"@id":"https:\/\/www.encontravitoria.com.br\/sobre\/globo-vitoria\/#breadcrumb"},"inLanguage":"pt-BR","potentialAction":[{"@type":"ReadAction","target":["https:\/\/www.encontravitoria.com.br\/sobre\/globo-vitoria\/"]}]},{"@type":"ImageObject","inLanguage":"pt-BR","@id":"https:\/\/www.encontravitoria.com.br\/sobre\/globo-vitoria\/#primaryimage","url":"https:\/\/www.encontravitoria.com.br\/sobre\/wp-content\/uploads\/2019\/11\/globo-vitoria.gif","contentUrl":"https:\/\/www.encontravitoria.com.br\/sobre\/wp-content\/uploads\/2019\/11\/globo-vitoria.gif","width":680,"height":189},{"@type":"BreadcrumbList","@id":"https:\/\/www.encontravitoria.com.br\/sobre\/globo-vitoria\/#breadcrumb","itemListElement":[{"@type":"ListItem","position":1,"name":"In\u00edcio","item":"https:\/\/www.encontravitoria.com.br\/sobre\/"},{"@type":"ListItem","position":2,"name":"Globo Vit\u00f3ria"}]},{"@type":"WebSite","@id":"https:\/\/www.encontravitoria.com.br\/sobre\/#website","url":"https:\/\/www.encontravitoria.com.br\/sobre\/","name":"Encontra Vit\u00f3ria","description":"Not\u00edcias, eventos, informa\u00e7\u00f5es e dicas na cidade Vit\u00f3ria e regi\u00e3o.","potentialAction":[{"@type":"SearchAction","target":{"@type":"EntryPoint","urlTemplate":"https:\/\/www.encontravitoria.com.br\/sobre\/?s={search_term_string}"},"query-input":{"@type":"PropertyValueSpecification","valueRequired":true,"valueName":"search_term_string"}}],"inLanguage":"pt-BR"},{"@type":"Person","@id":"https:\/\/www.encontravitoria.com.br\/sobre\/#\/schema\/person\/0f8e5bcc88fbadf1bad57afd504f48a2","name":"Encontra Vit\u00f3ria","image":{"@type":"ImageObject","inLanguage":"pt-BR","@id":"https:\/\/secure.gravatar.com\/avatar\/507340682b8270222e1f208e23198b6ae7e2c6a1033ae84e99bc6bce4f82a387?s=96&d=mm&r=g","url":"https:\/\/secure.gravatar.com\/avatar\/507340682b8270222e1f208e23198b6ae7e2c6a1033ae84e99bc6bce4f82a387?s=96&d=mm&r=g","contentUrl":"https:\/\/secure.gravatar.com\/avatar\/507340682b8270222e1f208e23198b6ae7e2c6a1033ae84e99bc6bce4f82a387?s=96&d=mm&r=g","caption":"Encontra Vit\u00f3ria"},"sameAs":["http:\/\/www.encontravitoria.com.br"],"url":"https:\/\/www.encontravitoria.com.br\/sobre\/author\/evitoria\/"}]}},"_links":{"self":[{"href":"https:\/\/www.encontravitoria.com.br\/sobre\/wp-json\/wp\/v2\/posts\/698","targetHints":{"allow":["GET"]}}],"collection":[{"href":"https:\/\/www.encontravitoria.com.br\/sobre\/wp-json\/wp\/v2\/posts"}],"about":[{"href":"https:\/\/www.encontravitoria.com.br\/sobre\/wp-json\/wp\/v2\/types\/post"}],"author":[{"embeddable":true,"href":"https:\/\/www.encontravitoria.com.br\/sobre\/wp-json\/wp\/v2\/users\/1"}],"replies":[{"embeddable":true,"href":"https:\/\/www.encontravitoria.com.br\/sobre\/wp-json\/wp\/v2\/comments?post=698"}],"version-history":[{"count":0,"href":"https:\/\/www.encontravitoria.com.br\/sobre\/wp-json\/wp\/v2\/posts\/698\/revisions"}],"wp:featuredmedia":[{"embeddable":true,"href":"https:\/\/www.encontravitoria.com.br\/sobre\/wp-json\/wp\/v2\/media\/699"}],"wp:attachment":[{"href":"https:\/\/www.encontravitoria.com.br\/sobre\/wp-json\/wp\/v2\/media?parent=698"}],"wp:term":[{"taxonomy":"category","embeddable":true,"href":"https:\/\/www.encontravitoria.com.br\/sobre\/wp-json\/wp\/v2\/categories?post=698"},{"taxonomy":"post_tag","embeddable":true,"href":"https:\/\/www.encontravitoria.com.br\/sobre\/wp-json\/wp\/v2\/tags?post=698"}],"curies":[{"name":"wp","href":"https:\/\/api.w.org\/{rel}","templated":true}]}}