{"id":786,"date":"2019-12-20T07:57:15","date_gmt":"2019-12-20T07:57:15","guid":{"rendered":"https:\/\/www.encontravitoria.com.br\/sobre\/?p=786"},"modified":"2019-12-20T07:57:56","modified_gmt":"2019-12-20T07:57:56","slug":"pier-de-iemanja-vitoria","status":"publish","type":"post","link":"https:\/\/www.encontravitoria.com.br\/sobre\/pier-de-iemanja-vitoria\/","title":{"rendered":"Pier de Iemanj\u00e1 Vit\u00f3ria"},"content":{"rendered":"<div class=\"23ed37709e053b55400ee1990aeffe41\" data-index=\"1\" style=\"float: none; margin:0px;\">\n<!-- Anuncio display - global -->\r\n<ins class=\"adsbygoogle\"\r\n     style=\"display:block\"\r\n     data-ad-client=\"ca-pub-8585364105181520\"\r\n     data-ad-slot=\"8789329856\"\r\n     data-ad-format=\"auto\"\r\n     data-full-width-responsive=\"true\"><\/ins>\r\n<script>\r\n     (adsbygoogle = window.adsbygoogle || []).push({});\r\n<\/script>\n<\/div>\n<p>O <strong>P\u00eder de Iemanj\u00e1 Vit\u00f3ria<\/strong> ou Molhe de Iemanj\u00e1 \u00e9 um ponto tur\u00edstico localizado na parte continental da cidade de Vit\u00f3ria, capital do Esp\u00edrito Santo. \u00c9 um local de frente para mar de aproximadamente 350 metros de extens\u00e3o, com largura variando entre 4,70 metros e 4,10 metros, onde est\u00e1 instalada a est\u00e1tua de Iemanj\u00e1, divindade da religi\u00e3o umbandista.<\/p>\n<p>O local foi idealizado para atenuar problemas de eros\u00e3o na praia de Camburi originados por aterros realizados no Porto de Tubar\u00e3o, localizado ao final da orla da praia.<\/p>\n<p><img loading=\"lazy\" decoding=\"async\" class=\"alignnone wp-image-787 size-full\" title=\"Pier de Iemanj\u00e1 Vit\u00f3ria\" src=\"https:\/\/www.encontravitoria.com.br\/sobre\/wp-content\/uploads\/2019\/12\/pier-iemanja.gif\" alt=\"Pier de Iemanj\u00e1 Vit\u00f3ria\" width=\"680\" height=\"189\" \/><\/p>\n<p>O monumento \u00e9 considerado um espa\u00e7o para a comunidade esp\u00edrita capixaba e s\u00edmbolo da identidade afro-brasileira presente no Esp\u00edrito Santo, a est\u00e1tua foi constru\u00edda em concreto armado e foi inaugurada no dia dois de fevereiro de 1988.<\/p>\n<p>Recentemente passou por obras de revitaliza\u00e7\u00e3o, foram instalados mirantes dos dois lados do p\u00eder, bancos para descanso, piso em pedra portuguesa limitado nas laterais por uma faixa de granizo cinza e um velat\u00f3rio junto ao pedestal da imagem.\u00a0\u00c9 um local muito utilizado para pesca, devo\u00e7\u00e3o religiosa, caminhada e observa\u00e7\u00e3o das tartarugas marinhas no litoral capixaba.<\/p>\n<h2>P\u00eder de Iemanj\u00e1 Vit\u00f3ria A Est\u00e1tua<\/h2>\n<p>Em 1988, a <em>est\u00e1tua<\/em> foi encomendada pelo prefeito de Vit\u00f3ria com o objetivo de homenagear os praticantes dos cultos afro-brasileiros do Estado. O Monumento tem 3,60 m de atura, al\u00e9m da base.<br \/>\nO Pier, com largura variando entre 4,70 m e 4,10 m, quando inaugurado, tinha como objetivo atenuar problemas de eros\u00e3o na praia de Camburi, causados por mudan\u00e7a no regime das correntes, considerada como prov\u00e1vel consequ\u00eancia de aterros realizados no Porto Tubar\u00e3o.<\/p>\n<p>Em 1988, o p\u00eder foi institucionalizado com ponto tur\u00edstico, com a inaugura\u00e7\u00e3o do Monumento a Iemanj\u00e1.<\/p>\n<h4>Mapa de localiza\u00e7\u00e3o<\/h4>\n<a class=\"wp-colorbox-iframe\" href=\"https:\/\/www.google.com\/maps\/embed?pb=!1m18!1m12!1m3!1d3742.198528208271!2d-40.288341785079716!3d-20.292048086402048!2m3!1f0!2f0!3f0!3m2!1i1024!2i768!4f13.1!3m3!1m2!1s0xb8178cf73c10eb0xb70f84669f39f9bc!2zUMOtZXIgZGUgSWVtYW5qw6EgLSBQaWVyIGRlIEllbWFuasOhLCBWaXTDs3JpYSAtIEVT!5e0!3m2!1spt-BR!2sbr!4v1576828330936!5m2!1spt-BR!2sbr\"><img decoding=\"async\" src=\"https:\/\/www.encontravitoria.com.br\/imgs\/maps-post.png\"><\/a>\n\n<div style=\"font-size: 0px; height: 0px; line-height: 0px; margin: 0; padding: 0; clear: both;\"><\/div>","protected":false},"excerpt":{"rendered":"<p>O P\u00eder de Iemanj\u00e1 Vit\u00f3ria ou Molhe de Iemanj\u00e1 \u00e9 um ponto tur\u00edstico localizado na parte continental da cidade de Vit\u00f3ria, capital do Esp\u00edrito Santo. \u00c9 um local de frente para mar de aproximadamente 350 metros de extens\u00e3o, com largura variando entre 4,70 metros e 4,10 metros, onde est\u00e1 instalada a est\u00e1tua de Iemanj\u00e1, divindade da religi\u00e3o umbandista. O local foi idealizado para atenuar problemas de eros\u00e3o na praia de Camburi originados por aterros realizados no Porto de Tubar\u00e3o, localizado ao final da orla da praia. O monumento \u00e9 considerado um espa\u00e7o para a comunidade esp\u00edrita capixaba e s\u00edmbolo da <\/p>\n","protected":false},"author":1,"featured_media":787,"comment_status":"open","ping_status":"closed","sticky":false,"template":"","format":"standard","meta":{"footnotes":""},"categories":[17],"tags":[],"class_list":["post-786","post","type-post","status-publish","format-standard","has-post-thumbnail","hentry","category-lugares-em-vitoria","has_thumb"],"yoast_head":"<!-- This site is optimized with the Yoast SEO plugin v28.2 - https:\/\/yoast.com\/product\/yoast-seo-wordpress\/ -->\n<title>Pier de Iemanj\u00e1 Vit\u00f3ria: A Est\u00e1tua, Localiza\u00e7\u00e3o<\/title>\n<meta name=\"description\" content=\"Veja sobre o ( P\u00eder de Iemanj\u00e1 em Vit\u00f3ria ) - Informa\u00e7\u00f5es, a est\u00e1tua e localiza\u00e7\u00e3o. CLIQUE AQUI!\" \/>\n<meta name=\"robots\" content=\"index, follow, max-snippet:-1, max-image-preview:large, max-video-preview:-1\" \/>\n<link rel=\"canonical\" href=\"https:\/\/www.encontravitoria.com.br\/sobre\/pier-de-iemanja-vitoria\/\" \/>\n<meta property=\"og:locale\" content=\"pt_BR\" \/>\n<meta property=\"og:type\" content=\"article\" \/>\n<meta property=\"og:title\" content=\"Pier de Iemanj\u00e1 Vit\u00f3ria: A Est\u00e1tua, Localiza\u00e7\u00e3o\" \/>\n<meta property=\"og:description\" content=\"Veja sobre o ( P\u00eder de Iemanj\u00e1 em Vit\u00f3ria ) - Informa\u00e7\u00f5es, a est\u00e1tua e localiza\u00e7\u00e3o. CLIQUE AQUI!\" \/>\n<meta property=\"og:url\" content=\"https:\/\/www.encontravitoria.com.br\/sobre\/pier-de-iemanja-vitoria\/\" \/>\n<meta property=\"og:site_name\" content=\"Encontra Vit\u00f3ria\" \/>\n<meta property=\"article:published_time\" content=\"2019-12-20T07:57:15+00:00\" \/>\n<meta property=\"article:modified_time\" content=\"2019-12-20T07:57:56+00:00\" \/>\n<meta property=\"og:image\" content=\"https:\/\/www.encontravitoria.com.br\/sobre\/wp-content\/uploads\/2019\/12\/pier-iemanja.gif\" \/>\n\t<meta property=\"og:image:width\" content=\"680\" \/>\n\t<meta property=\"og:image:height\" content=\"189\" \/>\n\t<meta property=\"og:image:type\" content=\"image\/gif\" \/>\n<meta name=\"author\" content=\"Encontra Vit\u00f3ria\" \/>\n<meta name=\"twitter:card\" content=\"summary_large_image\" \/>\n<meta name=\"twitter:label1\" content=\"Escrito por\" \/>\n\t<meta name=\"twitter:data1\" content=\"Encontra Vit\u00f3ria\" \/>\n\t<meta name=\"twitter:label2\" content=\"Est. tempo de leitura\" \/>\n\t<meta name=\"twitter:data2\" content=\"2 minutos\" \/>\n<script type=\"application\/ld+json\" class=\"yoast-schema-graph\">{\"@context\":\"https:\\\/\\\/schema.org\",\"@graph\":[{\"@type\":\"Article\",\"@id\":\"https:\\\/\\\/www.encontravitoria.com.br\\\/sobre\\\/pier-de-iemanja-vitoria\\\/#article\",\"isPartOf\":{\"@id\":\"https:\\\/\\\/www.encontravitoria.com.br\\\/sobre\\\/pier-de-iemanja-vitoria\\\/\"},\"author\":{\"name\":\"Encontra Vit\u00f3ria\",\"@id\":\"https:\\\/\\\/www.encontravitoria.com.br\\\/sobre\\\/#\\\/schema\\\/person\\\/0f8e5bcc88fbadf1bad57afd504f48a2\"},\"headline\":\"Pier de Iemanj\u00e1 Vit\u00f3ria\",\"datePublished\":\"2019-12-20T07:57:15+00:00\",\"dateModified\":\"2019-12-20T07:57:56+00:00\",\"mainEntityOfPage\":{\"@id\":\"https:\\\/\\\/www.encontravitoria.com.br\\\/sobre\\\/pier-de-iemanja-vitoria\\\/\"},\"wordCount\":377,\"commentCount\":0,\"image\":{\"@id\":\"https:\\\/\\\/www.encontravitoria.com.br\\\/sobre\\\/pier-de-iemanja-vitoria\\\/#primaryimage\"},\"thumbnailUrl\":\"https:\\\/\\\/www.encontravitoria.com.br\\\/sobre\\\/wp-content\\\/uploads\\\/2019\\\/12\\\/pier-iemanja.gif\",\"articleSection\":[\"Lugares em Vit\u00f3ria\"],\"inLanguage\":\"pt-BR\",\"potentialAction\":[{\"@type\":\"CommentAction\",\"name\":\"Comment\",\"target\":[\"https:\\\/\\\/www.encontravitoria.com.br\\\/sobre\\\/pier-de-iemanja-vitoria\\\/#respond\"]}]},{\"@type\":\"WebPage\",\"@id\":\"https:\\\/\\\/www.encontravitoria.com.br\\\/sobre\\\/pier-de-iemanja-vitoria\\\/\",\"url\":\"https:\\\/\\\/www.encontravitoria.com.br\\\/sobre\\\/pier-de-iemanja-vitoria\\\/\",\"name\":\"Pier de Iemanj\u00e1 Vit\u00f3ria: A Est\u00e1tua, Localiza\u00e7\u00e3o\",\"isPartOf\":{\"@id\":\"https:\\\/\\\/www.encontravitoria.com.br\\\/sobre\\\/#website\"},\"primaryImageOfPage\":{\"@id\":\"https:\\\/\\\/www.encontravitoria.com.br\\\/sobre\\\/pier-de-iemanja-vitoria\\\/#primaryimage\"},\"image\":{\"@id\":\"https:\\\/\\\/www.encontravitoria.com.br\\\/sobre\\\/pier-de-iemanja-vitoria\\\/#primaryimage\"},\"thumbnailUrl\":\"https:\\\/\\\/www.encontravitoria.com.br\\\/sobre\\\/wp-content\\\/uploads\\\/2019\\\/12\\\/pier-iemanja.gif\",\"datePublished\":\"2019-12-20T07:57:15+00:00\",\"dateModified\":\"2019-12-20T07:57:56+00:00\",\"author\":{\"@id\":\"https:\\\/\\\/www.encontravitoria.com.br\\\/sobre\\\/#\\\/schema\\\/person\\\/0f8e5bcc88fbadf1bad57afd504f48a2\"},\"description\":\"Veja sobre o ( P\u00eder de Iemanj\u00e1 em Vit\u00f3ria ) - Informa\u00e7\u00f5es, a est\u00e1tua e localiza\u00e7\u00e3o. CLIQUE AQUI!\",\"breadcrumb\":{\"@id\":\"https:\\\/\\\/www.encontravitoria.com.br\\\/sobre\\\/pier-de-iemanja-vitoria\\\/#breadcrumb\"},\"inLanguage\":\"pt-BR\",\"potentialAction\":[{\"@type\":\"ReadAction\",\"target\":[\"https:\\\/\\\/www.encontravitoria.com.br\\\/sobre\\\/pier-de-iemanja-vitoria\\\/\"]}]},{\"@type\":\"ImageObject\",\"inLanguage\":\"pt-BR\",\"@id\":\"https:\\\/\\\/www.encontravitoria.com.br\\\/sobre\\\/pier-de-iemanja-vitoria\\\/#primaryimage\",\"url\":\"https:\\\/\\\/www.encontravitoria.com.br\\\/sobre\\\/wp-content\\\/uploads\\\/2019\\\/12\\\/pier-iemanja.gif\",\"contentUrl\":\"https:\\\/\\\/www.encontravitoria.com.br\\\/sobre\\\/wp-content\\\/uploads\\\/2019\\\/12\\\/pier-iemanja.gif\",\"width\":680,\"height\":189},{\"@type\":\"BreadcrumbList\",\"@id\":\"https:\\\/\\\/www.encontravitoria.com.br\\\/sobre\\\/pier-de-iemanja-vitoria\\\/#breadcrumb\",\"itemListElement\":[{\"@type\":\"ListItem\",\"position\":1,\"name\":\"In\u00edcio\",\"item\":\"https:\\\/\\\/www.encontravitoria.com.br\\\/sobre\\\/\"},{\"@type\":\"ListItem\",\"position\":2,\"name\":\"Pier de Iemanj\u00e1 Vit\u00f3ria\"}]},{\"@type\":\"WebSite\",\"@id\":\"https:\\\/\\\/www.encontravitoria.com.br\\\/sobre\\\/#website\",\"url\":\"https:\\\/\\\/www.encontravitoria.com.br\\\/sobre\\\/\",\"name\":\"Encontra Vit\u00f3ria\",\"description\":\"Not\u00edcias, eventos, informa\u00e7\u00f5es e dicas na cidade Vit\u00f3ria e regi\u00e3o.\",\"potentialAction\":[{\"@type\":\"SearchAction\",\"target\":{\"@type\":\"EntryPoint\",\"urlTemplate\":\"https:\\\/\\\/www.encontravitoria.com.br\\\/sobre\\\/?s={search_term_string}\"},\"query-input\":{\"@type\":\"PropertyValueSpecification\",\"valueRequired\":true,\"valueName\":\"search_term_string\"}}],\"inLanguage\":\"pt-BR\"},{\"@type\":\"Person\",\"@id\":\"https:\\\/\\\/www.encontravitoria.com.br\\\/sobre\\\/#\\\/schema\\\/person\\\/0f8e5bcc88fbadf1bad57afd504f48a2\",\"name\":\"Encontra Vit\u00f3ria\",\"image\":{\"@type\":\"ImageObject\",\"inLanguage\":\"pt-BR\",\"@id\":\"https:\\\/\\\/secure.gravatar.com\\\/avatar\\\/507340682b8270222e1f208e23198b6ae7e2c6a1033ae84e99bc6bce4f82a387?s=96&d=mm&r=g\",\"url\":\"https:\\\/\\\/secure.gravatar.com\\\/avatar\\\/507340682b8270222e1f208e23198b6ae7e2c6a1033ae84e99bc6bce4f82a387?s=96&d=mm&r=g\",\"contentUrl\":\"https:\\\/\\\/secure.gravatar.com\\\/avatar\\\/507340682b8270222e1f208e23198b6ae7e2c6a1033ae84e99bc6bce4f82a387?s=96&d=mm&r=g\",\"caption\":\"Encontra Vit\u00f3ria\"},\"sameAs\":[\"http:\\\/\\\/www.encontravitoria.com.br\"],\"url\":\"https:\\\/\\\/www.encontravitoria.com.br\\\/sobre\\\/author\\\/evitoria\\\/\"}]}<\/script>\n<!-- \/ Yoast SEO plugin. -->","yoast_head_json":{"title":"Pier de Iemanj\u00e1 Vit\u00f3ria: A Est\u00e1tua, Localiza\u00e7\u00e3o","description":"Veja sobre o ( P\u00eder de Iemanj\u00e1 em Vit\u00f3ria ) - Informa\u00e7\u00f5es, a est\u00e1tua e localiza\u00e7\u00e3o. CLIQUE AQUI!","robots":{"index":"index","follow":"follow","max-snippet":"max-snippet:-1","max-image-preview":"max-image-preview:large","max-video-preview":"max-video-preview:-1"},"canonical":"https:\/\/www.encontravitoria.com.br\/sobre\/pier-de-iemanja-vitoria\/","og_locale":"pt_BR","og_type":"article","og_title":"Pier de Iemanj\u00e1 Vit\u00f3ria: A Est\u00e1tua, Localiza\u00e7\u00e3o","og_description":"Veja sobre o ( P\u00eder de Iemanj\u00e1 em Vit\u00f3ria ) - Informa\u00e7\u00f5es, a est\u00e1tua e localiza\u00e7\u00e3o. CLIQUE AQUI!","og_url":"https:\/\/www.encontravitoria.com.br\/sobre\/pier-de-iemanja-vitoria\/","og_site_name":"Encontra Vit\u00f3ria","article_published_time":"2019-12-20T07:57:15+00:00","article_modified_time":"2019-12-20T07:57:56+00:00","og_image":[{"width":680,"height":189,"url":"https:\/\/www.encontravitoria.com.br\/sobre\/wp-content\/uploads\/2019\/12\/pier-iemanja.gif","type":"image\/gif"}],"author":"Encontra Vit\u00f3ria","twitter_card":"summary_large_image","twitter_misc":{"Escrito por":"Encontra Vit\u00f3ria","Est. tempo de leitura":"2 minutos"},"schema":{"@context":"https:\/\/schema.org","@graph":[{"@type":"Article","@id":"https:\/\/www.encontravitoria.com.br\/sobre\/pier-de-iemanja-vitoria\/#article","isPartOf":{"@id":"https:\/\/www.encontravitoria.com.br\/sobre\/pier-de-iemanja-vitoria\/"},"author":{"name":"Encontra Vit\u00f3ria","@id":"https:\/\/www.encontravitoria.com.br\/sobre\/#\/schema\/person\/0f8e5bcc88fbadf1bad57afd504f48a2"},"headline":"Pier de Iemanj\u00e1 Vit\u00f3ria","datePublished":"2019-12-20T07:57:15+00:00","dateModified":"2019-12-20T07:57:56+00:00","mainEntityOfPage":{"@id":"https:\/\/www.encontravitoria.com.br\/sobre\/pier-de-iemanja-vitoria\/"},"wordCount":377,"commentCount":0,"image":{"@id":"https:\/\/www.encontravitoria.com.br\/sobre\/pier-de-iemanja-vitoria\/#primaryimage"},"thumbnailUrl":"https:\/\/www.encontravitoria.com.br\/sobre\/wp-content\/uploads\/2019\/12\/pier-iemanja.gif","articleSection":["Lugares em Vit\u00f3ria"],"inLanguage":"pt-BR","potentialAction":[{"@type":"CommentAction","name":"Comment","target":["https:\/\/www.encontravitoria.com.br\/sobre\/pier-de-iemanja-vitoria\/#respond"]}]},{"@type":"WebPage","@id":"https:\/\/www.encontravitoria.com.br\/sobre\/pier-de-iemanja-vitoria\/","url":"https:\/\/www.encontravitoria.com.br\/sobre\/pier-de-iemanja-vitoria\/","name":"Pier de Iemanj\u00e1 Vit\u00f3ria: A Est\u00e1tua, Localiza\u00e7\u00e3o","isPartOf":{"@id":"https:\/\/www.encontravitoria.com.br\/sobre\/#website"},"primaryImageOfPage":{"@id":"https:\/\/www.encontravitoria.com.br\/sobre\/pier-de-iemanja-vitoria\/#primaryimage"},"image":{"@id":"https:\/\/www.encontravitoria.com.br\/sobre\/pier-de-iemanja-vitoria\/#primaryimage"},"thumbnailUrl":"https:\/\/www.encontravitoria.com.br\/sobre\/wp-content\/uploads\/2019\/12\/pier-iemanja.gif","datePublished":"2019-12-20T07:57:15+00:00","dateModified":"2019-12-20T07:57:56+00:00","author":{"@id":"https:\/\/www.encontravitoria.com.br\/sobre\/#\/schema\/person\/0f8e5bcc88fbadf1bad57afd504f48a2"},"description":"Veja sobre o ( P\u00eder de Iemanj\u00e1 em Vit\u00f3ria ) - Informa\u00e7\u00f5es, a est\u00e1tua e localiza\u00e7\u00e3o. CLIQUE AQUI!","breadcrumb":{"@id":"https:\/\/www.encontravitoria.com.br\/sobre\/pier-de-iemanja-vitoria\/#breadcrumb"},"inLanguage":"pt-BR","potentialAction":[{"@type":"ReadAction","target":["https:\/\/www.encontravitoria.com.br\/sobre\/pier-de-iemanja-vitoria\/"]}]},{"@type":"ImageObject","inLanguage":"pt-BR","@id":"https:\/\/www.encontravitoria.com.br\/sobre\/pier-de-iemanja-vitoria\/#primaryimage","url":"https:\/\/www.encontravitoria.com.br\/sobre\/wp-content\/uploads\/2019\/12\/pier-iemanja.gif","contentUrl":"https:\/\/www.encontravitoria.com.br\/sobre\/wp-content\/uploads\/2019\/12\/pier-iemanja.gif","width":680,"height":189},{"@type":"BreadcrumbList","@id":"https:\/\/www.encontravitoria.com.br\/sobre\/pier-de-iemanja-vitoria\/#breadcrumb","itemListElement":[{"@type":"ListItem","position":1,"name":"In\u00edcio","item":"https:\/\/www.encontravitoria.com.br\/sobre\/"},{"@type":"ListItem","position":2,"name":"Pier de Iemanj\u00e1 Vit\u00f3ria"}]},{"@type":"WebSite","@id":"https:\/\/www.encontravitoria.com.br\/sobre\/#website","url":"https:\/\/www.encontravitoria.com.br\/sobre\/","name":"Encontra Vit\u00f3ria","description":"Not\u00edcias, eventos, informa\u00e7\u00f5es e dicas na cidade Vit\u00f3ria e regi\u00e3o.","potentialAction":[{"@type":"SearchAction","target":{"@type":"EntryPoint","urlTemplate":"https:\/\/www.encontravitoria.com.br\/sobre\/?s={search_term_string}"},"query-input":{"@type":"PropertyValueSpecification","valueRequired":true,"valueName":"search_term_string"}}],"inLanguage":"pt-BR"},{"@type":"Person","@id":"https:\/\/www.encontravitoria.com.br\/sobre\/#\/schema\/person\/0f8e5bcc88fbadf1bad57afd504f48a2","name":"Encontra Vit\u00f3ria","image":{"@type":"ImageObject","inLanguage":"pt-BR","@id":"https:\/\/secure.gravatar.com\/avatar\/507340682b8270222e1f208e23198b6ae7e2c6a1033ae84e99bc6bce4f82a387?s=96&d=mm&r=g","url":"https:\/\/secure.gravatar.com\/avatar\/507340682b8270222e1f208e23198b6ae7e2c6a1033ae84e99bc6bce4f82a387?s=96&d=mm&r=g","contentUrl":"https:\/\/secure.gravatar.com\/avatar\/507340682b8270222e1f208e23198b6ae7e2c6a1033ae84e99bc6bce4f82a387?s=96&d=mm&r=g","caption":"Encontra Vit\u00f3ria"},"sameAs":["http:\/\/www.encontravitoria.com.br"],"url":"https:\/\/www.encontravitoria.com.br\/sobre\/author\/evitoria\/"}]}},"_links":{"self":[{"href":"https:\/\/www.encontravitoria.com.br\/sobre\/wp-json\/wp\/v2\/posts\/786","targetHints":{"allow":["GET"]}}],"collection":[{"href":"https:\/\/www.encontravitoria.com.br\/sobre\/wp-json\/wp\/v2\/posts"}],"about":[{"href":"https:\/\/www.encontravitoria.com.br\/sobre\/wp-json\/wp\/v2\/types\/post"}],"author":[{"embeddable":true,"href":"https:\/\/www.encontravitoria.com.br\/sobre\/wp-json\/wp\/v2\/users\/1"}],"replies":[{"embeddable":true,"href":"https:\/\/www.encontravitoria.com.br\/sobre\/wp-json\/wp\/v2\/comments?post=786"}],"version-history":[{"count":0,"href":"https:\/\/www.encontravitoria.com.br\/sobre\/wp-json\/wp\/v2\/posts\/786\/revisions"}],"wp:featuredmedia":[{"embeddable":true,"href":"https:\/\/www.encontravitoria.com.br\/sobre\/wp-json\/wp\/v2\/media\/787"}],"wp:attachment":[{"href":"https:\/\/www.encontravitoria.com.br\/sobre\/wp-json\/wp\/v2\/media?parent=786"}],"wp:term":[{"taxonomy":"category","embeddable":true,"href":"https:\/\/www.encontravitoria.com.br\/sobre\/wp-json\/wp\/v2\/categories?post=786"},{"taxonomy":"post_tag","embeddable":true,"href":"https:\/\/www.encontravitoria.com.br\/sobre\/wp-json\/wp\/v2\/tags?post=786"}],"curies":[{"name":"wp","href":"https:\/\/api.w.org\/{rel}","templated":true}]}}