{"id":846,"date":"2025-06-22T16:53:04","date_gmt":"2025-06-22T16:53:04","guid":{"rendered":"https:\/\/www.encontravitoria.com.br\/sobre\/patrimonios-contemporaneos-valorizacao-da-historia-e-cultura\/"},"modified":"2025-06-22T16:53:04","modified_gmt":"2025-06-22T16:53:04","slug":"patrimonios-contemporaneos-valorizacao-da-historia-e-cultura","status":"publish","type":"post","link":"https:\/\/www.encontravitoria.com.br\/sobre\/patrimonios-contemporaneos-valorizacao-da-historia-e-cultura\/","title":{"rendered":"Patrim\u00f4nios Contempor\u00e2neos: Valoriza\u00e7\u00e3o da Hist\u00f3ria e Cultura"},"content":{"rendered":"<div class=\"23ed37709e053b55400ee1990aeffe41\" data-index=\"1\" style=\"float: none; margin:0px;\">\n<!-- Anuncio display - global -->\r\n<ins class=\"adsbygoogle\"\r\n     style=\"display:block\"\r\n     data-ad-client=\"ca-pub-8585364105181520\"\r\n     data-ad-slot=\"8789329856\"\r\n     data-ad-format=\"auto\"\r\n     data-full-width-responsive=\"true\"><\/ins>\r\n<script>\r\n     (adsbygoogle = window.adsbygoogle || []).push({});\r\n<\/script>\n<\/div>\n<div class=\"thecontent\">\n<p>A cidade de Vit\u00f3ria, capital do Esp\u00edrito Santo, \u00e9 um verdadeiro tesouro de patrim\u00f4nios contempor\u00e2neos, destacando-se pela sua rica heran\u00e7a arquitet\u00f4nica que reflete a modernidade e a hist\u00f3ria. Constru\u00e7\u00f5es como a Ponte da Passagem e o Monumento ao Imigrante n\u00e3o apenas embelezam a paisagem urbana, mas tamb\u00e9m contam hist\u00f3rias significativas sobre a identidade e a cultura local. Essas obras s\u00e3o s\u00edmbolos de progresso, unindo tradi\u00e7\u00e3o e inova\u00e7\u00e3o, e remetem \u00e0 import\u00e2ncia de preservar a mem\u00f3ria coletiva atrav\u00e9s da arquitetura.<\/p>\n<p><strong>Patrim\u00f4nios contempor\u00e2neos<\/strong> em Vit\u00f3ria s\u00e3o mais do que estruturas f\u00edsicas; s\u00e3o pontos de encontro, de reflex\u00e3o e de celebra\u00e7\u00e3o da diversidade cultural da cidade. Nesta narrativa, exploraremos algumas dessas obras-primas, enfatizando suas caracter\u00edsticas, sua import\u00e2ncia e o impacto que causam tanto nos moradores quanto nos visitantes. As constru\u00e7\u00f5es contempor\u00e2neas, por sua vez, s\u00e3o reflexos de um impulso criativo que busca equilibrar funcionalidade, est\u00e9tica e envolvimento comunit\u00e1rio.<\/p>\n<p><strong>Ponte da Passagem: Um Marco de Inova\u00e7\u00e3o<\/strong><\/p>\n<p>Inaugurada em 2009, a Ponte da Passagem, oficialmente chamada Ponte Carlos Lindenberg, \u00e9 uma das mais emblem\u00e1ticas obras de infraestrutura da cidade. Desenhada pelo engenheiro capixaba Karl Fritz Meyer, essa ponte \u00e9 um espet\u00e1culo \u00e0 parte, n\u00e3o apenas pela sua est\u00e9tica arrojada, mas tamb\u00e9m pela utilidade que proporciona. Com 270 metros de extens\u00e3o e 55 metros de altura, a ponte conecta a ilha de Vit\u00f3ria ao continente, facilitando o tr\u00e2nsito local e regional. Os 32 cabos de a\u00e7o que sustentam o seu design n\u00e3o s\u00e3o apenas elementos de engenharia; representam a for\u00e7a e a resili\u00eancia da comunidade capixaba.<\/p>\n<p>A ponte n\u00e3o s\u00f3 melhora a mobilidade urbana, mas tamb\u00e9m influencia diretamente na economia da regi\u00e3o. O acesso facilitado ao munic\u00edpio da Serra, por exemplo, impulsiona o com\u00e9rcio e o turismo, que se beneficiam do fluxo constante de pessoas. Al\u00e9m disso, ela \u00e9 um ponto de refer\u00eancia visual que encanta residentes e turistas, mostrando a beleza da intera\u00e7\u00e3o entre a natureza e a arquitetura contempor\u00e2nea.<\/p>\n<p>Ao lado da Ponte da Passagem, a Passarela Maur\u00edcio de Oliveira complementa a estrutura, oferecendo acesso seguro para pedestres e ciclistas. Este espa\u00e7o \u00e9 um exemplo perfeito de como as obras contempor\u00e2neas podem integrar-se harmoniosamente \u00e0 paisagem urbana, promovendo um estilo de vida ativo e saud\u00e1vel.<\/p>\n<p><strong>Monumento ao Imigrante: Uma Homenagem \u00e0 Diversidade<\/strong><\/p>\n<p>O Monumento ao Imigrante, uma obra de Sheila Bas\u00edlio, tamb\u00e9m se destaca entre os <strong>patrim\u00f4nios contempor\u00e2neos<\/strong> de Vit\u00f3ria. Inaugurada em 2000 na Pra\u00e7a Jos\u00e9 Neffa, essa constru\u00e7\u00e3o representa a rica influ\u00eancia da cultura italiana na forma\u00e7\u00e3o do povo capixaba. Com dois obeliscos de granito verde, cada um com 30 metros de altura, a obra \u00e9 um marco de inclus\u00e3o e celebra\u00e7\u00e3o da identidade cultural.<\/p>\n<p>\u00c0 noite, quando iluminado nas cores da bandeira italiana, o monumento se transforma em um espet\u00e1culo visual, atraindo a aten\u00e7\u00e3o de todos que passam pela Avenida Am\u00e9rico Buaiz. A ilumina\u00e7\u00e3o n\u00e3o \u00e9 apenas um detalhe est\u00e9tico; \u00e9 uma forma de homenagear as contribui\u00e7\u00f5es que diversas culturas, especialmente a italiana, deram \u00e0 forma\u00e7\u00e3o da identidade do Esp\u00edrito Santo.<\/p>\n<p>Vale ressaltar que o Monumento ao Imigrante \u00e9 um convite \u00e0 reflex\u00e3o. Ele nos lembra da import\u00e2ncia da diversidade e da conviv\u00eancia pac\u00edfica entre diferentes culturas, um valor essencial em nosso mundo contempor\u00e2neo.<\/p>\n<p><strong>Pra\u00e7a do Papa: Um Espa\u00e7o de Conex\u00e3o e Naturalidade<\/strong><\/p>\n<p>A Pra\u00e7a do Papa, localizada no bairro Enseada do Su\u00e1, \u00e9 outro exemplo de patrim\u00f4nio contempor\u00e2neo que deve ser explorado. Inaugurada em 2008, essa esplanada de 67.000 metros quadrados oferece uma das mais belas vistas da cidade, unindo natureza e urbaniza\u00e7\u00e3o. O espa\u00e7o conta com parque infantil, \u00e1rea de eventos e at\u00e9 restaurantes, proporcionando um local ideal para lazer e conviv\u00eancia familiar.<\/p>\n<p>Al\u00e9m disso, a pra\u00e7a abriga a Cruz Reverente, um monumento que celebra a visita do papa Jo\u00e3o Paulo II ao Esp\u00edrito Santo. Este elemento, junto com a Rosa dos Ventos, proporciona uma conex\u00e3o n\u00e3o apenas espiritual, mas tamb\u00e9m cultural, destacando a relev\u00e2ncia da religi\u00e3o e da f\u00e9 na vida da comunidade.<\/p>\n<p><strong>Pra\u00e7a dos Desejos e Pra\u00e7a dos Namorados: Espa\u00e7os de Encontro<\/strong><\/p>\n<p>No contexto dos <strong>patrim\u00f4nios contempor\u00e2neos<\/strong> da cidade, a Pra\u00e7a dos Desejos e a Pra\u00e7a dos Namorados tamb\u00e9m t\u00eam suas import\u00e2ncias. Ambas s\u00e3o locais de grande movimenta\u00e7\u00e3o e socializa\u00e7\u00e3o, al\u00e9m de contribu\u00edrem para a est\u00e9tica urbana. A Pra\u00e7a dos Desejos, com seu projeto de paisagismo moderno, serve como um espa\u00e7o verde agrad\u00e1vel para os moradores da regi\u00e3o, enquanto a Pra\u00e7a dos Namorados se destaca pela sua atividade constante e pelas feiras de artesanato que atraem n\u00e3o apenas os cidad\u00e3os, mas tamb\u00e9m turistas ansiosos por conhecer as tradi\u00e7\u00f5es locais.<\/p>\n<p>Esses espa\u00e7os n\u00e3o s\u00e3o apenas \u00e1reas de lazer; eles promovem a uni\u00e3o da comunidade e oferecem oportunidades de express\u00e3o cultural e comercial, vitalizando ainda mais a vida urbana de Vit\u00f3ria.<\/p>\n<p><strong>Import\u00e2ncia da Preserva\u00e7\u00e3o e do Engajamento Comunit\u00e1rio<\/strong><\/p>\n<p>Os <strong>patrim\u00f4nios contempor\u00e2neos<\/strong> em Vit\u00f3ria ilustram o potencial da arquitetura e do urbanismo para criar um senso de comunidade e pertencimento. A intera\u00e7\u00e3o entre a hist\u00f3ria e a modernidade \u00e9 fundamental para a forma\u00e7\u00e3o da identidade local. No entanto, essa rela\u00e7\u00e3o precisa ser constantemente cultivada. Portanto, a participa\u00e7\u00e3o da comunidade na preserva\u00e7\u00e3o e valoriza\u00e7\u00e3o desses espa\u00e7os \u00e9 crucial.<\/p>\n<p>A conscientiza\u00e7\u00e3o sobre a import\u00e2ncia desses marcos deve ser incentivada, n\u00e3o apenas atrav\u00e9s de campanhas educativas, mas tamb\u00e9m por meio de eventos culturais que promovam a hist\u00f3ria e a cultura locais. \u00c9 vital que as novas gera\u00e7\u00f5es se sintam parte do legado arquitet\u00f4nico, compreendendo que essas constru\u00e7\u00f5es n\u00e3o s\u00e3o apenas arte, mas sim express\u00f5es de uma narrativa coletiva.<\/p>\n<p><strong>Perguntas Frequentes<\/strong><\/p>\n<p>A seguir, apresentamos algumas perguntas frequentes sobre os <strong>patrim\u00f4nios contempor\u00e2neos<\/strong> em Vit\u00f3ria:<\/p>\n<p>Quais as principais caracter\u00edsticas da <strong>Ponte da Passagem<\/strong>?<br \/>\nA Ponte da Passagem se destaca por seu design moderno, com 270 metros de extens\u00e3o e 55 metros de altura, al\u00e9m dos cabos de a\u00e7o que sustentam sua estrutura.<\/p>\n<p>Qual a import\u00e2ncia do Monumento ao Imigrante?<br \/>\nO Monumento ao Imigrante \u00e9 um simbolo da diversidade cultural e reconhece a influ\u00eancia da imigra\u00e7\u00e3o, especialmente italiana, na forma\u00e7\u00e3o do povo capixaba.<\/p>\n<p>Como a Pra\u00e7a do Papa contribui para a vida cultural de Vit\u00f3ria?<br \/>\nA Pra\u00e7a do Papa \u00e9 um espa\u00e7o de lazer e reflex\u00e3o, oferecendo uma linda vista da cidade e abrigando monumentos que celebram a cultura e a religi\u00e3o.<\/p>\n<p>De que forma as pra\u00e7as de Vit\u00f3ria promovem a conviv\u00eancia comunit\u00e1ria?<br \/>\nAs pra\u00e7as s\u00e3o locais de socializa\u00e7\u00e3o, eventos culturais e a\u00e7\u00f5es de lazer, fortalecendo os v\u00ednculos entre os moradores e valorizando as tradi\u00e7\u00f5es locais.<\/p>\n<p>Os patrimonios contempor\u00e2neos em Vit\u00f3ria s\u00e3o visitados por turistas?<br \/>\nSim, muitos indiv\u00edduos visitam as obras arquitet\u00f4nicas em Vit\u00f3ria, atra\u00eddos pelo seu design, hist\u00f3ria e import\u00e2ncia cultural.<\/p>\n<p>Como pode a comunidade participar na preserva\u00e7\u00e3o dos patrim\u00f4nios contempor\u00e2neos?<br \/>\nA comunidade pode se envolver na preserva\u00e7\u00e3o por meio de campanhas, eventos culturais e atividades de conscientiza\u00e7\u00e3o que promovem a import\u00e2ncia desses espa\u00e7os.<\/p>\n<p><strong>Conclus\u00e3o<\/strong><\/p>\n<p>Os <strong>patrim\u00f4nios contempor\u00e2neos<\/strong> de Vit\u00f3ria v\u00e3o al\u00e9m de estruturas; s\u00e3o testemunhos de uma hist\u00f3ria rica e multifacetada. Cada edif\u00edcio, monumento e pra\u00e7a tem uma narrativa que se conecta com a identidade da cidade e de seus habitantes. Atrav\u00e9s da valoriza\u00e7\u00e3o e preserva\u00e7\u00e3o desses espa\u00e7os, garantindo que as futuras gera\u00e7\u00f5es conhe\u00e7am suas hist\u00f3rias, Vit\u00f3ria continuar\u00e1 a ser um exemplo de como a modernidade e a tradi\u00e7\u00e3o podem coexistir harmoniosamente, promovendo um sentimento de pertencimento e orgulho em sua comunidade. A arquitetura, neste contexto, n\u00e3o \u00e9 apenas uma profiss\u00e3o, mas uma arte que fala e envolve todos n\u00f3s, perpetuando a mem\u00f3ria de uma cidade vibrante e acolhedora.<\/p>\n<\/div>\n\n<div style=\"font-size: 0px; height: 0px; line-height: 0px; margin: 0; padding: 0; clear: both;\"><\/div>","protected":false},"excerpt":{"rendered":"<p>A cidade de Vit\u00f3ria, capital do Esp\u00edrito Santo, \u00e9 um verdadeiro tesouro de patrim\u00f4nios contempor\u00e2neos, destacando-se pela sua rica heran\u00e7a arquitet\u00f4nica que reflete a modernidade e a hist\u00f3ria. Constru\u00e7\u00f5es como a Ponte da Passagem e o Monumento ao Imigrante n\u00e3o apenas embelezam a paisagem urbana, mas tamb\u00e9m contam hist\u00f3rias significativas sobre a identidade e a cultura local. Essas obras s\u00e3o s\u00edmbolos de progresso, unindo tradi\u00e7\u00e3o e inova\u00e7\u00e3o, e remetem \u00e0 import\u00e2ncia de preservar a mem\u00f3ria coletiva atrav\u00e9s da arquitetura. Patrim\u00f4nios contempor\u00e2neos em Vit\u00f3ria s\u00e3o mais do que estruturas f\u00edsicas; s\u00e3o pontos de encontro, de reflex\u00e3o e de celebra\u00e7\u00e3o da diversidade <\/p>\n","protected":false},"author":1,"featured_media":0,"comment_status":"open","ping_status":"closed","sticky":false,"template":"","format":"standard","meta":{"footnotes":""},"categories":[17],"tags":[],"class_list":["post-846","post","type-post","status-publish","format-standard","hentry","category-lugares-em-vitoria"],"yoast_head":"<!-- This site is optimized with the Yoast SEO plugin v28.2 - https:\/\/yoast.com\/product\/yoast-seo-wordpress\/ -->\n<title>Patrim\u00f4nios Contempor\u00e2neos: Valoriza\u00e7\u00e3o da Hist\u00f3ria e Cultura - Encontra Vit\u00f3ria<\/title>\n<meta name=\"robots\" content=\"index, follow, max-snippet:-1, max-image-preview:large, max-video-preview:-1\" \/>\n<link rel=\"canonical\" href=\"https:\/\/www.encontravitoria.com.br\/sobre\/patrimonios-contemporaneos-valorizacao-da-historia-e-cultura\/\" \/>\n<meta property=\"og:locale\" content=\"pt_BR\" \/>\n<meta property=\"og:type\" content=\"article\" \/>\n<meta property=\"og:title\" content=\"Patrim\u00f4nios Contempor\u00e2neos: Valoriza\u00e7\u00e3o da Hist\u00f3ria e Cultura - Encontra Vit\u00f3ria\" \/>\n<meta property=\"og:description\" content=\"A cidade de Vit\u00f3ria, capital do Esp\u00edrito Santo, \u00e9 um verdadeiro tesouro de patrim\u00f4nios contempor\u00e2neos, destacando-se pela sua rica heran\u00e7a arquitet\u00f4nica que reflete a modernidade e a hist\u00f3ria. Constru\u00e7\u00f5es como a Ponte da Passagem e o Monumento ao Imigrante n\u00e3o apenas embelezam a paisagem urbana, mas tamb\u00e9m contam hist\u00f3rias significativas sobre a identidade e a cultura local. Essas obras s\u00e3o s\u00edmbolos de progresso, unindo tradi\u00e7\u00e3o e inova\u00e7\u00e3o, e remetem \u00e0 import\u00e2ncia de preservar a mem\u00f3ria coletiva atrav\u00e9s da arquitetura. Patrim\u00f4nios contempor\u00e2neos em Vit\u00f3ria s\u00e3o mais do que estruturas f\u00edsicas; s\u00e3o pontos de encontro, de reflex\u00e3o e de celebra\u00e7\u00e3o da diversidade\" \/>\n<meta property=\"og:url\" content=\"https:\/\/www.encontravitoria.com.br\/sobre\/patrimonios-contemporaneos-valorizacao-da-historia-e-cultura\/\" \/>\n<meta property=\"og:site_name\" content=\"Encontra Vit\u00f3ria\" \/>\n<meta property=\"article:published_time\" content=\"2025-06-22T16:53:04+00:00\" \/>\n<meta name=\"author\" content=\"Encontra Vit\u00f3ria\" \/>\n<meta name=\"twitter:card\" content=\"summary_large_image\" \/>\n<meta name=\"twitter:label1\" content=\"Escrito por\" \/>\n\t<meta name=\"twitter:data1\" content=\"Encontra Vit\u00f3ria\" \/>\n\t<meta name=\"twitter:label2\" content=\"Est. tempo de leitura\" \/>\n\t<meta name=\"twitter:data2\" content=\"7 minutos\" \/>\n<script type=\"application\/ld+json\" class=\"yoast-schema-graph\">{\"@context\":\"https:\\\/\\\/schema.org\",\"@graph\":[{\"@type\":\"Article\",\"@id\":\"https:\\\/\\\/www.encontravitoria.com.br\\\/sobre\\\/patrimonios-contemporaneos-valorizacao-da-historia-e-cultura\\\/#article\",\"isPartOf\":{\"@id\":\"https:\\\/\\\/www.encontravitoria.com.br\\\/sobre\\\/patrimonios-contemporaneos-valorizacao-da-historia-e-cultura\\\/\"},\"author\":{\"name\":\"Encontra Vit\u00f3ria\",\"@id\":\"https:\\\/\\\/www.encontravitoria.com.br\\\/sobre\\\/#\\\/schema\\\/person\\\/0f8e5bcc88fbadf1bad57afd504f48a2\"},\"headline\":\"Patrim\u00f4nios Contempor\u00e2neos: Valoriza\u00e7\u00e3o da Hist\u00f3ria e Cultura\",\"datePublished\":\"2025-06-22T16:53:04+00:00\",\"mainEntityOfPage\":{\"@id\":\"https:\\\/\\\/www.encontravitoria.com.br\\\/sobre\\\/patrimonios-contemporaneos-valorizacao-da-historia-e-cultura\\\/\"},\"wordCount\":1417,\"commentCount\":0,\"articleSection\":[\"Lugares em Vit\u00f3ria\"],\"inLanguage\":\"pt-BR\",\"potentialAction\":[{\"@type\":\"CommentAction\",\"name\":\"Comment\",\"target\":[\"https:\\\/\\\/www.encontravitoria.com.br\\\/sobre\\\/patrimonios-contemporaneos-valorizacao-da-historia-e-cultura\\\/#respond\"]}]},{\"@type\":\"WebPage\",\"@id\":\"https:\\\/\\\/www.encontravitoria.com.br\\\/sobre\\\/patrimonios-contemporaneos-valorizacao-da-historia-e-cultura\\\/\",\"url\":\"https:\\\/\\\/www.encontravitoria.com.br\\\/sobre\\\/patrimonios-contemporaneos-valorizacao-da-historia-e-cultura\\\/\",\"name\":\"Patrim\u00f4nios Contempor\u00e2neos: Valoriza\u00e7\u00e3o da Hist\u00f3ria e Cultura - Encontra Vit\u00f3ria\",\"isPartOf\":{\"@id\":\"https:\\\/\\\/www.encontravitoria.com.br\\\/sobre\\\/#website\"},\"datePublished\":\"2025-06-22T16:53:04+00:00\",\"author\":{\"@id\":\"https:\\\/\\\/www.encontravitoria.com.br\\\/sobre\\\/#\\\/schema\\\/person\\\/0f8e5bcc88fbadf1bad57afd504f48a2\"},\"breadcrumb\":{\"@id\":\"https:\\\/\\\/www.encontravitoria.com.br\\\/sobre\\\/patrimonios-contemporaneos-valorizacao-da-historia-e-cultura\\\/#breadcrumb\"},\"inLanguage\":\"pt-BR\",\"potentialAction\":[{\"@type\":\"ReadAction\",\"target\":[\"https:\\\/\\\/www.encontravitoria.com.br\\\/sobre\\\/patrimonios-contemporaneos-valorizacao-da-historia-e-cultura\\\/\"]}]},{\"@type\":\"BreadcrumbList\",\"@id\":\"https:\\\/\\\/www.encontravitoria.com.br\\\/sobre\\\/patrimonios-contemporaneos-valorizacao-da-historia-e-cultura\\\/#breadcrumb\",\"itemListElement\":[{\"@type\":\"ListItem\",\"position\":1,\"name\":\"In\u00edcio\",\"item\":\"https:\\\/\\\/www.encontravitoria.com.br\\\/sobre\\\/\"},{\"@type\":\"ListItem\",\"position\":2,\"name\":\"Patrim\u00f4nios Contempor\u00e2neos: Valoriza\u00e7\u00e3o da Hist\u00f3ria e Cultura\"}]},{\"@type\":\"WebSite\",\"@id\":\"https:\\\/\\\/www.encontravitoria.com.br\\\/sobre\\\/#website\",\"url\":\"https:\\\/\\\/www.encontravitoria.com.br\\\/sobre\\\/\",\"name\":\"Encontra Vit\u00f3ria\",\"description\":\"Not\u00edcias, eventos, informa\u00e7\u00f5es e dicas na cidade Vit\u00f3ria e regi\u00e3o.\",\"potentialAction\":[{\"@type\":\"SearchAction\",\"target\":{\"@type\":\"EntryPoint\",\"urlTemplate\":\"https:\\\/\\\/www.encontravitoria.com.br\\\/sobre\\\/?s={search_term_string}\"},\"query-input\":{\"@type\":\"PropertyValueSpecification\",\"valueRequired\":true,\"valueName\":\"search_term_string\"}}],\"inLanguage\":\"pt-BR\"},{\"@type\":\"Person\",\"@id\":\"https:\\\/\\\/www.encontravitoria.com.br\\\/sobre\\\/#\\\/schema\\\/person\\\/0f8e5bcc88fbadf1bad57afd504f48a2\",\"name\":\"Encontra Vit\u00f3ria\",\"image\":{\"@type\":\"ImageObject\",\"inLanguage\":\"pt-BR\",\"@id\":\"https:\\\/\\\/secure.gravatar.com\\\/avatar\\\/507340682b8270222e1f208e23198b6ae7e2c6a1033ae84e99bc6bce4f82a387?s=96&d=mm&r=g\",\"url\":\"https:\\\/\\\/secure.gravatar.com\\\/avatar\\\/507340682b8270222e1f208e23198b6ae7e2c6a1033ae84e99bc6bce4f82a387?s=96&d=mm&r=g\",\"contentUrl\":\"https:\\\/\\\/secure.gravatar.com\\\/avatar\\\/507340682b8270222e1f208e23198b6ae7e2c6a1033ae84e99bc6bce4f82a387?s=96&d=mm&r=g\",\"caption\":\"Encontra Vit\u00f3ria\"},\"sameAs\":[\"http:\\\/\\\/www.encontravitoria.com.br\"],\"url\":\"https:\\\/\\\/www.encontravitoria.com.br\\\/sobre\\\/author\\\/evitoria\\\/\"}]}<\/script>\n<!-- \/ Yoast SEO plugin. -->","yoast_head_json":{"title":"Patrim\u00f4nios Contempor\u00e2neos: Valoriza\u00e7\u00e3o da Hist\u00f3ria e Cultura - Encontra Vit\u00f3ria","robots":{"index":"index","follow":"follow","max-snippet":"max-snippet:-1","max-image-preview":"max-image-preview:large","max-video-preview":"max-video-preview:-1"},"canonical":"https:\/\/www.encontravitoria.com.br\/sobre\/patrimonios-contemporaneos-valorizacao-da-historia-e-cultura\/","og_locale":"pt_BR","og_type":"article","og_title":"Patrim\u00f4nios Contempor\u00e2neos: Valoriza\u00e7\u00e3o da Hist\u00f3ria e Cultura - Encontra Vit\u00f3ria","og_description":"A cidade de Vit\u00f3ria, capital do Esp\u00edrito Santo, \u00e9 um verdadeiro tesouro de patrim\u00f4nios contempor\u00e2neos, destacando-se pela sua rica heran\u00e7a arquitet\u00f4nica que reflete a modernidade e a hist\u00f3ria. Constru\u00e7\u00f5es como a Ponte da Passagem e o Monumento ao Imigrante n\u00e3o apenas embelezam a paisagem urbana, mas tamb\u00e9m contam hist\u00f3rias significativas sobre a identidade e a cultura local. Essas obras s\u00e3o s\u00edmbolos de progresso, unindo tradi\u00e7\u00e3o e inova\u00e7\u00e3o, e remetem \u00e0 import\u00e2ncia de preservar a mem\u00f3ria coletiva atrav\u00e9s da arquitetura. Patrim\u00f4nios contempor\u00e2neos em Vit\u00f3ria s\u00e3o mais do que estruturas f\u00edsicas; s\u00e3o pontos de encontro, de reflex\u00e3o e de celebra\u00e7\u00e3o da diversidade","og_url":"https:\/\/www.encontravitoria.com.br\/sobre\/patrimonios-contemporaneos-valorizacao-da-historia-e-cultura\/","og_site_name":"Encontra Vit\u00f3ria","article_published_time":"2025-06-22T16:53:04+00:00","author":"Encontra Vit\u00f3ria","twitter_card":"summary_large_image","twitter_misc":{"Escrito por":"Encontra Vit\u00f3ria","Est. tempo de leitura":"7 minutos"},"schema":{"@context":"https:\/\/schema.org","@graph":[{"@type":"Article","@id":"https:\/\/www.encontravitoria.com.br\/sobre\/patrimonios-contemporaneos-valorizacao-da-historia-e-cultura\/#article","isPartOf":{"@id":"https:\/\/www.encontravitoria.com.br\/sobre\/patrimonios-contemporaneos-valorizacao-da-historia-e-cultura\/"},"author":{"name":"Encontra Vit\u00f3ria","@id":"https:\/\/www.encontravitoria.com.br\/sobre\/#\/schema\/person\/0f8e5bcc88fbadf1bad57afd504f48a2"},"headline":"Patrim\u00f4nios Contempor\u00e2neos: Valoriza\u00e7\u00e3o da Hist\u00f3ria e Cultura","datePublished":"2025-06-22T16:53:04+00:00","mainEntityOfPage":{"@id":"https:\/\/www.encontravitoria.com.br\/sobre\/patrimonios-contemporaneos-valorizacao-da-historia-e-cultura\/"},"wordCount":1417,"commentCount":0,"articleSection":["Lugares em Vit\u00f3ria"],"inLanguage":"pt-BR","potentialAction":[{"@type":"CommentAction","name":"Comment","target":["https:\/\/www.encontravitoria.com.br\/sobre\/patrimonios-contemporaneos-valorizacao-da-historia-e-cultura\/#respond"]}]},{"@type":"WebPage","@id":"https:\/\/www.encontravitoria.com.br\/sobre\/patrimonios-contemporaneos-valorizacao-da-historia-e-cultura\/","url":"https:\/\/www.encontravitoria.com.br\/sobre\/patrimonios-contemporaneos-valorizacao-da-historia-e-cultura\/","name":"Patrim\u00f4nios Contempor\u00e2neos: Valoriza\u00e7\u00e3o da Hist\u00f3ria e Cultura - Encontra Vit\u00f3ria","isPartOf":{"@id":"https:\/\/www.encontravitoria.com.br\/sobre\/#website"},"datePublished":"2025-06-22T16:53:04+00:00","author":{"@id":"https:\/\/www.encontravitoria.com.br\/sobre\/#\/schema\/person\/0f8e5bcc88fbadf1bad57afd504f48a2"},"breadcrumb":{"@id":"https:\/\/www.encontravitoria.com.br\/sobre\/patrimonios-contemporaneos-valorizacao-da-historia-e-cultura\/#breadcrumb"},"inLanguage":"pt-BR","potentialAction":[{"@type":"ReadAction","target":["https:\/\/www.encontravitoria.com.br\/sobre\/patrimonios-contemporaneos-valorizacao-da-historia-e-cultura\/"]}]},{"@type":"BreadcrumbList","@id":"https:\/\/www.encontravitoria.com.br\/sobre\/patrimonios-contemporaneos-valorizacao-da-historia-e-cultura\/#breadcrumb","itemListElement":[{"@type":"ListItem","position":1,"name":"In\u00edcio","item":"https:\/\/www.encontravitoria.com.br\/sobre\/"},{"@type":"ListItem","position":2,"name":"Patrim\u00f4nios Contempor\u00e2neos: Valoriza\u00e7\u00e3o da Hist\u00f3ria e Cultura"}]},{"@type":"WebSite","@id":"https:\/\/www.encontravitoria.com.br\/sobre\/#website","url":"https:\/\/www.encontravitoria.com.br\/sobre\/","name":"Encontra Vit\u00f3ria","description":"Not\u00edcias, eventos, informa\u00e7\u00f5es e dicas na cidade Vit\u00f3ria e regi\u00e3o.","potentialAction":[{"@type":"SearchAction","target":{"@type":"EntryPoint","urlTemplate":"https:\/\/www.encontravitoria.com.br\/sobre\/?s={search_term_string}"},"query-input":{"@type":"PropertyValueSpecification","valueRequired":true,"valueName":"search_term_string"}}],"inLanguage":"pt-BR"},{"@type":"Person","@id":"https:\/\/www.encontravitoria.com.br\/sobre\/#\/schema\/person\/0f8e5bcc88fbadf1bad57afd504f48a2","name":"Encontra Vit\u00f3ria","image":{"@type":"ImageObject","inLanguage":"pt-BR","@id":"https:\/\/secure.gravatar.com\/avatar\/507340682b8270222e1f208e23198b6ae7e2c6a1033ae84e99bc6bce4f82a387?s=96&d=mm&r=g","url":"https:\/\/secure.gravatar.com\/avatar\/507340682b8270222e1f208e23198b6ae7e2c6a1033ae84e99bc6bce4f82a387?s=96&d=mm&r=g","contentUrl":"https:\/\/secure.gravatar.com\/avatar\/507340682b8270222e1f208e23198b6ae7e2c6a1033ae84e99bc6bce4f82a387?s=96&d=mm&r=g","caption":"Encontra Vit\u00f3ria"},"sameAs":["http:\/\/www.encontravitoria.com.br"],"url":"https:\/\/www.encontravitoria.com.br\/sobre\/author\/evitoria\/"}]}},"_links":{"self":[{"href":"https:\/\/www.encontravitoria.com.br\/sobre\/wp-json\/wp\/v2\/posts\/846","targetHints":{"allow":["GET"]}}],"collection":[{"href":"https:\/\/www.encontravitoria.com.br\/sobre\/wp-json\/wp\/v2\/posts"}],"about":[{"href":"https:\/\/www.encontravitoria.com.br\/sobre\/wp-json\/wp\/v2\/types\/post"}],"author":[{"embeddable":true,"href":"https:\/\/www.encontravitoria.com.br\/sobre\/wp-json\/wp\/v2\/users\/1"}],"replies":[{"embeddable":true,"href":"https:\/\/www.encontravitoria.com.br\/sobre\/wp-json\/wp\/v2\/comments?post=846"}],"version-history":[{"count":0,"href":"https:\/\/www.encontravitoria.com.br\/sobre\/wp-json\/wp\/v2\/posts\/846\/revisions"}],"wp:attachment":[{"href":"https:\/\/www.encontravitoria.com.br\/sobre\/wp-json\/wp\/v2\/media?parent=846"}],"wp:term":[{"taxonomy":"category","embeddable":true,"href":"https:\/\/www.encontravitoria.com.br\/sobre\/wp-json\/wp\/v2\/categories?post=846"},{"taxonomy":"post_tag","embeddable":true,"href":"https:\/\/www.encontravitoria.com.br\/sobre\/wp-json\/wp\/v2\/tags?post=846"}],"curies":[{"name":"wp","href":"https:\/\/api.w.org\/{rel}","templated":true}]}}