{"id":858,"date":"2025-11-27T14:54:00","date_gmt":"2025-11-27T14:54:00","guid":{"rendered":"https:\/\/www.encontravitoria.com.br\/sobre\/servidores-de-vitoria-terao-reajuste-de-25-no-tiquete-alimentacao\/"},"modified":"2025-11-27T14:54:00","modified_gmt":"2025-11-27T14:54:00","slug":"servidores-de-vitoria-terao-reajuste-de-25-no-tiquete-alimentacao","status":"publish","type":"post","link":"https:\/\/www.encontravitoria.com.br\/sobre\/servidores-de-vitoria-terao-reajuste-de-25-no-tiquete-alimentacao\/","title":{"rendered":"Servidores de Vit\u00f3ria ter\u00e3o reajuste de 25% no t\u00edquete alimenta\u00e7\u00e3o"},"content":{"rendered":"<div class=\"23ed37709e053b55400ee1990aeffe41\" data-index=\"1\" style=\"float: none; margin:0px;\">\n<!-- Anuncio display - global -->\r\n<ins class=\"adsbygoogle\"\r\n     style=\"display:block\"\r\n     data-ad-client=\"ca-pub-8585364105181520\"\r\n     data-ad-slot=\"8789329856\"\r\n     data-ad-format=\"auto\"\r\n     data-full-width-responsive=\"true\"><\/ins>\r\n<script>\r\n     (adsbygoogle = window.adsbygoogle || []).push({});\r\n<\/script>\n<\/div>\n<h2>O que \u00e9 o t\u00edquete alimenta\u00e7\u00e3o?<\/h2>\n<p>O t\u00edquete alimenta\u00e7\u00e3o \u00e9 um benef\u00edcio oferecido por muitas empresas, incluindo \u00f3rg\u00e3os p\u00fablicos, para subsidiar as despesas com alimenta\u00e7\u00e3o dos seus servidores ou funcion\u00e1rios. Em Vit\u00f3ria, esse benef\u00edcio tem uma import\u00e2ncia especial, pois n\u00e3o apenas contribui para a qualidade de vida dos servidores, mas tamb\u00e9m impacta diretamente na efici\u00eancia do trabalho desempenhado por eles. O t\u00edquete alimenta\u00e7\u00e3o pode ser utilizado em restaurantes, supermercados e outros estabelecimentos que aceitam esse tipo de pagamento, proporcionando mais liberdade para que os servidores possam escolher onde e como se alimentar.<\/p>\n<h2>Por que o reajuste \u00e9 importante?<\/h2>\n<p>O reajuste do t\u00edquete alimenta\u00e7\u00e3o \u00e9 uma a\u00e7\u00e3o fundamental para garantir que o valor oferecido acompanhe a infla\u00e7\u00e3o e a alta dos pre\u00e7os dos alimentos no mercado. Com o aumento cont\u00ednuo do custo de vida, \u00e9 necess\u00e1rio que os valores do t\u00edquete sejam revistos regularmente. Um reajuste de 25%, como o anunciado pela Prefeitura de Vit\u00f3ria, \u00e9 significativo, pois busca restabelecer o poder de compra dos servidores, permitindo que eles possam fazer suas refei\u00e7\u00f5es de forma adequada, sem comprometer seu or\u00e7amento no dia a dia. Esse aumento reflete a valoriza\u00e7\u00e3o do trabalho dos servidores e o reconhecimento do esfor\u00e7o que eles realizam em prol da popula\u00e7\u00e3o.<\/p>\n<h2>Como a medida afeta os servidores?<\/h2>\n<p>Com o novo valor do t\u00edquete alimenta\u00e7\u00e3o, que pode chegar a R$ 1.000, dependendo da carga hor\u00e1ria do servidor, as condi\u00e7\u00f5es financeiras dos profissionais da Prefeitura devem melhorar consideravelmente. Isso se traduz em uma maior capacidade de escolha e qualidade nas refei\u00e7\u00f5es consumidas, o que pode ter um impacto direto na sa\u00fade e bem-estar desses servidores. Al\u00e9m disso, essa medida tamb\u00e9m visa garantir que eles possam manter uma dieta equilibrada, essencial para um bom desempenho durante o trabalho. \u00c9 importante lembrar que a alimenta\u00e7\u00e3o adequada \u00e9 um fator determinante para a produtividade e sa\u00fade emocional, contribuindo para que os servidores tenham um desempenho ainda melhor em suas fun\u00e7\u00f5es.<\/p>\n<h2>As vari\u00e1veis do novo benef\u00edcio<\/h2>\n<p>O benef\u00edcio do t\u00edquete alimenta\u00e7\u00e3o possui vari\u00e1veis que dependem da carga hor\u00e1ria de trabalho dos servidores. Para aqueles que t\u00eam jornadas inferiores a 35 horas semanais, o novo valor ser\u00e1 de R$ 660,00. Para os que trabalham entre 36 e 40 horas, o benef\u00edcio saltar\u00e1 para R$ 825,00, enquanto os servidores com carga hor\u00e1ria acima de 40 horas receber\u00e3o o m\u00e1ximo de R$ 1.000,00. Essa estrutura visa assegurar que o valor do benef\u00edcio seja proporcional \u00e0 carga de trabalho, garantindo justi\u00e7a e adequa\u00e7\u00e3o ao esfor\u00e7o despendido pelos servidores em suas respectivas fun\u00e7\u00f5es.<\/p>\n<h2>Hist\u00f3rico de aumentos do t\u00edquete alimenta\u00e7\u00e3o<\/h2>\n<p>O aumento do t\u00edquete alimenta\u00e7\u00e3o em Vit\u00f3ria n\u00e3o \u00e9 uma novidade. Desde o in\u00edcio da atual gest\u00e3o, ocorreram v\u00e1rios reajustes importantes que buscavam melhorar as condi\u00e7\u00f5es dos servidores p\u00fablicos municipais. Somente nos \u00faltimos anos, o valor acumulado do t\u00edquete alcan\u00e7ou um impressionante aumento de 157,5%. Essas corre\u00e7\u00f5es s\u00e3o resultado do empenho da gest\u00e3o em reconhecer o trabalho dos servidores \u00e0 medida que os custos de vida aumentam. Portanto, esse hist\u00f3rico de reavalia\u00e7\u00f5es demonstra n\u00e3o apenas um compromisso com o avan\u00e7o do bem-estar dos colaboradores, mas tamb\u00e9m uma tend\u00eancia cont\u00ednua de valoriza\u00e7\u00e3o do servi\u00e7o p\u00fablico na capital capixaba.<\/p>\n<h2>O Dia do Servidor e sua relev\u00e2ncia<\/h2>\n<p>O Dia do Servidor P\u00fablico, celebrado anualmente em 28 de outubro, \u00e9 um momento de reflex\u00e3o e reconhecimento da import\u00e2ncia dos profissionais que atuam em diversas \u00e1reas do servi\u00e7o p\u00fablico. Em Vit\u00f3ria, essa data ganhou um significado especial, pois coincide com o an\u00fancio do novo reajuste do t\u00edquete alimenta\u00e7\u00e3o. Essa conex\u00e3o entre um dia que celebra o trabalho dos servidores e a implementa\u00e7\u00e3o de melhorias em suas condi\u00e7\u00f5es de vida \u00e9 um sinal claro de valoriza\u00e7\u00e3o. Durante essa data, a Prefeitura de Vit\u00f3ria promove atividades que t\u00eam o objetivo de reconhecer, valorizar e motivar ainda mais os servidores, promovendo uma cultura de suporte e compromisso cont\u00ednuo.<\/p>\n<h2>Compromisso da Prefeitura com os Servidores<\/h2>\n<p>A gest\u00e3o municipal tem demonstrado um forte compromisso com a valoriza\u00e7\u00e3o dos servidores por meio de diversas a\u00e7\u00f5es voltadas para seus direitos e bem-estar. O recente an\u00fancio do reajuste do t\u00edquete alimenta\u00e7\u00e3o \u00e9 apenas uma das comprovadas iniciativas implementadas. Al\u00e9m disso, a Prefeitura j\u00e1 concedeu reajustes anteriores, como o aumento dos vencimentos e a cria\u00e7\u00e3o de novos planos de cargos. Essas a\u00e7\u00f5es fortalecem o v\u00ednculo entre a administra\u00e7\u00e3o e seus servidores, refletindo uma cultura de reconhecimento e aprecia\u00e7\u00e3o. O entendimento da import\u00e2ncia dos servidores para a efici\u00eancia e efetividade dos servi\u00e7os prestados \u00e0 popula\u00e7\u00e3o \u00e9 um eixo central na pol\u00edtica da Prefeitura de Vit\u00f3ria.<\/p>\n<h2>Impactos sociais do reajuste<\/h2>\n<p>Os impactos sociais do reajuste do t\u00edquete alimenta\u00e7\u00e3o s\u00e3o diversos e abrangem n\u00e3o somente os servidores, mas tamb\u00e9m a sociedade como um todo. Quando os servidores t\u00eam acesso a um benef\u00edcio maior, a qualidade de vida deles melhora, o que se reflete em seu trabalho. Isso gera um ciclo positivo que pode levar a um servi\u00e7o p\u00fablico mais eficiente e humano. Al\u00e9m disso, com um aumento no t\u00edquete alimenta\u00e7\u00e3o, os servidores podem ter acesso a alimentos saud\u00e1veis, favorecendo n\u00e3o apenas a sa\u00fade individual, mas tamb\u00e9m a capacidade de prestar servi\u00e7os melhores para a popula\u00e7\u00e3o. Isso \u00e9 especialmente relevante em setores como sa\u00fade e educa\u00e7\u00e3o, onde a energia e disposi\u00e7\u00e3o dos servidores s\u00e3o cruciais para o sucesso das atividades desenvolvidas.<\/p>\n<h2>Depoimentos de servidores sobre a mudan\u00e7a<\/h2>\n<p>Os depoimentos dos servidores sobre o reajuste do t\u00edquete alimenta\u00e7\u00e3o s\u00e3o, em sua maioria, positivos e demonstram um al\u00edvio e reconhecimento pelo esfor\u00e7o que ser\u00e1 compensado. Muitos destacam que a medida representa uma oportunidade de cuidar melhor da alimenta\u00e7\u00e3o sem comprometer as finan\u00e7as pessoais. Servidores da educa\u00e7\u00e3o, da sa\u00fade e de outros setores expressaram como sentir\u00e3o um impacto direto, pois ter\u00e3o melhor acesso a alimentos de qualidade, o que \u00e9 fundamental para sustentar seu trabalho di\u00e1rio. Essas considera\u00e7\u00f5es s\u00e3o uma importante evid\u00eancia de que as a\u00e7\u00f5es da Prefeitura t\u00eam encontrado resson\u00e2ncia nas vidas das pessoas que servem \u00e0 cidade.<\/p>\n<h2>Pr\u00f3ximos passos ap\u00f3s o an\u00fancio<\/h2>\n<p>Ap\u00f3s o an\u00fancio do reajuste do t\u00edquete alimenta\u00e7\u00e3o, \u00e9 crucial que a Prefeitura de Vit\u00f3ria siga acompanhando a implementa\u00e7\u00e3o dessa mudan\u00e7a, garantindo que os valores sejam disponibilizados de forma eficiente e transparente. A pr\u00f3xima etapa ser\u00e1 o envio do projeto de lei para a C\u00e2mara Municipal, onde o reajuste ser\u00e1 discutido e votado. A expectativa \u00e9 que a aprova\u00e7\u00e3o ocorra rapidamente, para que os servidores possam perceber os efeitos financeiros da nova pol\u00edtica o mais breve poss\u00edvel. Al\u00e9m disso, a gest\u00e3o deve continuar em contato com os servidores, promovendo di\u00e1logos constantes sobre suas necessidades e preocupa\u00e7\u00f5es, assegurando que futuras aprova\u00e7\u00f5es e ajustes sejam feitos de forma colaborativa e em sintonia com os interesses dos trabalhadores da sa\u00fade, educa\u00e7\u00e3o e outras \u00e1reas essenciais.<\/p>\n\n<div style=\"font-size: 0px; height: 0px; line-height: 0px; margin: 0; padding: 0; clear: both;\"><\/div>","protected":false},"excerpt":{"rendered":"<p>Servidores de Vit\u00f3ria recebem aumento de 25% no t\u00edquete alimenta\u00e7\u00e3o, saiba mais!<\/p>\n","protected":false},"author":1,"featured_media":0,"comment_status":"open","ping_status":"closed","sticky":false,"template":"","format":"standard","meta":{"footnotes":""},"categories":[4],"tags":[],"class_list":["post-858","post","type-post","status-publish","format-standard","hentry","category-empregos-em-vitoria"],"yoast_head":"<!-- This site is optimized with the Yoast SEO plugin v28.2 - https:\/\/yoast.com\/product\/yoast-seo-wordpress\/ -->\n<title>Servidores de Vit\u00f3ria ter\u00e3o reajuste de 25% no t\u00edquete alimenta\u00e7\u00e3o - Encontra Vit\u00f3ria<\/title>\n<meta name=\"robots\" content=\"index, follow, max-snippet:-1, max-image-preview:large, max-video-preview:-1\" \/>\n<link rel=\"canonical\" href=\"https:\/\/www.encontravitoria.com.br\/sobre\/servidores-de-vitoria-terao-reajuste-de-25-no-tiquete-alimentacao\/\" \/>\n<meta property=\"og:locale\" content=\"pt_BR\" \/>\n<meta property=\"og:type\" content=\"article\" \/>\n<meta property=\"og:title\" content=\"Servidores de Vit\u00f3ria ter\u00e3o reajuste de 25% no t\u00edquete alimenta\u00e7\u00e3o - Encontra Vit\u00f3ria\" \/>\n<meta property=\"og:description\" content=\"Servidores de Vit\u00f3ria recebem aumento de 25% no t\u00edquete alimenta\u00e7\u00e3o, saiba mais!\" \/>\n<meta property=\"og:url\" content=\"https:\/\/www.encontravitoria.com.br\/sobre\/servidores-de-vitoria-terao-reajuste-de-25-no-tiquete-alimentacao\/\" \/>\n<meta property=\"og:site_name\" content=\"Encontra Vit\u00f3ria\" \/>\n<meta property=\"article:published_time\" content=\"2025-11-27T14:54:00+00:00\" \/>\n<meta name=\"author\" content=\"Encontra Vit\u00f3ria\" \/>\n<meta name=\"twitter:card\" content=\"summary_large_image\" \/>\n<meta name=\"twitter:label1\" content=\"Escrito por\" \/>\n\t<meta name=\"twitter:data1\" content=\"Encontra Vit\u00f3ria\" \/>\n\t<meta name=\"twitter:label2\" content=\"Est. tempo de leitura\" \/>\n\t<meta name=\"twitter:data2\" content=\"6 minutos\" \/>\n<script type=\"application\/ld+json\" class=\"yoast-schema-graph\">{\"@context\":\"https:\\\/\\\/schema.org\",\"@graph\":[{\"@type\":\"Article\",\"@id\":\"https:\\\/\\\/www.encontravitoria.com.br\\\/sobre\\\/servidores-de-vitoria-terao-reajuste-de-25-no-tiquete-alimentacao\\\/#article\",\"isPartOf\":{\"@id\":\"https:\\\/\\\/www.encontravitoria.com.br\\\/sobre\\\/servidores-de-vitoria-terao-reajuste-de-25-no-tiquete-alimentacao\\\/\"},\"author\":{\"name\":\"Encontra Vit\u00f3ria\",\"@id\":\"https:\\\/\\\/www.encontravitoria.com.br\\\/sobre\\\/#\\\/schema\\\/person\\\/0f8e5bcc88fbadf1bad57afd504f48a2\"},\"headline\":\"Servidores de Vit\u00f3ria ter\u00e3o reajuste de 25% no t\u00edquete alimenta\u00e7\u00e3o\",\"datePublished\":\"2025-11-27T14:54:00+00:00\",\"mainEntityOfPage\":{\"@id\":\"https:\\\/\\\/www.encontravitoria.com.br\\\/sobre\\\/servidores-de-vitoria-terao-reajuste-de-25-no-tiquete-alimentacao\\\/\"},\"wordCount\":1261,\"commentCount\":0,\"articleSection\":[\"Empregos Vit\u00f3ria\"],\"inLanguage\":\"pt-BR\",\"potentialAction\":[{\"@type\":\"CommentAction\",\"name\":\"Comment\",\"target\":[\"https:\\\/\\\/www.encontravitoria.com.br\\\/sobre\\\/servidores-de-vitoria-terao-reajuste-de-25-no-tiquete-alimentacao\\\/#respond\"]}]},{\"@type\":\"WebPage\",\"@id\":\"https:\\\/\\\/www.encontravitoria.com.br\\\/sobre\\\/servidores-de-vitoria-terao-reajuste-de-25-no-tiquete-alimentacao\\\/\",\"url\":\"https:\\\/\\\/www.encontravitoria.com.br\\\/sobre\\\/servidores-de-vitoria-terao-reajuste-de-25-no-tiquete-alimentacao\\\/\",\"name\":\"Servidores de Vit\u00f3ria ter\u00e3o reajuste de 25% no t\u00edquete alimenta\u00e7\u00e3o - Encontra Vit\u00f3ria\",\"isPartOf\":{\"@id\":\"https:\\\/\\\/www.encontravitoria.com.br\\\/sobre\\\/#website\"},\"datePublished\":\"2025-11-27T14:54:00+00:00\",\"author\":{\"@id\":\"https:\\\/\\\/www.encontravitoria.com.br\\\/sobre\\\/#\\\/schema\\\/person\\\/0f8e5bcc88fbadf1bad57afd504f48a2\"},\"breadcrumb\":{\"@id\":\"https:\\\/\\\/www.encontravitoria.com.br\\\/sobre\\\/servidores-de-vitoria-terao-reajuste-de-25-no-tiquete-alimentacao\\\/#breadcrumb\"},\"inLanguage\":\"pt-BR\",\"potentialAction\":[{\"@type\":\"ReadAction\",\"target\":[\"https:\\\/\\\/www.encontravitoria.com.br\\\/sobre\\\/servidores-de-vitoria-terao-reajuste-de-25-no-tiquete-alimentacao\\\/\"]}]},{\"@type\":\"BreadcrumbList\",\"@id\":\"https:\\\/\\\/www.encontravitoria.com.br\\\/sobre\\\/servidores-de-vitoria-terao-reajuste-de-25-no-tiquete-alimentacao\\\/#breadcrumb\",\"itemListElement\":[{\"@type\":\"ListItem\",\"position\":1,\"name\":\"In\u00edcio\",\"item\":\"https:\\\/\\\/www.encontravitoria.com.br\\\/sobre\\\/\"},{\"@type\":\"ListItem\",\"position\":2,\"name\":\"Servidores de Vit\u00f3ria ter\u00e3o reajuste de 25% no t\u00edquete alimenta\u00e7\u00e3o\"}]},{\"@type\":\"WebSite\",\"@id\":\"https:\\\/\\\/www.encontravitoria.com.br\\\/sobre\\\/#website\",\"url\":\"https:\\\/\\\/www.encontravitoria.com.br\\\/sobre\\\/\",\"name\":\"Encontra Vit\u00f3ria\",\"description\":\"Not\u00edcias, eventos, informa\u00e7\u00f5es e dicas na cidade Vit\u00f3ria e regi\u00e3o.\",\"potentialAction\":[{\"@type\":\"SearchAction\",\"target\":{\"@type\":\"EntryPoint\",\"urlTemplate\":\"https:\\\/\\\/www.encontravitoria.com.br\\\/sobre\\\/?s={search_term_string}\"},\"query-input\":{\"@type\":\"PropertyValueSpecification\",\"valueRequired\":true,\"valueName\":\"search_term_string\"}}],\"inLanguage\":\"pt-BR\"},{\"@type\":\"Person\",\"@id\":\"https:\\\/\\\/www.encontravitoria.com.br\\\/sobre\\\/#\\\/schema\\\/person\\\/0f8e5bcc88fbadf1bad57afd504f48a2\",\"name\":\"Encontra Vit\u00f3ria\",\"image\":{\"@type\":\"ImageObject\",\"inLanguage\":\"pt-BR\",\"@id\":\"https:\\\/\\\/secure.gravatar.com\\\/avatar\\\/507340682b8270222e1f208e23198b6ae7e2c6a1033ae84e99bc6bce4f82a387?s=96&d=mm&r=g\",\"url\":\"https:\\\/\\\/secure.gravatar.com\\\/avatar\\\/507340682b8270222e1f208e23198b6ae7e2c6a1033ae84e99bc6bce4f82a387?s=96&d=mm&r=g\",\"contentUrl\":\"https:\\\/\\\/secure.gravatar.com\\\/avatar\\\/507340682b8270222e1f208e23198b6ae7e2c6a1033ae84e99bc6bce4f82a387?s=96&d=mm&r=g\",\"caption\":\"Encontra Vit\u00f3ria\"},\"sameAs\":[\"http:\\\/\\\/www.encontravitoria.com.br\"],\"url\":\"https:\\\/\\\/www.encontravitoria.com.br\\\/sobre\\\/author\\\/evitoria\\\/\"}]}<\/script>\n<!-- \/ Yoast SEO plugin. -->","yoast_head_json":{"title":"Servidores de Vit\u00f3ria ter\u00e3o reajuste de 25% no t\u00edquete alimenta\u00e7\u00e3o - Encontra Vit\u00f3ria","robots":{"index":"index","follow":"follow","max-snippet":"max-snippet:-1","max-image-preview":"max-image-preview:large","max-video-preview":"max-video-preview:-1"},"canonical":"https:\/\/www.encontravitoria.com.br\/sobre\/servidores-de-vitoria-terao-reajuste-de-25-no-tiquete-alimentacao\/","og_locale":"pt_BR","og_type":"article","og_title":"Servidores de Vit\u00f3ria ter\u00e3o reajuste de 25% no t\u00edquete alimenta\u00e7\u00e3o - Encontra Vit\u00f3ria","og_description":"Servidores de Vit\u00f3ria recebem aumento de 25% no t\u00edquete alimenta\u00e7\u00e3o, saiba mais!","og_url":"https:\/\/www.encontravitoria.com.br\/sobre\/servidores-de-vitoria-terao-reajuste-de-25-no-tiquete-alimentacao\/","og_site_name":"Encontra Vit\u00f3ria","article_published_time":"2025-11-27T14:54:00+00:00","author":"Encontra Vit\u00f3ria","twitter_card":"summary_large_image","twitter_misc":{"Escrito por":"Encontra Vit\u00f3ria","Est. tempo de leitura":"6 minutos"},"schema":{"@context":"https:\/\/schema.org","@graph":[{"@type":"Article","@id":"https:\/\/www.encontravitoria.com.br\/sobre\/servidores-de-vitoria-terao-reajuste-de-25-no-tiquete-alimentacao\/#article","isPartOf":{"@id":"https:\/\/www.encontravitoria.com.br\/sobre\/servidores-de-vitoria-terao-reajuste-de-25-no-tiquete-alimentacao\/"},"author":{"name":"Encontra Vit\u00f3ria","@id":"https:\/\/www.encontravitoria.com.br\/sobre\/#\/schema\/person\/0f8e5bcc88fbadf1bad57afd504f48a2"},"headline":"Servidores de Vit\u00f3ria ter\u00e3o reajuste de 25% no t\u00edquete alimenta\u00e7\u00e3o","datePublished":"2025-11-27T14:54:00+00:00","mainEntityOfPage":{"@id":"https:\/\/www.encontravitoria.com.br\/sobre\/servidores-de-vitoria-terao-reajuste-de-25-no-tiquete-alimentacao\/"},"wordCount":1261,"commentCount":0,"articleSection":["Empregos Vit\u00f3ria"],"inLanguage":"pt-BR","potentialAction":[{"@type":"CommentAction","name":"Comment","target":["https:\/\/www.encontravitoria.com.br\/sobre\/servidores-de-vitoria-terao-reajuste-de-25-no-tiquete-alimentacao\/#respond"]}]},{"@type":"WebPage","@id":"https:\/\/www.encontravitoria.com.br\/sobre\/servidores-de-vitoria-terao-reajuste-de-25-no-tiquete-alimentacao\/","url":"https:\/\/www.encontravitoria.com.br\/sobre\/servidores-de-vitoria-terao-reajuste-de-25-no-tiquete-alimentacao\/","name":"Servidores de Vit\u00f3ria ter\u00e3o reajuste de 25% no t\u00edquete alimenta\u00e7\u00e3o - Encontra Vit\u00f3ria","isPartOf":{"@id":"https:\/\/www.encontravitoria.com.br\/sobre\/#website"},"datePublished":"2025-11-27T14:54:00+00:00","author":{"@id":"https:\/\/www.encontravitoria.com.br\/sobre\/#\/schema\/person\/0f8e5bcc88fbadf1bad57afd504f48a2"},"breadcrumb":{"@id":"https:\/\/www.encontravitoria.com.br\/sobre\/servidores-de-vitoria-terao-reajuste-de-25-no-tiquete-alimentacao\/#breadcrumb"},"inLanguage":"pt-BR","potentialAction":[{"@type":"ReadAction","target":["https:\/\/www.encontravitoria.com.br\/sobre\/servidores-de-vitoria-terao-reajuste-de-25-no-tiquete-alimentacao\/"]}]},{"@type":"BreadcrumbList","@id":"https:\/\/www.encontravitoria.com.br\/sobre\/servidores-de-vitoria-terao-reajuste-de-25-no-tiquete-alimentacao\/#breadcrumb","itemListElement":[{"@type":"ListItem","position":1,"name":"In\u00edcio","item":"https:\/\/www.encontravitoria.com.br\/sobre\/"},{"@type":"ListItem","position":2,"name":"Servidores de Vit\u00f3ria ter\u00e3o reajuste de 25% no t\u00edquete alimenta\u00e7\u00e3o"}]},{"@type":"WebSite","@id":"https:\/\/www.encontravitoria.com.br\/sobre\/#website","url":"https:\/\/www.encontravitoria.com.br\/sobre\/","name":"Encontra Vit\u00f3ria","description":"Not\u00edcias, eventos, informa\u00e7\u00f5es e dicas na cidade Vit\u00f3ria e regi\u00e3o.","potentialAction":[{"@type":"SearchAction","target":{"@type":"EntryPoint","urlTemplate":"https:\/\/www.encontravitoria.com.br\/sobre\/?s={search_term_string}"},"query-input":{"@type":"PropertyValueSpecification","valueRequired":true,"valueName":"search_term_string"}}],"inLanguage":"pt-BR"},{"@type":"Person","@id":"https:\/\/www.encontravitoria.com.br\/sobre\/#\/schema\/person\/0f8e5bcc88fbadf1bad57afd504f48a2","name":"Encontra Vit\u00f3ria","image":{"@type":"ImageObject","inLanguage":"pt-BR","@id":"https:\/\/secure.gravatar.com\/avatar\/507340682b8270222e1f208e23198b6ae7e2c6a1033ae84e99bc6bce4f82a387?s=96&d=mm&r=g","url":"https:\/\/secure.gravatar.com\/avatar\/507340682b8270222e1f208e23198b6ae7e2c6a1033ae84e99bc6bce4f82a387?s=96&d=mm&r=g","contentUrl":"https:\/\/secure.gravatar.com\/avatar\/507340682b8270222e1f208e23198b6ae7e2c6a1033ae84e99bc6bce4f82a387?s=96&d=mm&r=g","caption":"Encontra Vit\u00f3ria"},"sameAs":["http:\/\/www.encontravitoria.com.br"],"url":"https:\/\/www.encontravitoria.com.br\/sobre\/author\/evitoria\/"}]}},"_links":{"self":[{"href":"https:\/\/www.encontravitoria.com.br\/sobre\/wp-json\/wp\/v2\/posts\/858","targetHints":{"allow":["GET"]}}],"collection":[{"href":"https:\/\/www.encontravitoria.com.br\/sobre\/wp-json\/wp\/v2\/posts"}],"about":[{"href":"https:\/\/www.encontravitoria.com.br\/sobre\/wp-json\/wp\/v2\/types\/post"}],"author":[{"embeddable":true,"href":"https:\/\/www.encontravitoria.com.br\/sobre\/wp-json\/wp\/v2\/users\/1"}],"replies":[{"embeddable":true,"href":"https:\/\/www.encontravitoria.com.br\/sobre\/wp-json\/wp\/v2\/comments?post=858"}],"version-history":[{"count":0,"href":"https:\/\/www.encontravitoria.com.br\/sobre\/wp-json\/wp\/v2\/posts\/858\/revisions"}],"wp:attachment":[{"href":"https:\/\/www.encontravitoria.com.br\/sobre\/wp-json\/wp\/v2\/media?parent=858"}],"wp:term":[{"taxonomy":"category","embeddable":true,"href":"https:\/\/www.encontravitoria.com.br\/sobre\/wp-json\/wp\/v2\/categories?post=858"},{"taxonomy":"post_tag","embeddable":true,"href":"https:\/\/www.encontravitoria.com.br\/sobre\/wp-json\/wp\/v2\/tags?post=858"}],"curies":[{"name":"wp","href":"https:\/\/api.w.org\/{rel}","templated":true}]}}