{"id":95,"date":"2013-02-28T00:01:59","date_gmt":"2013-02-28T00:01:59","guid":{"rendered":"http:\/\/www.encontravitoria.com.br\/noticias\/?p=95"},"modified":"2013-02-27T17:47:30","modified_gmt":"2013-02-27T17:47:30","slug":"hotel-sera-construido-na-area-do-aeroporto-de-vitoria","status":"publish","type":"post","link":"https:\/\/www.encontravitoria.com.br\/sobre\/hotel-sera-construido-na-area-do-aeroporto-de-vitoria\/","title":{"rendered":"Hotel ser\u00e1 constru\u00eddo na \u00e1rea do aeroporto de Vit\u00f3ria"},"content":{"rendered":"<div class=\"23ed37709e053b55400ee1990aeffe41\" data-index=\"1\" style=\"float: none; margin:0px;\">\n<!-- Anuncio display - global -->\r\n<ins class=\"adsbygoogle\"\r\n     style=\"display:block\"\r\n     data-ad-client=\"ca-pub-8585364105181520\"\r\n     data-ad-slot=\"8789329856\"\r\n     data-ad-format=\"auto\"\r\n     data-full-width-responsive=\"true\"><\/ins>\r\n<script>\r\n     (adsbygoogle = window.adsbygoogle || []).push({});\r\n<\/script>\n<\/div>\n<p>Vit\u00f3ria ter\u00e1 um novo hotel. O empreendimento ficar\u00e1 na \u00e1rea da Infraero, no entorno do Aeroporto de Vit\u00f3ria. O grupo respons\u00e1vel pela constru\u00e7\u00e3o ser\u00e1 o GJP Hot\u00e9is &amp; Resorts, e a previs\u00e3o \u00e9 de que o estabelecimento esteja pronto em outubro do ano que vem. O prazo para constru\u00e7\u00e3o \u00e9 de 20 meses, contados a partir de 1\u00ba de mar\u00e7o de 2013.<\/p>\n<p>O <a title=\"Hot\u00e9is em Vit\u00f3ria\" href=\"http:\/\/www.encontravitoria.com.br\/h\/hoteis-em-vitoria.shtml\" target=\"_blank\">hotel na cidade de Vit\u00f3ria<\/a> ficar\u00e1 na esquina das avenidas Dante Michelini e Adalberto Sim\u00e3o Nader, em uma \u00e1rea que foi licitada pela Infraero. A GJP ganhou a concorr\u00eancia e pagar\u00e1 R$ 30,4 mil por m\u00eas pelo uso de duas \u00e1reas, com pre\u00e7o total de R$ 7.296 milh\u00f5es em 20 anos de concess\u00e3o. O valor do investimento que ser\u00e1 feito para a constru\u00e7\u00e3o do hotel ainda n\u00e3o foi divulgado pela empresa.<\/p>\n<p>Al\u00e9m do terreno de 5 mil m2 que ser\u00e1 ocupado pelo hotel, o grupo GJP ter\u00e1 ainda um espa\u00e7o de 5,58 m2 no balc\u00e3o de atendimento no desembarque do terminal de passageiros do aeroporto.<\/p>\n<p>GJP \u00e9 uma empresa do fundador da CVC, Guilherme Paulos. A CVC \u00e9 a maior empresa brasileira de turismo, respondendo por 60% dos pacotes tur\u00edsticos comercializados no Brasil.<\/p>\n<p>\u201cIsso mostra que o turismo de neg\u00f3cios e eventos continua fortalecido no Estado. Acreditamos tamb\u00e9m no turismo de lazer, at\u00e9 porque o grupo GJP tem uma grande liga\u00e7\u00e3o com a CVC, grupo muito forte na \u00e1rea de viagens\u201d, disse o secret\u00e1rio de Turismo do Estado, Alexandre Passos.<\/p>\n<p>No terreno h\u00e1 ainda espa\u00e7o para a constru\u00e7\u00e3o de um segundo hotel que ainda n\u00e3o foi licitado pela Infraero.<\/p>\n<p>Centro de eventos<\/p>\n<p>Al\u00e9m do hotel, a \u00e1rea da Infraero abrigar\u00e1 o Centro de Eventos de Vit\u00f3ria. O cronograma de obras prev\u00ea que empreendimento seja entregue no in\u00edcio de 2015. As obras v\u00e3o custar em torno de 118 milh\u00f5es. A constru\u00e7\u00e3o ser\u00e1 feita com recursos do Banco Nacional de Desenvolvimento Econ\u00f4mico e Social (BNDES). Toda infraestrutura ser\u00e1 feita pelo governo do Estado, mas a gest\u00e3o ser\u00e1 privada.<\/p>\n<p>\u201cA concess\u00e3o \u00e9 de 40 anos a partir de 2002, \u00e9poca em que foi assinado o primeiro contrato com a Infraero. A previs\u00e3o no cronograma \u00e9 que as obras comecem at\u00e9 o final deste ano e estejam conclu\u00eddas no in\u00edcio de 2015\u201d, explica a gerente de estudos e neg\u00f3cios da Secretaria de Estado de Turismo, \u00c2ngela M\u00f3dolo.<\/p>\n<p>O empreendimento ficar\u00e1 atr\u00e1s do hotel da GJP (para quem observa da Avenida Dante Michelini). Na \u00e1rea tamb\u00e9m ser\u00e1 constru\u00eddo o novo terminal de passageiros. Segundo a Infraero, a proposta \u00e9 facilitar o acesso entre as tr\u00eas constru\u00e7\u00f5es, a fim de dar mais conforto aos passageiros que chegam ao Aeroporto de Vit\u00f3ria.<\/p>\n<p><em>Fonte: A Gazeta<\/em><\/p>\n\n<div style=\"font-size: 0px; height: 0px; line-height: 0px; margin: 0; padding: 0; clear: both;\"><\/div>","protected":false},"excerpt":{"rendered":"<p>Vit\u00f3ria ter\u00e1 um novo hotel. O empreendimento ficar\u00e1 na \u00e1rea da Infraero, no entorno do Aeroporto de Vit\u00f3ria. O grupo respons\u00e1vel pela constru\u00e7\u00e3o ser\u00e1 o GJP Hot\u00e9is &amp; Resorts, e a previs\u00e3o \u00e9 de que o estabelecimento esteja pronto em outubro do ano que vem. O prazo para constru\u00e7\u00e3o \u00e9 de 20 meses, contados a partir de 1\u00ba de mar\u00e7o de 2013. O hotel na cidade de Vit\u00f3ria ficar\u00e1 na esquina das avenidas Dante Michelini e Adalberto Sim\u00e3o Nader, em uma \u00e1rea que foi licitada pela Infraero. A GJP ganhou a concorr\u00eancia e pagar\u00e1 R$ 30,4 mil por m\u00eas pelo <\/p>\n","protected":false},"author":1,"featured_media":0,"comment_status":"open","ping_status":"open","sticky":false,"template":"","format":"standard","meta":{"footnotes":""},"categories":[6],"tags":[11],"class_list":["post-95","post","type-post","status-publish","format-standard","hentry","category-noticias-em-vitoria","tag-vitoria"],"yoast_head":"<!-- This site is optimized with the Yoast SEO plugin v28.2 - https:\/\/yoast.com\/product\/yoast-seo-wordpress\/ -->\n<title>Hotel ser\u00e1 constru\u00eddo na \u00e1rea do aeroporto de Vit\u00f3ria - Encontra Vit\u00f3ria<\/title>\n<meta name=\"robots\" content=\"index, follow, max-snippet:-1, max-image-preview:large, max-video-preview:-1\" \/>\n<link rel=\"canonical\" href=\"https:\/\/www.encontravitoria.com.br\/sobre\/hotel-sera-construido-na-area-do-aeroporto-de-vitoria\/\" \/>\n<meta property=\"og:locale\" content=\"pt_BR\" \/>\n<meta property=\"og:type\" content=\"article\" \/>\n<meta property=\"og:title\" content=\"Hotel ser\u00e1 constru\u00eddo na \u00e1rea do aeroporto de Vit\u00f3ria - Encontra Vit\u00f3ria\" \/>\n<meta property=\"og:description\" content=\"Vit\u00f3ria ter\u00e1 um novo hotel. O empreendimento ficar\u00e1 na \u00e1rea da Infraero, no entorno do Aeroporto de Vit\u00f3ria. O grupo respons\u00e1vel pela constru\u00e7\u00e3o ser\u00e1 o GJP Hot\u00e9is &amp; Resorts, e a previs\u00e3o \u00e9 de que o estabelecimento esteja pronto em outubro do ano que vem. O prazo para constru\u00e7\u00e3o \u00e9 de 20 meses, contados a partir de 1\u00ba de mar\u00e7o de 2013. O hotel na cidade de Vit\u00f3ria ficar\u00e1 na esquina das avenidas Dante Michelini e Adalberto Sim\u00e3o Nader, em uma \u00e1rea que foi licitada pela Infraero. A GJP ganhou a concorr\u00eancia e pagar\u00e1 R$ 30,4 mil por m\u00eas pelo\" \/>\n<meta property=\"og:url\" content=\"https:\/\/www.encontravitoria.com.br\/sobre\/hotel-sera-construido-na-area-do-aeroporto-de-vitoria\/\" \/>\n<meta property=\"og:site_name\" content=\"Encontra Vit\u00f3ria\" \/>\n<meta property=\"article:published_time\" content=\"2013-02-28T00:01:59+00:00\" \/>\n<meta name=\"author\" content=\"Encontra Vit\u00f3ria\" \/>\n<meta name=\"twitter:card\" content=\"summary_large_image\" \/>\n<meta name=\"twitter:label1\" content=\"Escrito por\" \/>\n\t<meta name=\"twitter:data1\" content=\"Encontra Vit\u00f3ria\" \/>\n\t<meta name=\"twitter:label2\" content=\"Est. tempo de leitura\" \/>\n\t<meta name=\"twitter:data2\" content=\"2 minutos\" \/>\n<script type=\"application\/ld+json\" class=\"yoast-schema-graph\">{\"@context\":\"https:\\\/\\\/schema.org\",\"@graph\":[{\"@type\":\"Article\",\"@id\":\"https:\\\/\\\/www.encontravitoria.com.br\\\/sobre\\\/hotel-sera-construido-na-area-do-aeroporto-de-vitoria\\\/#article\",\"isPartOf\":{\"@id\":\"https:\\\/\\\/www.encontravitoria.com.br\\\/sobre\\\/hotel-sera-construido-na-area-do-aeroporto-de-vitoria\\\/\"},\"author\":{\"name\":\"Encontra Vit\u00f3ria\",\"@id\":\"https:\\\/\\\/www.encontravitoria.com.br\\\/sobre\\\/#\\\/schema\\\/person\\\/0f8e5bcc88fbadf1bad57afd504f48a2\"},\"headline\":\"Hotel ser\u00e1 constru\u00eddo na \u00e1rea do aeroporto de Vit\u00f3ria\",\"datePublished\":\"2013-02-28T00:01:59+00:00\",\"mainEntityOfPage\":{\"@id\":\"https:\\\/\\\/www.encontravitoria.com.br\\\/sobre\\\/hotel-sera-construido-na-area-do-aeroporto-de-vitoria\\\/\"},\"wordCount\":479,\"commentCount\":1,\"keywords\":[\"Vit\u00f3ria\"],\"articleSection\":[\"Not\u00edcias Vit\u00f3ria\"],\"inLanguage\":\"pt-BR\",\"potentialAction\":[{\"@type\":\"CommentAction\",\"name\":\"Comment\",\"target\":[\"https:\\\/\\\/www.encontravitoria.com.br\\\/sobre\\\/hotel-sera-construido-na-area-do-aeroporto-de-vitoria\\\/#respond\"]}]},{\"@type\":\"WebPage\",\"@id\":\"https:\\\/\\\/www.encontravitoria.com.br\\\/sobre\\\/hotel-sera-construido-na-area-do-aeroporto-de-vitoria\\\/\",\"url\":\"https:\\\/\\\/www.encontravitoria.com.br\\\/sobre\\\/hotel-sera-construido-na-area-do-aeroporto-de-vitoria\\\/\",\"name\":\"Hotel ser\u00e1 constru\u00eddo na \u00e1rea do aeroporto de Vit\u00f3ria - Encontra Vit\u00f3ria\",\"isPartOf\":{\"@id\":\"https:\\\/\\\/www.encontravitoria.com.br\\\/sobre\\\/#website\"},\"datePublished\":\"2013-02-28T00:01:59+00:00\",\"author\":{\"@id\":\"https:\\\/\\\/www.encontravitoria.com.br\\\/sobre\\\/#\\\/schema\\\/person\\\/0f8e5bcc88fbadf1bad57afd504f48a2\"},\"breadcrumb\":{\"@id\":\"https:\\\/\\\/www.encontravitoria.com.br\\\/sobre\\\/hotel-sera-construido-na-area-do-aeroporto-de-vitoria\\\/#breadcrumb\"},\"inLanguage\":\"pt-BR\",\"potentialAction\":[{\"@type\":\"ReadAction\",\"target\":[\"https:\\\/\\\/www.encontravitoria.com.br\\\/sobre\\\/hotel-sera-construido-na-area-do-aeroporto-de-vitoria\\\/\"]}]},{\"@type\":\"BreadcrumbList\",\"@id\":\"https:\\\/\\\/www.encontravitoria.com.br\\\/sobre\\\/hotel-sera-construido-na-area-do-aeroporto-de-vitoria\\\/#breadcrumb\",\"itemListElement\":[{\"@type\":\"ListItem\",\"position\":1,\"name\":\"In\u00edcio\",\"item\":\"https:\\\/\\\/www.encontravitoria.com.br\\\/sobre\\\/\"},{\"@type\":\"ListItem\",\"position\":2,\"name\":\"Hotel ser\u00e1 constru\u00eddo na \u00e1rea do aeroporto de Vit\u00f3ria\"}]},{\"@type\":\"WebSite\",\"@id\":\"https:\\\/\\\/www.encontravitoria.com.br\\\/sobre\\\/#website\",\"url\":\"https:\\\/\\\/www.encontravitoria.com.br\\\/sobre\\\/\",\"name\":\"Encontra Vit\u00f3ria\",\"description\":\"Not\u00edcias, eventos, informa\u00e7\u00f5es e dicas na cidade Vit\u00f3ria e regi\u00e3o.\",\"potentialAction\":[{\"@type\":\"SearchAction\",\"target\":{\"@type\":\"EntryPoint\",\"urlTemplate\":\"https:\\\/\\\/www.encontravitoria.com.br\\\/sobre\\\/?s={search_term_string}\"},\"query-input\":{\"@type\":\"PropertyValueSpecification\",\"valueRequired\":true,\"valueName\":\"search_term_string\"}}],\"inLanguage\":\"pt-BR\"},{\"@type\":\"Person\",\"@id\":\"https:\\\/\\\/www.encontravitoria.com.br\\\/sobre\\\/#\\\/schema\\\/person\\\/0f8e5bcc88fbadf1bad57afd504f48a2\",\"name\":\"Encontra Vit\u00f3ria\",\"image\":{\"@type\":\"ImageObject\",\"inLanguage\":\"pt-BR\",\"@id\":\"https:\\\/\\\/secure.gravatar.com\\\/avatar\\\/507340682b8270222e1f208e23198b6ae7e2c6a1033ae84e99bc6bce4f82a387?s=96&d=mm&r=g\",\"url\":\"https:\\\/\\\/secure.gravatar.com\\\/avatar\\\/507340682b8270222e1f208e23198b6ae7e2c6a1033ae84e99bc6bce4f82a387?s=96&d=mm&r=g\",\"contentUrl\":\"https:\\\/\\\/secure.gravatar.com\\\/avatar\\\/507340682b8270222e1f208e23198b6ae7e2c6a1033ae84e99bc6bce4f82a387?s=96&d=mm&r=g\",\"caption\":\"Encontra Vit\u00f3ria\"},\"sameAs\":[\"http:\\\/\\\/www.encontravitoria.com.br\"],\"url\":\"https:\\\/\\\/www.encontravitoria.com.br\\\/sobre\\\/author\\\/evitoria\\\/\"}]}<\/script>\n<!-- \/ Yoast SEO plugin. -->","yoast_head_json":{"title":"Hotel ser\u00e1 constru\u00eddo na \u00e1rea do aeroporto de Vit\u00f3ria - Encontra Vit\u00f3ria","robots":{"index":"index","follow":"follow","max-snippet":"max-snippet:-1","max-image-preview":"max-image-preview:large","max-video-preview":"max-video-preview:-1"},"canonical":"https:\/\/www.encontravitoria.com.br\/sobre\/hotel-sera-construido-na-area-do-aeroporto-de-vitoria\/","og_locale":"pt_BR","og_type":"article","og_title":"Hotel ser\u00e1 constru\u00eddo na \u00e1rea do aeroporto de Vit\u00f3ria - Encontra Vit\u00f3ria","og_description":"Vit\u00f3ria ter\u00e1 um novo hotel. O empreendimento ficar\u00e1 na \u00e1rea da Infraero, no entorno do Aeroporto de Vit\u00f3ria. O grupo respons\u00e1vel pela constru\u00e7\u00e3o ser\u00e1 o GJP Hot\u00e9is &amp; Resorts, e a previs\u00e3o \u00e9 de que o estabelecimento esteja pronto em outubro do ano que vem. O prazo para constru\u00e7\u00e3o \u00e9 de 20 meses, contados a partir de 1\u00ba de mar\u00e7o de 2013. O hotel na cidade de Vit\u00f3ria ficar\u00e1 na esquina das avenidas Dante Michelini e Adalberto Sim\u00e3o Nader, em uma \u00e1rea que foi licitada pela Infraero. A GJP ganhou a concorr\u00eancia e pagar\u00e1 R$ 30,4 mil por m\u00eas pelo","og_url":"https:\/\/www.encontravitoria.com.br\/sobre\/hotel-sera-construido-na-area-do-aeroporto-de-vitoria\/","og_site_name":"Encontra Vit\u00f3ria","article_published_time":"2013-02-28T00:01:59+00:00","author":"Encontra Vit\u00f3ria","twitter_card":"summary_large_image","twitter_misc":{"Escrito por":"Encontra Vit\u00f3ria","Est. tempo de leitura":"2 minutos"},"schema":{"@context":"https:\/\/schema.org","@graph":[{"@type":"Article","@id":"https:\/\/www.encontravitoria.com.br\/sobre\/hotel-sera-construido-na-area-do-aeroporto-de-vitoria\/#article","isPartOf":{"@id":"https:\/\/www.encontravitoria.com.br\/sobre\/hotel-sera-construido-na-area-do-aeroporto-de-vitoria\/"},"author":{"name":"Encontra Vit\u00f3ria","@id":"https:\/\/www.encontravitoria.com.br\/sobre\/#\/schema\/person\/0f8e5bcc88fbadf1bad57afd504f48a2"},"headline":"Hotel ser\u00e1 constru\u00eddo na \u00e1rea do aeroporto de Vit\u00f3ria","datePublished":"2013-02-28T00:01:59+00:00","mainEntityOfPage":{"@id":"https:\/\/www.encontravitoria.com.br\/sobre\/hotel-sera-construido-na-area-do-aeroporto-de-vitoria\/"},"wordCount":479,"commentCount":1,"keywords":["Vit\u00f3ria"],"articleSection":["Not\u00edcias Vit\u00f3ria"],"inLanguage":"pt-BR","potentialAction":[{"@type":"CommentAction","name":"Comment","target":["https:\/\/www.encontravitoria.com.br\/sobre\/hotel-sera-construido-na-area-do-aeroporto-de-vitoria\/#respond"]}]},{"@type":"WebPage","@id":"https:\/\/www.encontravitoria.com.br\/sobre\/hotel-sera-construido-na-area-do-aeroporto-de-vitoria\/","url":"https:\/\/www.encontravitoria.com.br\/sobre\/hotel-sera-construido-na-area-do-aeroporto-de-vitoria\/","name":"Hotel ser\u00e1 constru\u00eddo na \u00e1rea do aeroporto de Vit\u00f3ria - Encontra Vit\u00f3ria","isPartOf":{"@id":"https:\/\/www.encontravitoria.com.br\/sobre\/#website"},"datePublished":"2013-02-28T00:01:59+00:00","author":{"@id":"https:\/\/www.encontravitoria.com.br\/sobre\/#\/schema\/person\/0f8e5bcc88fbadf1bad57afd504f48a2"},"breadcrumb":{"@id":"https:\/\/www.encontravitoria.com.br\/sobre\/hotel-sera-construido-na-area-do-aeroporto-de-vitoria\/#breadcrumb"},"inLanguage":"pt-BR","potentialAction":[{"@type":"ReadAction","target":["https:\/\/www.encontravitoria.com.br\/sobre\/hotel-sera-construido-na-area-do-aeroporto-de-vitoria\/"]}]},{"@type":"BreadcrumbList","@id":"https:\/\/www.encontravitoria.com.br\/sobre\/hotel-sera-construido-na-area-do-aeroporto-de-vitoria\/#breadcrumb","itemListElement":[{"@type":"ListItem","position":1,"name":"In\u00edcio","item":"https:\/\/www.encontravitoria.com.br\/sobre\/"},{"@type":"ListItem","position":2,"name":"Hotel ser\u00e1 constru\u00eddo na \u00e1rea do aeroporto de Vit\u00f3ria"}]},{"@type":"WebSite","@id":"https:\/\/www.encontravitoria.com.br\/sobre\/#website","url":"https:\/\/www.encontravitoria.com.br\/sobre\/","name":"Encontra Vit\u00f3ria","description":"Not\u00edcias, eventos, informa\u00e7\u00f5es e dicas na cidade Vit\u00f3ria e regi\u00e3o.","potentialAction":[{"@type":"SearchAction","target":{"@type":"EntryPoint","urlTemplate":"https:\/\/www.encontravitoria.com.br\/sobre\/?s={search_term_string}"},"query-input":{"@type":"PropertyValueSpecification","valueRequired":true,"valueName":"search_term_string"}}],"inLanguage":"pt-BR"},{"@type":"Person","@id":"https:\/\/www.encontravitoria.com.br\/sobre\/#\/schema\/person\/0f8e5bcc88fbadf1bad57afd504f48a2","name":"Encontra Vit\u00f3ria","image":{"@type":"ImageObject","inLanguage":"pt-BR","@id":"https:\/\/secure.gravatar.com\/avatar\/507340682b8270222e1f208e23198b6ae7e2c6a1033ae84e99bc6bce4f82a387?s=96&d=mm&r=g","url":"https:\/\/secure.gravatar.com\/avatar\/507340682b8270222e1f208e23198b6ae7e2c6a1033ae84e99bc6bce4f82a387?s=96&d=mm&r=g","contentUrl":"https:\/\/secure.gravatar.com\/avatar\/507340682b8270222e1f208e23198b6ae7e2c6a1033ae84e99bc6bce4f82a387?s=96&d=mm&r=g","caption":"Encontra Vit\u00f3ria"},"sameAs":["http:\/\/www.encontravitoria.com.br"],"url":"https:\/\/www.encontravitoria.com.br\/sobre\/author\/evitoria\/"}]}},"_links":{"self":[{"href":"https:\/\/www.encontravitoria.com.br\/sobre\/wp-json\/wp\/v2\/posts\/95","targetHints":{"allow":["GET"]}}],"collection":[{"href":"https:\/\/www.encontravitoria.com.br\/sobre\/wp-json\/wp\/v2\/posts"}],"about":[{"href":"https:\/\/www.encontravitoria.com.br\/sobre\/wp-json\/wp\/v2\/types\/post"}],"author":[{"embeddable":true,"href":"https:\/\/www.encontravitoria.com.br\/sobre\/wp-json\/wp\/v2\/users\/1"}],"replies":[{"embeddable":true,"href":"https:\/\/www.encontravitoria.com.br\/sobre\/wp-json\/wp\/v2\/comments?post=95"}],"version-history":[{"count":0,"href":"https:\/\/www.encontravitoria.com.br\/sobre\/wp-json\/wp\/v2\/posts\/95\/revisions"}],"wp:attachment":[{"href":"https:\/\/www.encontravitoria.com.br\/sobre\/wp-json\/wp\/v2\/media?parent=95"}],"wp:term":[{"taxonomy":"category","embeddable":true,"href":"https:\/\/www.encontravitoria.com.br\/sobre\/wp-json\/wp\/v2\/categories?post=95"},{"taxonomy":"post_tag","embeddable":true,"href":"https:\/\/www.encontravitoria.com.br\/sobre\/wp-json\/wp\/v2\/tags?post=95"}],"curies":[{"name":"wp","href":"https:\/\/api.w.org\/{rel}","templated":true}]}}