{"id":998,"date":"2026-01-12T11:47:22","date_gmt":"2026-01-12T11:47:22","guid":{"rendered":"https:\/\/www.encontravitoria.com.br\/sobre\/qualificavix-vitoria-abre-ultima-pre\/"},"modified":"2026-01-12T11:47:22","modified_gmt":"2026-01-12T11:47:22","slug":"qualificavix-vitoria-abre-ultima-pre","status":"publish","type":"post","link":"https:\/\/www.encontravitoria.com.br\/sobre\/qualificavix-vitoria-abre-ultima-pre\/","title":{"rendered":"QualificaVix: Vit\u00f3ria abre \u00faltima pr\u00e9"},"content":{"rendered":"<div class=\"23ed37709e053b55400ee1990aeffe41\" data-index=\"1\" style=\"float: none; margin:0px;\">\n<!-- Anuncio display - global -->\r\n<ins class=\"adsbygoogle\"\r\n     style=\"display:block\"\r\n     data-ad-client=\"ca-pub-8585364105181520\"\r\n     data-ad-slot=\"8789329856\"\r\n     data-ad-format=\"auto\"\r\n     data-full-width-responsive=\"true\"><\/ins>\r\n<script>\r\n     (adsbygoogle = window.adsbygoogle || []).push({});\r\n<\/script>\n<\/div>\n<h2>Objetivo do Curso de Eletricista Industrial<\/h2>\n<p>O curso de Eletricista Industrial oferecido pelo programa <strong>Qualificavix<\/strong> tem como principal objetivo capacitar os participantes para atuarem no setor el\u00e9trico industrial, que \u00e9 um campo em constante crescimento e altamente demandado no mercado de trabalho atual. Ao longo do curso, os alunos aprender\u00e3o sobre instala\u00e7\u00f5es el\u00e9tricas, manuten\u00e7\u00e3o preventiva e corretiva, seguran\u00e7a no trabalho, e a aplica\u00e7\u00e3o de normas e regulamentos que regem a \u00e1rea el\u00e9trica. Al\u00e9m disso, o curso visa n\u00e3o apenas transmitir conhecimento t\u00e9cnico, mas tamb\u00e9m desenvolver habilidades pr\u00e1ticas que s\u00e3o cruciais para a atua\u00e7\u00e3o profissional do eletricista industrial.<\/p>\n<p>\u00c9 vital que os futuros eletricistas estejam preparados para enfrentar os desafios impostos pelas ind\u00fastrias modernas, que requerem profissionais qualificados, capazes de lidar com sistemas el\u00e9tricos complexos e em conformidade com as legisla\u00e7\u00f5es vigentes. O curso, portanto, se dedica a formar profissionais que possam contribuir efetivamente para a seguran\u00e7a e efici\u00eancia das opera\u00e7\u00f5es industriais.<\/p>\n<h2>Detalhes da Inscri\u00e7\u00e3o<\/h2>\n<p>As inscri\u00e7\u00f5es para o curso de Eletricista Industrial s\u00e3o feitas online, atrav\u00e9s do <strong>Portal VixCursos<\/strong>, que oferece um ambiente seguro e acess\u00edvel para todos os interessados. \u00c9 importante que os candidatos se atentem \u00e0s datas espec\u00edficas para a pr\u00e9-inscri\u00e7\u00e3o, que, neste caso, come\u00e7am no dia <strong>19 de dezembro de 2025<\/strong>, \u00e0s 17 horas.<\/p>\n<p><img decoding=\"async\" src=\"https:\/\/www.encontravitoria.com.br\/sobre\/wp-content\/uploads\/2026\/01\/qualificavix-vitoria-abre-ultima-pre.webp\" alt=\"QualificaVix\" loading=\"lazy\" \/><\/p>\n<p>O sistema de inscri\u00e7\u00e3o \u00e9 intuitivo, permitindo que os candidatos preencham seus dados de forma r\u00e1pida e eficiente. Al\u00e9m disso, \u00e9 essencial guardar o comprovante de inscri\u00e7\u00e3o, pois ele \u00e9 requerido durante o processo de matr\u00edcula e para futuras refer\u00eancias. A Prefeitura de Vit\u00f3ria, por meio do programa <strong>Qualificavix<\/strong>, refor\u00e7a a import\u00e2ncia da transpar\u00eancia nesse processo, garantindo que todos tenham acesso igualit\u00e1rio \u00e0s oportunidades oferecidas.<\/p>\n<h2>Carga Hor\u00e1ria do Curso<\/h2>\n<p>O curso de Eletricista Industrial possui uma carga hor\u00e1ria total de <strong>328 horas<\/strong>. Este formato contempla uma aprendizagem abrangente, que inclui aulas te\u00f3ricas e pr\u00e1ticas, permitindo que os alunos desenvolvam uma base s\u00f3lida de conhecimento, assim como as habilidades necess\u00e1rias para a aplica\u00e7\u00e3o pr\u00e1tica do que foi ensinado.<\/p>\n<p>As aulas acontecem em per\u00edodo integral, garantindo que os participantes se dediquem exclusivamente ao aprendizado. Essa abordagem intensiva \u00e9 estrat\u00e9gica para que os alunos assimilem r\u00e1pido os conte\u00fados e estejam aptos a ingressar no mercado de trabalho com a forma\u00e7\u00e3o completa. Al\u00e9m disso, a carga hor\u00e1ria \u00e9 bem distribu\u00edda entre teoria e pr\u00e1tica, o que proporciona uma experi\u00eancia de aprendizado mais rica e eficaz.<\/p>\n<h2>Data e Per\u00edodo das Aulas<\/h2>\n<p>As aulas do curso de Eletricista Industrial est\u00e3o programadas para ocorrer entre os dias <strong>12 de janeiro e 19 de mar\u00e7o de 2026<\/strong>. As aulas ser\u00e3o realizadas de segunda a sexta-feira, das <strong>8h \u00e0s 12h<\/strong> e das <strong>13h \u00e0s 17h<\/strong>, o que implica uma oferta de educa\u00e7\u00e3o em tempo integral. Este formato \u00e9 ideal para que os alunos possam se concentrar e maximizar seu aprendizado ao longo do curso.<\/p>\n<p>O planejamento das datas e do per\u00edodo das aulas \u00e9 realizado de forma a assegurar que os alunos tenham tempo suficiente para absorver os conte\u00fados e praticar as habilidades que desenvolver\u00e3o. A estrutura das aulas contempla uma variedade de m\u00e9todos de ensino, incluindo aulas expositivas, trabalhos em grupo, e exerc\u00edcios pr\u00e1ticos, fundamentais para a forma\u00e7\u00e3o de profissionais competentes.<\/p>\n<h2>Vagas Dispon\u00edveis<\/h2>\n<p>Para esta edi\u00e7\u00e3o do curso de Eletricista Industrial, est\u00e3o dispon\u00edveis <strong>22 vagas<\/strong>. Essa limita\u00e7\u00e3o no n\u00famero de participantes \u00e9 intencional, pois a proposta \u00e9 garantir um atendimento mais personalizado e de qualidade. Com um n\u00famero reduzido de alunos, os instrutores podem oferecer um acompanhamento mais pr\u00f3ximo e individualizado, apoiando cada estudante na sua jornada de aprendizado.<\/p>\n<p>A sele\u00e7\u00e3o dos candidatos ser\u00e1 feita conforme a ordem de inscri\u00e7\u00e3o e, portanto, \u00e9 aconselh\u00e1vel que os interessados fiquem atentos ao per\u00edodo de pr\u00e9-inscri\u00e7\u00e3o. Essa estrat\u00e9gia busca n\u00e3o apenas otimizar o processo de aprendizado, mas tamb\u00e9m fortalecer a comunidade de profissionais na \u00e1rea el\u00e9trica, criando um ambiente colaborativo e de crescimento m\u00fatuo.<\/p>\n<h2>Requisitos para Participa\u00e7\u00e3o<\/h2>\n<p>Para se inscrever no curso de Eletricista Industrial, \u00e9 necess\u00e1rio atender a alguns requisitos b\u00e1sicos. O candidato deve ter completado, no m\u00ednimo, <strong>9\u00ba ano do Ensino Fundamental<\/strong> (equivalente \u00e0 8\u00aa s\u00e9rie). Al\u00e9m disso, \u00e9 preciso ter pelo menos <strong>18 anos<\/strong> na data da inscri\u00e7\u00e3o. Esses crit\u00e9rios s\u00e3o estabelecidos para assegurar que todos os alunos possuam uma base educacional que lhes permita acompanhar o conte\u00fado do curso.<\/p>\n<p>Cumprir esses requisitos \u00e9 essencial para que os alunos possam n\u00e3o apenas absorver os ensinamentos, mas tamb\u00e9m interagir de forma significativa com os instrutores e colegas de classe. O programa busca assegurar que cada participante tenha as condi\u00e7\u00f5es necess\u00e1rias para ter um desempenho exitoso durante todo o curso.<\/p>\n<h2>Import\u00e2ncia da Qualifica\u00e7\u00e3o Profissional<\/h2>\n<p>A qualifica\u00e7\u00e3o profissional \u00e9 um fator fundamental na atualidade, especialmente em \u00e1reas t\u00e9cnicas como a el\u00e9trica industrial. O aprendizado adquirido por meio do curso de Eletricista Industrial proporciona aos participantes n\u00e3o apenas habilidades pr\u00e1ticas, mas tamb\u00e9m um diferencial competitivo no mercado de trabalho. Os dados mostram que a demanda por profissionais qualificados na \u00e1rea el\u00e9trica tem crescido, especialmente com o avan\u00e7o tecnol\u00f3gico e a exig\u00eancia de trabalhos cada vez mais especializados.<\/p>\n<p>Um profissional qualificado \u00e9 mais valorizado e tem maiores chances de conseguir emprego em empresas que buscam atender aos padr\u00f5es de seguran\u00e7a e regulamenta\u00e7\u00f5es do setor. Al\u00e9m disso, essa qualifica\u00e7\u00e3o pode resultar em melhores sal\u00e1rios e oportunidades de crescimento na carreira dentro das empresas, estimulando uma vis\u00e3o de futuro cada vez mais promissora para os novos eletricistas.<\/p>\n<h2>Apoio da Prefeitura de Vit\u00f3ria<\/h2>\n<p>A Prefeitura de Vit\u00f3ria, por meio do programa <strong>Qualificavix<\/strong>, demonstra seu compromisso com a qualifica\u00e7\u00e3o profissional e a inser\u00e7\u00e3o no mercado de trabalho. Com iniciativas como essa, a gest\u00e3o municipal busca promover a educa\u00e7\u00e3o e capacita\u00e7\u00e3o de sua popula\u00e7\u00e3o, abrindo portas para novas oportunidades. O apoio da prefeitura \u00e9 crucial, pois proporciona n\u00e3o apenas a disponibiliza\u00e7\u00e3o do curso, mas tamb\u00e9m a estrutura necess\u00e1ria para um aprendizado de qualidade.<\/p>\n<p>As a\u00e7\u00f5es da prefeitura v\u00e3o al\u00e9m das aulas, incluindo parcerias com ind\u00fastrias locais que podem auxiliar na inser\u00e7\u00e3o dos alunos no mercado ap\u00f3s a conclus\u00e3o do curso. Essa conex\u00e3o com o setor produtivo \u00e9 essencial para garantir que as habilidades aprendidas sejam utilizadas de forma pr\u00e1tica e eficaz, beneficiando tanto os alunos quanto a comunidade em geral.<\/p>\n<h2>Conex\u00f5es com o Mercado de Trabalho<\/h2>\n<p>O programa <strong>Qualificavix<\/strong> se destaca n\u00e3o apenas pela forma\u00e7\u00e3o te\u00f3rica, mas tamb\u00e9m pela cria\u00e7\u00e3o de la\u00e7os com o mercado de trabalho. Durante o curso, os alunos t\u00eam a oportunidade de participar de visitas t\u00e9cnicas, palestras e at\u00e9 mesmo est\u00e1gios que podem facilitar sua transi\u00e7\u00e3o para o mercado. Essas experi\u00eancias pr\u00e1ticas s\u00e3o valiosas, pois permitem que os alunos conhe\u00e7am melhor a realidade do setor e criem uma rede de contatos que poder\u00e1 ser \u00fatil na busca por emprego.<\/p>\n<p>Al\u00e9m disso, as empresas frequentemente est\u00e3o atentas a cursos como o de Eletricista Industrial, que garantem uma forma\u00e7\u00e3o mais adequada para o que elas precisam. Essa conex\u00e3o direta entre a forma\u00e7\u00e3o e o mercado \u00e9 um dos principais objetivos do programa, propiciando uma prepara\u00e7\u00e3o que vai al\u00e9m do conte\u00fado cl\u00e1ssico, e se aprofunda nas necessidades reais das ind\u00fastrias.<\/p>\n<h2>Feedback de Alunos Anteriores<\/h2>\n<p>O feedback de alunos que j\u00e1 passaram pelo curso de Eletricista Industrial \u00e9 um reflexo da qualidade e relev\u00e2ncia do programa. Muitos deles relatam experi\u00eancias positivas, destacando a import\u00e2ncia do conhecimento adquirido e a aplica\u00e7\u00e3o pr\u00e1tica durante as aulas. As hist\u00f3rias de sucesso s\u00e3o diversas, com ex-alunos que conseguiram empregos em empresas renomadas, ap\u00f3s utilizar as habilidades e conhecimento desenvolvidos durante o curso.<\/p>\n<p>Al\u00e9m disso, os alunos frequentemente mencionam o suporte e a dedica\u00e7\u00e3o dos instrutores, que se comprometem n\u00e3o apenas com a forma\u00e7\u00e3o t\u00e9cnica, mas tamb\u00e9m com a constru\u00e7\u00e3o de um ambiente de aprendizado acolhedor. Essa experi\u00eancia positiva contribui para um aprendizado mais eficaz e para a motiva\u00e7\u00e3o dos alunos durante o per\u00edodo do curso. Estudos de caso e exemplos pr\u00e1ticos aplicados em sala enriquecem ainda mais a viv\u00eancia dos alunos, preparando-os para os desafios da profiss\u00e3o.<\/p>\n\n<div style=\"font-size: 0px; height: 0px; line-height: 0px; margin: 0; padding: 0; clear: both;\"><\/div>","protected":false},"excerpt":{"rendered":"<p>QualificaVix oferece \u00faltima pr\u00e9-inscri\u00e7\u00e3o de 2025 para curso de eletricista industrial.<\/p>\n","protected":false},"author":1,"featured_media":997,"comment_status":"open","ping_status":"closed","sticky":false,"template":"","format":"standard","meta":{"footnotes":""},"categories":[6],"tags":[],"class_list":["post-998","post","type-post","status-publish","format-standard","has-post-thumbnail","hentry","category-noticias-em-vitoria","has_thumb"],"yoast_head":"<!-- This site is optimized with the Yoast SEO plugin v28.2 - https:\/\/yoast.com\/product\/yoast-seo-wordpress\/ -->\n<title>QualificaVix: Vit\u00f3ria abre \u00faltima pr\u00e9 - Encontra Vit\u00f3ria<\/title>\n<meta name=\"robots\" content=\"index, follow, max-snippet:-1, max-image-preview:large, max-video-preview:-1\" \/>\n<link rel=\"canonical\" href=\"https:\/\/www.encontravitoria.com.br\/sobre\/qualificavix-vitoria-abre-ultima-pre\/\" \/>\n<meta property=\"og:locale\" content=\"pt_BR\" \/>\n<meta property=\"og:type\" content=\"article\" \/>\n<meta property=\"og:title\" content=\"QualificaVix: Vit\u00f3ria abre \u00faltima pr\u00e9 - Encontra Vit\u00f3ria\" \/>\n<meta property=\"og:description\" content=\"QualificaVix oferece \u00faltima pr\u00e9-inscri\u00e7\u00e3o de 2025 para curso de eletricista industrial.\" \/>\n<meta property=\"og:url\" content=\"https:\/\/www.encontravitoria.com.br\/sobre\/qualificavix-vitoria-abre-ultima-pre\/\" \/>\n<meta property=\"og:site_name\" content=\"Encontra Vit\u00f3ria\" \/>\n<meta property=\"article:published_time\" content=\"2026-01-12T11:47:22+00:00\" \/>\n<meta property=\"og:image\" content=\"https:\/\/www.encontravitoria.com.br\/sobre\/wp-content\/uploads\/2026\/01\/qualificavix-vitoria-abre-ultima-pre.webp\" \/>\n<meta name=\"author\" content=\"Encontra Vit\u00f3ria\" \/>\n<meta name=\"twitter:card\" content=\"summary_large_image\" \/>\n<meta name=\"twitter:label1\" content=\"Escrito por\" \/>\n\t<meta name=\"twitter:data1\" content=\"Encontra Vit\u00f3ria\" \/>\n\t<meta name=\"twitter:label2\" content=\"Est. tempo de leitura\" \/>\n\t<meta name=\"twitter:data2\" content=\"7 minutos\" \/>\n<script type=\"application\/ld+json\" class=\"yoast-schema-graph\">{\"@context\":\"https:\\\/\\\/schema.org\",\"@graph\":[{\"@type\":\"Article\",\"@id\":\"https:\\\/\\\/www.encontravitoria.com.br\\\/sobre\\\/qualificavix-vitoria-abre-ultima-pre\\\/#article\",\"isPartOf\":{\"@id\":\"https:\\\/\\\/www.encontravitoria.com.br\\\/sobre\\\/qualificavix-vitoria-abre-ultima-pre\\\/\"},\"author\":{\"name\":\"Encontra Vit\u00f3ria\",\"@id\":\"https:\\\/\\\/www.encontravitoria.com.br\\\/sobre\\\/#\\\/schema\\\/person\\\/0f8e5bcc88fbadf1bad57afd504f48a2\"},\"headline\":\"QualificaVix: Vit\u00f3ria abre \u00faltima pr\u00e9\",\"datePublished\":\"2026-01-12T11:47:22+00:00\",\"mainEntityOfPage\":{\"@id\":\"https:\\\/\\\/www.encontravitoria.com.br\\\/sobre\\\/qualificavix-vitoria-abre-ultima-pre\\\/\"},\"wordCount\":1454,\"commentCount\":0,\"image\":{\"@id\":\"https:\\\/\\\/www.encontravitoria.com.br\\\/sobre\\\/qualificavix-vitoria-abre-ultima-pre\\\/#primaryimage\"},\"thumbnailUrl\":\"https:\\\/\\\/www.encontravitoria.com.br\\\/sobre\\\/wp-content\\\/uploads\\\/2026\\\/01\\\/qualificavix-vitoria-abre-ultima-pre.webp\",\"articleSection\":[\"Not\u00edcias Vit\u00f3ria\"],\"inLanguage\":\"pt-BR\",\"potentialAction\":[{\"@type\":\"CommentAction\",\"name\":\"Comment\",\"target\":[\"https:\\\/\\\/www.encontravitoria.com.br\\\/sobre\\\/qualificavix-vitoria-abre-ultima-pre\\\/#respond\"]}]},{\"@type\":\"WebPage\",\"@id\":\"https:\\\/\\\/www.encontravitoria.com.br\\\/sobre\\\/qualificavix-vitoria-abre-ultima-pre\\\/\",\"url\":\"https:\\\/\\\/www.encontravitoria.com.br\\\/sobre\\\/qualificavix-vitoria-abre-ultima-pre\\\/\",\"name\":\"QualificaVix: Vit\u00f3ria abre \u00faltima pr\u00e9 - Encontra Vit\u00f3ria\",\"isPartOf\":{\"@id\":\"https:\\\/\\\/www.encontravitoria.com.br\\\/sobre\\\/#website\"},\"primaryImageOfPage\":{\"@id\":\"https:\\\/\\\/www.encontravitoria.com.br\\\/sobre\\\/qualificavix-vitoria-abre-ultima-pre\\\/#primaryimage\"},\"image\":{\"@id\":\"https:\\\/\\\/www.encontravitoria.com.br\\\/sobre\\\/qualificavix-vitoria-abre-ultima-pre\\\/#primaryimage\"},\"thumbnailUrl\":\"https:\\\/\\\/www.encontravitoria.com.br\\\/sobre\\\/wp-content\\\/uploads\\\/2026\\\/01\\\/qualificavix-vitoria-abre-ultima-pre.webp\",\"datePublished\":\"2026-01-12T11:47:22+00:00\",\"author\":{\"@id\":\"https:\\\/\\\/www.encontravitoria.com.br\\\/sobre\\\/#\\\/schema\\\/person\\\/0f8e5bcc88fbadf1bad57afd504f48a2\"},\"breadcrumb\":{\"@id\":\"https:\\\/\\\/www.encontravitoria.com.br\\\/sobre\\\/qualificavix-vitoria-abre-ultima-pre\\\/#breadcrumb\"},\"inLanguage\":\"pt-BR\",\"potentialAction\":[{\"@type\":\"ReadAction\",\"target\":[\"https:\\\/\\\/www.encontravitoria.com.br\\\/sobre\\\/qualificavix-vitoria-abre-ultima-pre\\\/\"]}]},{\"@type\":\"ImageObject\",\"inLanguage\":\"pt-BR\",\"@id\":\"https:\\\/\\\/www.encontravitoria.com.br\\\/sobre\\\/qualificavix-vitoria-abre-ultima-pre\\\/#primaryimage\",\"url\":\"https:\\\/\\\/www.encontravitoria.com.br\\\/sobre\\\/wp-content\\\/uploads\\\/2026\\\/01\\\/qualificavix-vitoria-abre-ultima-pre.webp\",\"contentUrl\":\"https:\\\/\\\/www.encontravitoria.com.br\\\/sobre\\\/wp-content\\\/uploads\\\/2026\\\/01\\\/qualificavix-vitoria-abre-ultima-pre.webp\",\"width\":320,\"height\":280,\"caption\":\"QualificaVix\"},{\"@type\":\"BreadcrumbList\",\"@id\":\"https:\\\/\\\/www.encontravitoria.com.br\\\/sobre\\\/qualificavix-vitoria-abre-ultima-pre\\\/#breadcrumb\",\"itemListElement\":[{\"@type\":\"ListItem\",\"position\":1,\"name\":\"In\u00edcio\",\"item\":\"https:\\\/\\\/www.encontravitoria.com.br\\\/sobre\\\/\"},{\"@type\":\"ListItem\",\"position\":2,\"name\":\"QualificaVix: Vit\u00f3ria abre \u00faltima pr\u00e9\"}]},{\"@type\":\"WebSite\",\"@id\":\"https:\\\/\\\/www.encontravitoria.com.br\\\/sobre\\\/#website\",\"url\":\"https:\\\/\\\/www.encontravitoria.com.br\\\/sobre\\\/\",\"name\":\"Encontra Vit\u00f3ria\",\"description\":\"Not\u00edcias, eventos, informa\u00e7\u00f5es e dicas na cidade Vit\u00f3ria e regi\u00e3o.\",\"potentialAction\":[{\"@type\":\"SearchAction\",\"target\":{\"@type\":\"EntryPoint\",\"urlTemplate\":\"https:\\\/\\\/www.encontravitoria.com.br\\\/sobre\\\/?s={search_term_string}\"},\"query-input\":{\"@type\":\"PropertyValueSpecification\",\"valueRequired\":true,\"valueName\":\"search_term_string\"}}],\"inLanguage\":\"pt-BR\"},{\"@type\":\"Person\",\"@id\":\"https:\\\/\\\/www.encontravitoria.com.br\\\/sobre\\\/#\\\/schema\\\/person\\\/0f8e5bcc88fbadf1bad57afd504f48a2\",\"name\":\"Encontra Vit\u00f3ria\",\"image\":{\"@type\":\"ImageObject\",\"inLanguage\":\"pt-BR\",\"@id\":\"https:\\\/\\\/secure.gravatar.com\\\/avatar\\\/507340682b8270222e1f208e23198b6ae7e2c6a1033ae84e99bc6bce4f82a387?s=96&d=mm&r=g\",\"url\":\"https:\\\/\\\/secure.gravatar.com\\\/avatar\\\/507340682b8270222e1f208e23198b6ae7e2c6a1033ae84e99bc6bce4f82a387?s=96&d=mm&r=g\",\"contentUrl\":\"https:\\\/\\\/secure.gravatar.com\\\/avatar\\\/507340682b8270222e1f208e23198b6ae7e2c6a1033ae84e99bc6bce4f82a387?s=96&d=mm&r=g\",\"caption\":\"Encontra Vit\u00f3ria\"},\"sameAs\":[\"http:\\\/\\\/www.encontravitoria.com.br\"],\"url\":\"https:\\\/\\\/www.encontravitoria.com.br\\\/sobre\\\/author\\\/evitoria\\\/\"}]}<\/script>\n<!-- \/ Yoast SEO plugin. -->","yoast_head_json":{"title":"QualificaVix: Vit\u00f3ria abre \u00faltima pr\u00e9 - Encontra Vit\u00f3ria","robots":{"index":"index","follow":"follow","max-snippet":"max-snippet:-1","max-image-preview":"max-image-preview:large","max-video-preview":"max-video-preview:-1"},"canonical":"https:\/\/www.encontravitoria.com.br\/sobre\/qualificavix-vitoria-abre-ultima-pre\/","og_locale":"pt_BR","og_type":"article","og_title":"QualificaVix: Vit\u00f3ria abre \u00faltima pr\u00e9 - Encontra Vit\u00f3ria","og_description":"QualificaVix oferece \u00faltima pr\u00e9-inscri\u00e7\u00e3o de 2025 para curso de eletricista industrial.","og_url":"https:\/\/www.encontravitoria.com.br\/sobre\/qualificavix-vitoria-abre-ultima-pre\/","og_site_name":"Encontra Vit\u00f3ria","article_published_time":"2026-01-12T11:47:22+00:00","og_image":[{"url":"https:\/\/www.encontravitoria.com.br\/sobre\/wp-content\/uploads\/2026\/01\/qualificavix-vitoria-abre-ultima-pre.webp","type":"","width":"","height":""}],"author":"Encontra Vit\u00f3ria","twitter_card":"summary_large_image","twitter_misc":{"Escrito por":"Encontra Vit\u00f3ria","Est. tempo de leitura":"7 minutos"},"schema":{"@context":"https:\/\/schema.org","@graph":[{"@type":"Article","@id":"https:\/\/www.encontravitoria.com.br\/sobre\/qualificavix-vitoria-abre-ultima-pre\/#article","isPartOf":{"@id":"https:\/\/www.encontravitoria.com.br\/sobre\/qualificavix-vitoria-abre-ultima-pre\/"},"author":{"name":"Encontra Vit\u00f3ria","@id":"https:\/\/www.encontravitoria.com.br\/sobre\/#\/schema\/person\/0f8e5bcc88fbadf1bad57afd504f48a2"},"headline":"QualificaVix: Vit\u00f3ria abre \u00faltima pr\u00e9","datePublished":"2026-01-12T11:47:22+00:00","mainEntityOfPage":{"@id":"https:\/\/www.encontravitoria.com.br\/sobre\/qualificavix-vitoria-abre-ultima-pre\/"},"wordCount":1454,"commentCount":0,"image":{"@id":"https:\/\/www.encontravitoria.com.br\/sobre\/qualificavix-vitoria-abre-ultima-pre\/#primaryimage"},"thumbnailUrl":"https:\/\/www.encontravitoria.com.br\/sobre\/wp-content\/uploads\/2026\/01\/qualificavix-vitoria-abre-ultima-pre.webp","articleSection":["Not\u00edcias Vit\u00f3ria"],"inLanguage":"pt-BR","potentialAction":[{"@type":"CommentAction","name":"Comment","target":["https:\/\/www.encontravitoria.com.br\/sobre\/qualificavix-vitoria-abre-ultima-pre\/#respond"]}]},{"@type":"WebPage","@id":"https:\/\/www.encontravitoria.com.br\/sobre\/qualificavix-vitoria-abre-ultima-pre\/","url":"https:\/\/www.encontravitoria.com.br\/sobre\/qualificavix-vitoria-abre-ultima-pre\/","name":"QualificaVix: Vit\u00f3ria abre \u00faltima pr\u00e9 - Encontra Vit\u00f3ria","isPartOf":{"@id":"https:\/\/www.encontravitoria.com.br\/sobre\/#website"},"primaryImageOfPage":{"@id":"https:\/\/www.encontravitoria.com.br\/sobre\/qualificavix-vitoria-abre-ultima-pre\/#primaryimage"},"image":{"@id":"https:\/\/www.encontravitoria.com.br\/sobre\/qualificavix-vitoria-abre-ultima-pre\/#primaryimage"},"thumbnailUrl":"https:\/\/www.encontravitoria.com.br\/sobre\/wp-content\/uploads\/2026\/01\/qualificavix-vitoria-abre-ultima-pre.webp","datePublished":"2026-01-12T11:47:22+00:00","author":{"@id":"https:\/\/www.encontravitoria.com.br\/sobre\/#\/schema\/person\/0f8e5bcc88fbadf1bad57afd504f48a2"},"breadcrumb":{"@id":"https:\/\/www.encontravitoria.com.br\/sobre\/qualificavix-vitoria-abre-ultima-pre\/#breadcrumb"},"inLanguage":"pt-BR","potentialAction":[{"@type":"ReadAction","target":["https:\/\/www.encontravitoria.com.br\/sobre\/qualificavix-vitoria-abre-ultima-pre\/"]}]},{"@type":"ImageObject","inLanguage":"pt-BR","@id":"https:\/\/www.encontravitoria.com.br\/sobre\/qualificavix-vitoria-abre-ultima-pre\/#primaryimage","url":"https:\/\/www.encontravitoria.com.br\/sobre\/wp-content\/uploads\/2026\/01\/qualificavix-vitoria-abre-ultima-pre.webp","contentUrl":"https:\/\/www.encontravitoria.com.br\/sobre\/wp-content\/uploads\/2026\/01\/qualificavix-vitoria-abre-ultima-pre.webp","width":320,"height":280,"caption":"QualificaVix"},{"@type":"BreadcrumbList","@id":"https:\/\/www.encontravitoria.com.br\/sobre\/qualificavix-vitoria-abre-ultima-pre\/#breadcrumb","itemListElement":[{"@type":"ListItem","position":1,"name":"In\u00edcio","item":"https:\/\/www.encontravitoria.com.br\/sobre\/"},{"@type":"ListItem","position":2,"name":"QualificaVix: Vit\u00f3ria abre \u00faltima pr\u00e9"}]},{"@type":"WebSite","@id":"https:\/\/www.encontravitoria.com.br\/sobre\/#website","url":"https:\/\/www.encontravitoria.com.br\/sobre\/","name":"Encontra Vit\u00f3ria","description":"Not\u00edcias, eventos, informa\u00e7\u00f5es e dicas na cidade Vit\u00f3ria e regi\u00e3o.","potentialAction":[{"@type":"SearchAction","target":{"@type":"EntryPoint","urlTemplate":"https:\/\/www.encontravitoria.com.br\/sobre\/?s={search_term_string}"},"query-input":{"@type":"PropertyValueSpecification","valueRequired":true,"valueName":"search_term_string"}}],"inLanguage":"pt-BR"},{"@type":"Person","@id":"https:\/\/www.encontravitoria.com.br\/sobre\/#\/schema\/person\/0f8e5bcc88fbadf1bad57afd504f48a2","name":"Encontra Vit\u00f3ria","image":{"@type":"ImageObject","inLanguage":"pt-BR","@id":"https:\/\/secure.gravatar.com\/avatar\/507340682b8270222e1f208e23198b6ae7e2c6a1033ae84e99bc6bce4f82a387?s=96&d=mm&r=g","url":"https:\/\/secure.gravatar.com\/avatar\/507340682b8270222e1f208e23198b6ae7e2c6a1033ae84e99bc6bce4f82a387?s=96&d=mm&r=g","contentUrl":"https:\/\/secure.gravatar.com\/avatar\/507340682b8270222e1f208e23198b6ae7e2c6a1033ae84e99bc6bce4f82a387?s=96&d=mm&r=g","caption":"Encontra Vit\u00f3ria"},"sameAs":["http:\/\/www.encontravitoria.com.br"],"url":"https:\/\/www.encontravitoria.com.br\/sobre\/author\/evitoria\/"}]}},"_links":{"self":[{"href":"https:\/\/www.encontravitoria.com.br\/sobre\/wp-json\/wp\/v2\/posts\/998","targetHints":{"allow":["GET"]}}],"collection":[{"href":"https:\/\/www.encontravitoria.com.br\/sobre\/wp-json\/wp\/v2\/posts"}],"about":[{"href":"https:\/\/www.encontravitoria.com.br\/sobre\/wp-json\/wp\/v2\/types\/post"}],"author":[{"embeddable":true,"href":"https:\/\/www.encontravitoria.com.br\/sobre\/wp-json\/wp\/v2\/users\/1"}],"replies":[{"embeddable":true,"href":"https:\/\/www.encontravitoria.com.br\/sobre\/wp-json\/wp\/v2\/comments?post=998"}],"version-history":[{"count":0,"href":"https:\/\/www.encontravitoria.com.br\/sobre\/wp-json\/wp\/v2\/posts\/998\/revisions"}],"wp:featuredmedia":[{"embeddable":true,"href":"https:\/\/www.encontravitoria.com.br\/sobre\/wp-json\/wp\/v2\/media\/997"}],"wp:attachment":[{"href":"https:\/\/www.encontravitoria.com.br\/sobre\/wp-json\/wp\/v2\/media?parent=998"}],"wp:term":[{"taxonomy":"category","embeddable":true,"href":"https:\/\/www.encontravitoria.com.br\/sobre\/wp-json\/wp\/v2\/categories?post=998"},{"taxonomy":"post_tag","embeddable":true,"href":"https:\/\/www.encontravitoria.com.br\/sobre\/wp-json\/wp\/v2\/tags?post=998"}],"curies":[{"name":"wp","href":"https:\/\/api.w.org\/{rel}","templated":true}]}}